{"id":1004,"date":"2012-07-14T23:47:30","date_gmt":"2012-07-14T22:47:30","guid":{"rendered":"https:\/\/bruxelles-pantheres.be\/?p=1004"},"modified":"2013-11-11T23:50:34","modified_gmt":"2013-11-11T22:50:34","slug":"decoloniser-leurope","status":"publish","type":"post","link":"https:\/\/bruxelles-pantheres.be\/?p=1004","title":{"rendered":"\u00ab D\u00e9coloniser l\u2019Europe \u00bb"},"content":{"rendered":"<p><span style=\"color: #ce1126; font-family: Verdana; font-size: small;\"><strong>par Houria Bouteldja, porte parole du PIR<\/strong><\/span><\/p>\n<p align=\"justify\"><img decoding=\"async\" class=\"alignright\" title=\"arton1668-170x300\" alt=\"\" src=\"http:\/\/www.egalite.be\/wp-content\/uploads\/2012\/06\/arton1668-170x300.jpg\" width=\"170\" height=\"300\" \/>Cela fait plusieurs ann\u00e9es que notre organisation, consciente de l\u2019enjeu politique immense que constitue l\u2019espace politique europ\u00e9en, s\u2019est investie dans la construction de liens militants \u00e0 l\u2019\u00e9chelle europ\u00e9enne. Gr\u00e2ce \u00e0 ces efforts et \u00e0 ceux de militants de diff\u00e9rents pays d\u2019Europe il a \u00e9t\u00e9 possible d\u2019organiser avec succ\u00e8s cette Premi\u00e8re conf\u00e9rence du r\u00e9seau d\u00e9colonial europ\u00e9en qui s\u2019est tenue les 10 et 11 mai 2012 \u00e0 l\u2019Universit\u00e9 Complutense de Madrid. Ci-dessous, nous publions l\u2019intervention de Houria Bouteldja, porte-parole du PIR,en cl\u00f4ture de la premi\u00e8re journ\u00e9e de d\u00e9bats, consacr\u00e9e \u00e0 d\u00e9finir la perspective d\u00e9coloniale.<\/p>\n<p align=\"justify\">\n<p align=\"justify\"><!--more--><\/p>\n<p align=\"justify\">Je dois commencer par faire un aveu\u00a0: je ne sais pas ce que signifie \u00ab\u00a0<em>D\u00e9coloniser l\u2019Europe<\/em>\u00a0\u00bb. Ou plut\u00f4t, j\u2019ai peur de le savoir. Je crains que cela ne signifie\u00a0: changement de mod\u00e8le de civilisation. C\u2019est un projet \u00e0 inventer. C\u2019est un chantier titanesque. Tout reste \u00e0 construire.<\/p>\n<p align=\"justify\">Ce projet est un projet politique avant tout. Or\u00a0:<\/p>\n<p align=\"justify\"><img decoding=\"async\" alt=\"-\" src=\"http:\/\/www.indigenes-republique.fr\/puce.gif\" \/>\u00a0\u00a0 Il n\u2019existe que tr\u00e8s peu de mouvements d\u00e9coloniaux en Europe. Les populations issues de l\u2019empire colonial, vivant les discriminations en Europe et, par cons\u00e9quent, les plus qualifi\u00e9es pour mener \u00e0 bien ce projet, ne sont pas organis\u00e9es de mani\u00e8re puissante et autonome.<\/p>\n<p align=\"justify\"><img decoding=\"async\" alt=\"-\" src=\"http:\/\/www.indigenes-republique.fr\/puce.gif\" \/>\u00a0\u00a0 Le champ politique europ\u00e9en est structur\u00e9 autour du clivage de classe. Cela signifie que nos alli\u00e9s n\u2019existent pas encore. Il existe des minorit\u00e9s politiques sensibles \u00e0 notre discours mais elles sont marginales.<\/p>\n<p align=\"justify\">Premi\u00e8re question\u00a0: Qu\u2019est-ce qu\u2019\u00eatre d\u00e9colonial\u00a0?<\/p>\n<p align=\"justify\">1. Avant toute chose, est d\u00e9colonial celui ou celle qui a vaincu la fascination pour l\u2019homme blanc, pour la civilisation occidentale.<\/p>\n<p align=\"justify\">Je vous donne quelques exemples\u00a0:<\/p>\n<p align=\"justify\"><img decoding=\"async\" alt=\"-\" src=\"http:\/\/www.indigenes-republique.fr\/puce.gif\" \/>\u00a0\u00a0 Mohamed Ali. Souvenez-vous de son commentaire lorsque les journalistes am\u00e9ricains lui demandent pourquoi il refuse de s\u2019engager dans la guerre du Vi\u00eat-Nam. Il r\u00e9pond\u00a0: \u00ab\u00a0<em>Aucun Vietnamien ne m\u2019a jamais trait\u00e9 de sale n\u00e8gre<\/em>\u00a0\u00bb. Souvenez-vous encore lorsque lors d\u2019une \u00e9mission t\u00e9l\u00e9, l\u2019animateur lui demande si, fort de sa tr\u00e8s grande popularit\u00e9, il accepterait d\u2019\u00eatre le pr\u00e9sident des Etats-Unis. Il fait cette r\u00e9ponse remarquable (je cite de m\u00e9moire)\u00a0: \u00ab\u00a0L<em>e jour o\u00f9 le syst\u00e8me am\u00e9ricain donnera la pr\u00e9sidence \u00e0 un Noir, cela ne signifiera qu\u2019une seule chose\u00a0: le bateau coule. Ce sera comme \u00eatre le capitaine du Titanic<\/em>\u00a0\u00bb. C\u2019est exactement ce qui s\u2019est pass\u00e9 avec Obama 40 ans plus tard. Le grand Mohamed Ali est d\u00e9colonial.<\/p>\n<p align=\"justify\"><img decoding=\"async\" alt=\"-\" src=\"http:\/\/www.indigenes-republique.fr\/puce.gif\" \/>\u00a0\u00a0 L\u2019\u00e9clat de rire du pr\u00e9sident Gamal Abdennasser le 26 juillet 1956 lorsqu\u2019il nationalise le canal de Suez. Un rire de revanche, un rire de triomphe, un rire de d\u00e9fi. Tout le contraire du rire arrogant et sarcastique du bourreau. Un \u00e9clat de vie. La jubilation de l\u2019opprim\u00e9. L\u2019ivresse de l\u2019audace. L\u2019inoubliable rire de Nasser est d\u00e9colonial.<\/p>\n<p align=\"justify\"><img decoding=\"async\" alt=\"-\" src=\"http:\/\/www.indigenes-republique.fr\/puce.gif\" \/>\u00a0\u00a0 Zhou Enlai, le premier ministre chinois au d\u00e9but des ann\u00e9es 70. Lorsqu\u2019un journaliste fran\u00e7ais lui demande \u00ab\u00a0<em>Que pensez-vous de la r\u00e9volution fran\u00e7aise\u00a0?<\/em>\u00a0\u00bb. Sa r\u00e9ponse. Admirable\u00a0: \u00ab\u00a0<em>Il est trop t\u00f4t pour le dire<\/em>\u00a0\u00bb. Cette r\u00e9partie, tranchante et implacable, est d\u00e9coloniale.<\/p>\n<p align=\"justify\"><img decoding=\"async\" alt=\"-\" src=\"http:\/\/www.indigenes-republique.fr\/puce.gif\" \/>\u00a0\u00a0 Ma m\u00e8re. L\u2019autre jour, je lisais des articles sur internet. Elle me regardait. Et je lui ai dit\u00a0: \u00ab\u00a0<em>C\u2019est dommage que tu ne saches pas lire le fran\u00e7ais, tu pourrais lire comme moi<\/em>\u00a0\u00bb. Elle me r\u00e9pond un peu tristement\u00a0: \u00ab\u00a0<em>Non, ce que je regrette c\u2019est de ne pas lire l\u2019arabe. Je pourrais lire le Coran<\/em>\u00ab\u00a0. Ma m\u00e8re (et j\u2019en suis pas peu fi\u00e8re) est d\u00e9coloniale.<\/p>\n<p align=\"justify\">Etre d\u00e9colonial, c\u2019est d\u2019abord un \u00e9tat d\u2019esprit \u00e9mancip\u00e9. C\u2019est \u00e0 la fois une rupture et une lib\u00e9ration. C\u2019est un potentiel qui se terre quelque part en nous, qui est tapi au fond de notre \u00eatre et qu\u2019il ne tient qu\u2019\u00e0 nous de lib\u00e9rer.<\/p>\n<p align=\"justify\">2- Il faut refuser le syst\u00e8me d\u2019int\u00e9gration\u00a0:<\/p>\n<p align=\"justify\"><img decoding=\"async\" alt=\"-\" src=\"http:\/\/www.indigenes-republique.fr\/puce.gif\" \/>\u00a0\u00a0 Sur le plan id\u00e9ologique. Il faut r\u00e9sister \u00e0 l\u2019id\u00e9ologie de l\u2019universalisme blanc, des droits de l\u2019homme et des lumi\u00e8res, du progr\u00e8s, de la vision lin\u00e9aire de l\u2019histoire.<\/p>\n<p align=\"justify\"><img decoding=\"async\" alt=\"-\" src=\"http:\/\/www.indigenes-republique.fr\/puce.gif\" \/>\u00a0\u00a0 Sur le plan politique. Il ne faut pas accepter comme central, le clivage de classe, c\u2019est-\u00e0-dire avoir le courage de se positionner sur la fracture de race et mener en parall\u00e8le et\/ou en articulation avec la lutte de classe, la lutte des races sociales. En d\u2019autres termes, il s\u2019agit d\u2019\u00e9laborer une pens\u00e9e critique du marxisme. D\u00e9sormais, il faudra analyser les rapports de domination \u00e0 l\u2019\u00e9chelle mondiale \u00e0 partir des penseurs du Sud, \u00e0 partir d\u2019autres savoirs et des exp\u00e9riences politiques sous domination imp\u00e9riale.<\/p>\n<p align=\"justify\"><img decoding=\"async\" alt=\"-\" src=\"http:\/\/www.indigenes-republique.fr\/puce.gif\" \/>\u00a0\u00a0 Sur le plan du statut ambivalent des populations post-coloniales vivant en Europe. Il faudra prendre en compte le fait que les \u00ab\u00a0Suds\u00a0\u00bb vivant dans le Nord sont aussi complices du syst\u00e8me d\u2019exploitation du Nord sur le Sud et qu\u2019elles profitent de cette exploitation. Certes, beaucoup moins que les bourgeois, certes, moins que les classes populaires blanches, mais elles profitent quand m\u00eame. Il faudra donc nous interroger sur nous-m\u00eames, sur notre implication et sur nos propres responsabilit\u00e9s. Attention\u00a0! La conscience de ce privil\u00e8ge ne doit pas nous transformer en humanistes abstraits du genre \u00ab\u00a0<a href=\"http:\/\/www.youtube.com\/watch?v=lkKq4nUei6s\">Chanteurs sans fronti\u00e8res<\/a>\u00a0\u00bb, \u00ab\u00a0<a href=\"http:\/\/www.youtube.com\/watch?v=k2W4-0qUdHY&amp;feature=related\">USA for Africa<\/a>\u00a0\u00bb, ou encore les Restos du c\u0153ur. Ce que j\u2019appelle l\u2019humanisme blanc. C\u2019est ce que l\u2019imp\u00e9rialisme a cr\u00e9e de plus vicieux en terme de bonne conscience. La lutte doit \u00eatre politique et radicale\u00a0: la justice et la pleine ma\u00eetrise des ressources, oui, la pleine maitrise de nos destins politiques, oui, mais pour les peuples colonis\u00e9s d\u2019abord\u00a0!<\/p>\n<p align=\"justify\">2\u00e8me question\u00a0: Comment \u00eatre d\u00e9colonial, comment d\u00e9coloniser l\u2019Europe\u00a0?<\/p>\n<p align=\"justify\">Il n\u2019y a qu\u2019une seule mani\u00e8re d\u2019\u00eatre d\u00e9colonial\u00a0: Elle est politique.<\/p>\n<p align=\"justify\"><img decoding=\"async\" alt=\"-\" src=\"http:\/\/www.indigenes-republique.fr\/puce.gif\" \/>\u00a0\u00a0 Comprendre qu\u2019il faut transformer les rapports de domination par la lutte politique.<\/p>\n<p align=\"justify\"><img decoding=\"async\" alt=\"-\" src=\"http:\/\/www.indigenes-republique.fr\/puce.gif\" \/>\u00a0\u00a0 Avoir comme horizon de d\u00e9gager une majorit\u00e9 d\u00e9coloniale pour briser la supr\u00e9matie blanche.<\/p>\n<p align=\"justify\"><img decoding=\"async\" alt=\"-\" src=\"http:\/\/www.indigenes-republique.fr\/puce.gif\" \/>\u00a0\u00a0 Convaincre les populations qui forment le Sud de l\u2019int\u00e9rieur du Nord qu\u2019elles doivent se rassembler autour d\u2019un projet d\u00e9colonial. Et ce ne sera pas facile. Angela Davis disait (je cite de t\u00eate)\u00a0: \u00ab\u00a0<em>Si je pouvais convaincre les miens qu\u2019ils sont toujours des esclaves, les Noirs seraient lib\u00e9r\u00e9s depuis longtemps<\/em>\u00a0\u00bb.<\/p>\n<p align=\"justify\"><img decoding=\"async\" alt=\"-\" src=\"http:\/\/www.indigenes-republique.fr\/puce.gif\" \/>\u00a0\u00a0 Convaincre les Blancs d\u00e9coloniaux ou les plus proches de nous de s\u2019organiser entre eux pour mener la lutte d\u00e9coloniale \u00e0 l\u2019int\u00e9rieur de leurs milieux\u00a0: syndicats, associations, partis politiques\u2026 Les convaincre que c\u2019est l\u00e0 la condition de l\u2019alliance\u00a0: le respect des espaces indig\u00e8nes autonomes et l\u2019abandon de la lutte exclusive contre l\u2019extr\u00eame droite. En d\u2019autres termes, les convaincre de s\u2019attaquer en priorit\u00e9 \u00e0 la d\u00e9colonisation de la gauche. M\u00eame constat\u00a0: Convaincre les Blancs ne sera pas chose facile. Car les Blancs ont int\u00e9r\u00eat \u00e0 rester blancs et \u00e0 se battre pour le maintien de leurs privil\u00e8ges. Ils y ont int\u00e9r\u00eat, comme les bourgeois ont int\u00e9r\u00eat \u00e0 leurs privil\u00e8ges de classe, comme les hommes ont int\u00e9r\u00eat \u00e0 leurs privil\u00e8ges de genre.<\/p>\n<p align=\"justify\">La question que l\u2019on doit se poser et qui nous incombe \u00e0 nous d\u00e9coloniaux, c\u2019est\u00a0: que gagneront les Blancs en \u00e9change de la supr\u00e9matie blanche\u00a0? Qu\u2018est-ce qui peut compenser la perte du privil\u00e8ge blanc\u00a0? C\u2019est une question que je propose au d\u00e9bat car je n\u2019ai pas de r\u00e9ponse. C\u2019est une question qui nous incombe \u00e0 nous indig\u00e8nes car en cette p\u00e9riode de grave crise \u00e9conomique qui est aussi une crise structurelle du syst\u00e8me, la lutte pour la pr\u00e9servation de la supr\u00e9matie blanche s\u2019exprime par la progression inqui\u00e9tante des droites nationalistes et populistes. Que faire\u00a0?<\/p>\n<p align=\"justify\"><strong>Houria Bouteldja<\/strong><\/p>\n","protected":false},"excerpt":{"rendered":"<p>par Houria Bouteldja, porte parole du PIR Cela fait plusieurs ann\u00e9es que notre organisation, consciente de l\u2019enjeu politique immense que constitue l\u2019espace politique europ\u00e9en, s\u2019est investie dans la construction de liens militants \u00e0 l\u2019\u00e9chelle europ\u00e9enne. Gr\u00e2ce \u00e0 ces efforts et \u00e0 ceux de militants de diff\u00e9rents pays d\u2019Europe il a \u00e9t\u00e9 possible d\u2019organiser avec succ\u00e8s &#8230; <a title=\"\u00ab D\u00e9coloniser l\u2019Europe \u00bb\" class=\"read-more\" href=\"https:\/\/bruxelles-pantheres.be\/?p=1004\" aria-label=\"En savoir plus sur \u00ab D\u00e9coloniser l\u2019Europe \u00bb\">Lire la suite<\/a><\/p>\n","protected":false},"author":1,"featured_media":1005,"comment_status":"open","ping_status":"open","sticky":false,"template":"","format":"standard","meta":{"footnotes":""},"categories":[1,35,21,36,4,7,18,28,37,39],"tags":[],"class_list":["post-1004","post","type-post","status-publish","format-standard","has-post-thumbnail","hentry","category-non-classe","category-amerique-du-sud","category-anti-imperialisme","category-europe","category-islamophobie","category-negrophobie","category-resistance-bruxelles","category-racismes","category-romophobie","category-sans-papier"],"_links":{"self":[{"href":"https:\/\/bruxelles-pantheres.be\/index.php?rest_route=\/wp\/v2\/posts\/1004","targetHints":{"allow":["GET"]}}],"collection":[{"href":"https:\/\/bruxelles-pantheres.be\/index.php?rest_route=\/wp\/v2\/posts"}],"about":[{"href":"https:\/\/bruxelles-pantheres.be\/index.php?rest_route=\/wp\/v2\/types\/post"}],"author":[{"embeddable":true,"href":"https:\/\/bruxelles-pantheres.be\/index.php?rest_route=\/wp\/v2\/users\/1"}],"replies":[{"embeddable":true,"href":"https:\/\/bruxelles-pantheres.be\/index.php?rest_route=%2Fwp%2Fv2%2Fcomments&post=1004"}],"version-history":[{"count":1,"href":"https:\/\/bruxelles-pantheres.be\/index.php?rest_route=\/wp\/v2\/posts\/1004\/revisions"}],"predecessor-version":[{"id":1006,"href":"https:\/\/bruxelles-pantheres.be\/index.php?rest_route=\/wp\/v2\/posts\/1004\/revisions\/1006"}],"wp:featuredmedia":[{"embeddable":true,"href":"https:\/\/bruxelles-pantheres.be\/index.php?rest_route=\/wp\/v2\/media\/1005"}],"wp:attachment":[{"href":"https:\/\/bruxelles-pantheres.be\/index.php?rest_route=%2Fwp%2Fv2%2Fmedia&parent=1004"}],"wp:term":[{"taxonomy":"category","embeddable":true,"href":"https:\/\/bruxelles-pantheres.be\/index.php?rest_route=%2Fwp%2Fv2%2Fcategories&post=1004"},{"taxonomy":"post_tag","embeddable":true,"href":"https:\/\/bruxelles-pantheres.be\/index.php?rest_route=%2Fwp%2Fv2%2Ftags&post=1004"}],"curies":[{"name":"wp","href":"https:\/\/api.w.org\/{rel}","templated":true}]}}