{"id":1007,"date":"2012-07-10T23:51:07","date_gmt":"2012-07-10T22:51:07","guid":{"rendered":"https:\/\/bruxelles-pantheres.be\/?p=1007"},"modified":"2013-11-12T00:02:59","modified_gmt":"2013-11-11T23:02:59","slug":"espagne-les-mineurs-arrivent-a-madrid","status":"publish","type":"post","link":"https:\/\/bruxelles-pantheres.be\/?p=1007","title":{"rendered":"Espagne: Les mineurs arrivent \u00e0 Madrid\u2026"},"content":{"rendered":"<div class=\"entry-content\">\n<div style=\"text-align: justify;\">\n<p><em><em>Alors que les mineurs asturiens sont en gr\u00e8ve depuis plusieurs semaines, plusieurs centaines d\u2019entre eux se sont mis en route depuis les Asturies, mais aussi de la province de Le\u00f3n et d\u2019Aragon, et convergent vers Madrid o\u00f9 ils arriveront ce soir, \u00e0 la Cit\u00e9 Universitaire.De l\u00e0 partira ce soir une marche nocturne vers la Puerta del Sol, dans l\u2019obscurit\u00e9 et en file indienne, comme lorsqu\u2019ils sont au fond de la mine\u2026La photo ci dessus a \u00e9t\u00e9 prise le 12 juin, \u00e0 Le\u00f3n, quelques jours avant le d\u00e9part des marcheurs.<\/em><\/em><\/p>\n<p>Pendant ce temps\u2026<!--more--><\/p>\n<p>Le groupe Goldman Sachs, propri\u00e9taire de Colombian Natural Resources, stocke du charbon colombien \u00e0 El Musel, un port des Asturies, sp\u00e9culant sur une possible (probable) p\u00e9nurie due \u00e0 la gr\u00e8ve\u2026<br \/>\nUne op\u00e9ration dont elle esp\u00e8re obtenir des b\u00e9n\u00e9fices astronomiques.<\/p>\n<p><a href=\"http:\/\/www.publico.es\/dinero\/439459\/goldman-sachs-acumula-carbon-colombiano-en-asturias\" target=\"_blank\">http:\/\/www.publico.es\/dinero\/<wbr \/>439459\/goldman-sachs-acumula-<wbr \/>carbon-colombiano-en-asturias<\/a><\/p>\n<p>On s\u2019\u00e9tonnera ensuite que le mouvement se radicalise\u2026<\/p>\n<p>Ci-dessous, un excellent aper\u00e7u de l\u2019histoire des mineurs asturiens et de cette gr\u00e8ve.<\/p>\n<p>En attendant que nos m\u00e9dias se d\u00e9cident \u00e0 en parler\u2026 (?)<\/p>\n<\/div>\n<div><img decoding=\"async\" title=\"Espagne: La gr\u00e8ve illimit\u00e9e des mineurs Asturiens continue\" alt=\"Espagne: La gr\u00e8ve illimit\u00e9e des mineurs Asturiens continue\" src=\"http:\/\/www.socialismes.be\/photo\/art\/default\/4454849-6693167.jpg?v=1340746715\" \/><\/div>\n<p style=\"text-align: justify;\"><strong>Retour sur une lutte historique contre la fermeture des mines espagnoles et un mouvement de classe contre la politique d\u2019aust\u00e9rit\u00e9<\/strong><\/p>\n<p style=\"text-align: justify;\">Article AC pour <a href=\"http:\/\/solidarite-internationale-pcf.over-blog.net\/\" target=\"_blank\">http:\/\/solidarite-<wbr \/>internationale-pcf.over-blog.<wbr \/>net\/<\/a><\/p>\n<p style=\"text-align: justify;\">De la grande gr\u00e8ve de 1934 au mouvement de luttes qui avait \u00e9branl\u00e9 le pouvoir franquiste en 1962, le bassin minier des Asturies, bastion communiste historique, a \u00e9t\u00e9 au coeur des grands mouvements de lutte qu\u2019a connu l\u2019Espagne au XX \u00e8me si\u00e8cle.<\/p>\n<p style=\"text-align: justify;\">Les mineurs asturiens ont ouvert en mai dernier une nouvelle page de cette histoire, en opposant leur r\u00e9sistance \u00e0 une politique d\u2019aust\u00e9rit\u00e9 aux cons\u00e9quences dramatiques pour le secteur minier.<\/p>\n<p style=\"text-align: justify;\">24 milliards de renflouement pour Bankia, 200 millions d\u2019aides en moins pour les mines : une aust\u00e9rit\u00e9 \u00e0 deux vitesses<\/p>\n<p style=\"text-align: justify;\">Une politique d\u2019aust\u00e9rit\u00e9 qui touche tous les secteurs, men\u00e9e en concertation entre le gouvernement central de droite de Mariano Rajoy et les gouvernements r\u00e9gionaux, souvent de droite mais aussi parfois socialistes. C\u2019est le cas des gouvernements tout juste \u00e9lus d\u2019Andalousie et d\u2019Asturies, soutenus par Izquierda Unida.<\/p>\n<p style=\"text-align: justify;\">8 000 mineurs sont encore employ\u00e9s sur plus de 40 sites, essentiellement en Asturies dans un secteur fortement d\u00e9pendant des aides publiques.<\/p>\n<p style=\"text-align: justify;\">La d\u00e9cision de r\u00e9duire les subventions d\u2019Etat, sous pression de l\u2019Union europ\u00e9enne, de 300 millions d\u2019euros \u00e0 100 millions d\u2019euros met en p\u00e9ril le secteur, menace les puits espagnols de fermeture.<\/p>\n<p style=\"text-align: justify;\">Au m\u00eame moment o\u00f9 l\u2019Etat espagnol renfloue Bankia \u00e0 hauteur de 24 milliards d\u2019euros, la suppression d\u2019une aide de 200 millions d\u2019euros pour les mines (soit cent fois moins que celle pour la banque multi-nationale) appara\u00eet d\u2019autant plus r\u00e9voltante.<\/p>\n<p style=\"text-align: justify;\"><strong>De la gr\u00e8ve reconduite \u00e0 la gr\u00e8ve illimit\u00e9e puis \u00e0 la gr\u00e8ve g\u00e9n\u00e9rale: les conditions d\u2019une convergence des luttes<br \/>\n<\/strong><\/p>\n<p style=\"text-align: justify;\">Le 28 mai, les mineurs Asturiens se sont lanc\u00e9s dans une gr\u00e8ve reconduite jusqu\u2019au premier juin o\u00f9 a \u00e9t\u00e9 lanc\u00e9e une gr\u00e8ve illimit\u00e9e, qui a conduit \u00e0 l\u2019occupation des puits mais aussi des routes et chemins de fer menant aux sites d\u2019extraction.<\/p>\n<p style=\"text-align: justify;\">Le 18 juin, une journ\u00e9e de gr\u00e8ve g\u00e9n\u00e9rale a m\u00eame \u00e9t\u00e9 convoqu\u00e9e par les deux principaux syndicats UGT et CC.OO dans les r\u00e9gions mini\u00e8res touch\u00e9es par les mesures du gouvernement, en Castille, Andalousie, Aragon et en Asturies bien s\u00fbr.<\/p>\n<p style=\"text-align: justify;\">Selon les organisations syndicales, la gr\u00e8ve a \u00e9t\u00e9 tr\u00e8s largement suivie dans ces r\u00e9gions, avec une adh\u00e9sion de 100% dans les bassins miniers concern\u00e9s.<\/p>\n<p style=\"text-align: justify;\">Un mouvement relay\u00e9 par celui des enseignants, des ouvriers des chantiers navals et surtout des travailleurs des transports, qui ont embray\u00e9 par une gr\u00e8ve illimit\u00e9e dans les bassins miniers.<\/p>\n<p style=\"text-align: justify;\"><strong>\u00ab Nous ne sommes pas des Indign\u00e9s ! \u00bb : diversification des formes d\u2019un mouvement de classe<br \/>\n<\/strong><\/p>\n<p style=\"text-align: justify;\">En gr\u00e8ve depuis pr\u00e8s d\u2019un mois, le mouvement des mineurs asturiens ne faiblit pas. Les formes de la contestation se diversifient, se radicalisent parfois mais restent toujours centr\u00e9es sur la lutte de classe.<\/p>\n<p style=\"text-align: justify;\">Les occupations des places des grandes villes Asturiennes, des lieux de pouvoir comme le si\u00e8ge du Conseil provincial de L\u00e9on se multiplient. Le 18 juin dernier, pr\u00e8s de 15 000 mineurs et autres travailleurs ont manifest\u00e9 dans les rues de L\u00e9on, tandis que 50 000 ont occup\u00e9 les rues d\u2019Oviedo, la principale ville des Asturies.<\/p>\n<p style=\"text-align: justify;\">Les mineurs ont pris clairement leurs distances avec les formes de protestation et les perspectives affich\u00e9es par le mouvement des indign\u00e9s. Un des slogans affirm\u00e9 et r\u00e9affirm\u00e9 en des termes crus dans les occupations: \u00ab Nous ne sommes pas des indign\u00e9s, nous en avons marre ! \u00bb (Nosotros no estamos indignados, estamos hasta los cojones).<\/p>\n<p style=\"text-align: justify;\">Les mineurs des Asturies, d\u2019Aragon et de L\u00e9on viennent d\u2019entamer une \u00ab Marche noire \u00bb qui devrait arriver \u00e0 Madrid le 11 juillet, une longue marche sous le mot d\u2019ordre marqu\u00e9 sur les chemises des mineurs : \u00ab Non \u00e0 la fermeture des mines ! \u00bb<\/p>\n<p style=\"text-align: justify;\"><strong>Radicalisation du mouvement et refus de toute compromission<br \/>\n<\/strong><\/p>\n<p style=\"text-align: justify;\">Le mouvement s\u2019est radicalis\u00e9 dans certains villages du bassin minier Asturien o\u00f9, confront\u00e9s \u00e0 la r\u00e9pression polici\u00e8re, de rudes affrontements ont oppos\u00e9 les mineurs, soutenus par la population du bassin minier aux forces de l\u2019ordre.<\/p>\n<p style=\"text-align: justify;\">Les images de sc\u00e8ne de guerre dans le village de Cinera, le 19 juin dernier, avec barricades en feu, tirs avec des lance-p\u00e9tards improvis\u00e9s en lance-roquettes ont fait la une de la presse espagnole. A Cinera comme ailleurs, face \u00e0 l\u2019unit\u00e9 ind\u00e9fectible de la population avec la lutte des mineurs, les groupes d\u2019intervention de la police ont d\u00fb reculer.<\/p>\n<p style=\"text-align: justify;\">Depuis quatre ans, sous le gouvernement du socialiste Jos\u00e9 Luis Zapatero, l\u2019Espagne a \u00e9t\u00e9 pr\u00e9curseur dans l\u2019adoption d\u2019une politique d\u2019aust\u00e9rit\u00e9 qui touche tous les travailleurs. Depuis trente ans, l\u2019Espagne, essentiellement sous le gouvernement socialiste de Felipe Gonzalez, a \u00e9t\u00e9 \u00e0 l\u2019avant-garde des lib\u00e9ralisations et privatisations.<\/p>\n<p style=\"text-align: justify;\">Jusqu\u2019\u00e0 pr\u00e9sent, malgr\u00e9 un potentiel de luttes \u00e9norme, aucun mouvement de lutte n\u2019a pu se construire. La responsabilit\u00e9 des organisations syndicales r\u00e9formistes, CC.OO et UGT, est claire. Le mouvement des indign\u00e9s a pu cro\u00eetre sur ce terreau de col\u00e8re sociale, mais a canalis\u00e9 cette rage dans une impasse politique.<\/p>\n<p style=\"text-align: justify;\">Aujourd\u2019hui, la gr\u00e8ve historique des mineurs des Asturies, et d\u2019ailleurs, pose peut-\u00eatre le cadre du d\u00e9veloppement d\u2019un mouvement de luttes radicalis\u00e9, sur des positions de classe, refusant toute compromis<\/p>\n<header class=\"entry-header\">\n<header class=\"entry-header\"><img decoding=\"async\" class=\"attachment-post-thumbnail wp-post-image alignright\" alt=\"ardeasturias\" src=\"http:\/\/www.egalite.be\/wp-content\/uploads\/2012\/07\/ardeasturias.jpg\" width=\"624\" height=\"416\" \/><\/header>\n<\/header>\n<header class=\"entry-header\"><\/header>\n<header class=\"entry-header\"><\/header>\n<div class=\"entry-content\">\n<p style=\"text-align: left;\" align=\"center\">\n<p style=\"text-align: left;\" align=\"center\">\n<p style=\"text-align: left;\" align=\"center\">\n<p style=\"text-align: left;\" align=\"center\">\n<p style=\"text-align: left;\" align=\"center\">\n<p style=\"text-align: left;\" align=\"center\">\u00a0\u00a0\u00a0\u00a0\u00a0\u00a0\u00a0\u00a0\u00a0\u00a0\u00a0\u00a0\u00a0\u00a0\u00a0\u00a0\u00a0\u00a0\u00a0\u00a0\u00a0\u00a0\u00a0\u00a0\u00a0\u00a0\u00a0\u00a0\u00a0\u00a0\u00a0\u00a0\u00a0\u00a0\u00a0\u00a0\u00a0\u00a0\u00a0\u00a0\u00a0\u00a0\u00a0\u00a0\u00a0\u00a0\u00a0\u00a0\u00a0\u00a0\u00a0\u00a0\u00a0\u00a0\u00a0\u00a0\u00a0\u00a0\u00a0\u00a0\u00a0\u00a0\u00a0\u00a0\u00a0\u00a0\u00a0\u00a0\u00a0\u00a0\u00a0\u00a0\u00a0\u00a0\u00a0\u00a0\u00a0\u00a0\u00a0\u00a0\u00a0\u00a0\u00a0\u00a0\u00a0\u00a0\u00a0\u00a0\u00a0\u00a0\u00a0\u00a0\u00a0\u00a0\u00a0\u00a0\u00a0\u00a0\u00a0\u00a0\u00a0\u00a0\u00a0\u00a0\u00a0\u00a0\u00a0\u00a0\u00a0\u00a0\u00a0\u00a0\u00a0\u00a0\u00a0\u00a0\u00a0\u00a0\u00a0\u00a0\u00a0\u00a0\u00a0\u00a0\u00a0\u00a0\u00a0\u00a0\u00a0\u00a0\u00a0\u00a0\u00a0\u00a0\u00a0\u00a0\u00a0\u00a0\u00a0\u00a0\u00a0\u00a0\u00a0\u00a0\u00a0\u00a0\u00a0\u00a0\u00a0\u00a0\u00a0\u00a0\u00a0\u00a0\u00a0\u00a0\u00a0\u00a0\u00a0\u00a0\u00a0\u00a0\u00a0\u00a0\u00a0\u00a0\u00a0\u00a0\u00a0\u00a0\u00a0\u00a0\u00a0\u00a0\u00a0\u00a0\u00a0\u00a0\u00a0\u00a0\u00a0\u00a0\u00a0\u00a0\u00a0\u00a0\u00a0\u00a0\u00a0\u00a0\u00a0\u00a0\u00a0\u00a0\u00a0\u00a0\u00a0\u00a0\u00a0\u00a0\u00a0\u00a0\u00a0\u00a0\u00a0\u00a0\u00a0\u00a0\u00a0\u00a0\u00a0\u00a0\u00a0\u00a0\u00a0\u00a0\u00a0\u00a0\u00a0\u00a0\u00a0\u00a0\u00a0\u00a0\u00a0\u00a0\u00a0\u00a0\u00a0\u00a0\u00a0\u00a0\u00a0\u00a0\u00a0\u00a0\u00a0\u00a0\u00a0\u00a0\u00a0\u00a0\u00a0\u00a0\u00a0\u00a0\u00a0\u00a0\u00a0\u00a0\u00a0\u00a0\u00a0\u00a0\u00a0\u00a0\u00a0\u00a0\u00a0\u00a0\u00a0\u00a0\u00a0\u00a0\u00a0\u00a0\u00a0\u00a0\u00a0\u00a0\u00a0\u00a0\u00a0\u00a0\u00a0\u00a0\u00a0\u00a0\u00a0\u00a0\u00a0\u00a0\u00a0\u00a0\u00a0\u00a0\u00a0\u00a0\u00a0\u00a0\u00a0\u00a0\u00a0\u00a0\u00a0\u00a0\u00a0\u00a0\u00a0\u00a0\u00a0\u00a0\u00a0\u00a0\u00a0 Partout en Europe, imposons l\u2019annulation des dettes ill\u00e9gitimes, la nationalisation du secteur bancaire, l\u2019interdiction des licenciements dans les entreprises qui font des b\u00e9n\u00e9fices, la cr\u00e9ation d\u2019emplois de qualit\u00e9 pour tous dans des activit\u00e9s b\u00e9n\u00e9fiques \u00e0 l\u2019ensemble des populations et qui respectent les \u00e9quilibres \u00e9cologiques de la plan\u00e8te\u00a0!<\/p>\n<p style=\"text-align: justify;\" align=\"center\"><strong>SOLIDARIT\u00c9 AVEC LES MINEURS DU CHARBON EN ASTURIES<\/strong><\/p>\n<p style=\"text-align: justify;\">Depuis fin mai, les mineurs du charbon d\u2019Asturies et de L\u00e9on, dans l\u2019\u00e9tat Espagnol, sont sur le pied de guerre. Ils se mobilisent contre les mesures du gouvernement Rajoy qui suspendent les subventions \u00e0 l\u2019exploitation charbonni\u00e8re. Cela signifie la fermeture de nombreux puits, la perte directe de 10.000 emplois affectant quelques 200.000 personnes ainsi que l\u2019ensemble des activit\u00e9s dans les r\u00e9gions mini\u00e8res. Cette coupe dans les subventions pour les mines qui atteint 200 millions d\u2019euros, survient en m\u00eame temps que 24 milliards sont mobilis\u00e9s pour renflouer Bankia dans le cadre du \u00ab\u00a0plan de sauvetage\u00a0\u00bb europ\u00e9en.<\/p>\n<p style=\"text-align: justify;\">Pour d\u00e9fendre leur emploi, les mineurs ont r\u00e9pondu par une lutte exemplaire de combativit\u00e9\u00a0et d\u2019auto-organisation\u00a0: gr\u00e8ve illimit\u00e9e, avec occupations de galeries souterraines et barrages des principaux axes routiers de leur r\u00e9gion. Une gr\u00e8ve g\u00e9n\u00e9rale du secteur le 18 juin, suivie \u00e0 100%, fut un succ\u00e8s total. Il est \u00e0 souligner que les femmes se mobilisent fortement dans toutes ces actions.<\/p>\n<p style=\"text-align: justify;\">La seule r\u00e9ponse du gouvernement a \u00e9t\u00e9 le refus de n\u00e9gocier et l\u2019organisation d\u2019une r\u00e9pression f\u00e9roce par la police et la garde civile. Le 22 juin, depuis diff\u00e9rents districts miniers, plus de 200 mineurs ont commenc\u00e9 une marche vers Madrid. Celle-ci re\u00e7oit l\u2019appui massif et chaleureux de la population.<\/p>\n<p style=\"text-align: justify;\">Depuis de nombreuses ann\u00e9es, les patrons du secteur minier s\u2019emplissent les poches gr\u00e2ce \u00e0 la sueur des mineurs et aux subventions publiques sans aucun scrupule pour l\u2019environnement ni pour la sant\u00e9 de la population de la r\u00e9gion. Aujourd\u2019hui, alors que les trois grandes entreprises \u00e9lectriques qui utilisent le charbon des 40 mines encore en activit\u00e9 ont fait un b\u00e9n\u00e9fice net apr\u00e8s imp\u00f4ts de 6,34 milliards d\u2019euros, c\u2019est l\u2019emploi du secteur qui est menac\u00e9\u00a0par les coupes dans les subventions d\u2019\u00e9tat qui font partie des mesures d\u2019aust\u00e9rit\u00e9 impos\u00e9es par \u00ab\u00a0le plan de sauvetage\u00a0\u00bb europ\u00e9en. Pour qu\u2019une minorit\u00e9 continue \u00e0 engranger toujours plus de profits, partout en Europe, les gouvernements font payer la crise du capitalisme aux travailleurs. Le combat d\u00e9termin\u00e9 des mineurs de l\u2019Etat espagnol est donc plus que jamais celui de tous les travailleurs europ\u00e9ens !<\/p>\n<p style=\"text-align: justify;\">En Belgique, nous avons organis\u00e9 le 13 juin dernier, une manifestation unitaire de solidarit\u00e9 avec le peuple grec, lui aussi sous le feu de violentes attaques d\u2019aust\u00e9rit\u00e9.<\/p>\n<p style=\"text-align: justify;\">Aujourd\u2019hui, nous exprimons \u00e9galement notre pleine solidarit\u00e9 avec la dure lutte men\u00e9e par les mineurs espagnols. Nous soutenons leurs revendications pour la fin de la r\u00e9pression et la lib\u00e9ration de tous les activistes arr\u00eat\u00e9s lors des actions, ainsi que pour la nationalisation des bassins miniers afin de garantir le maintien de l\u2019emploi.<\/p>\n<p style=\"text-align: justify;\">Avec sa participation au plan de \u00ab\u00a0sauvetage\u00a0\u00bb des banques espagnoles, nous d\u00e9non\u00e7ons le r\u00f4le de l\u2019\u00e9tat belge qui, en pr\u00e9tendant \u00ab\u00a0aider l\u2019Espagne\u00a0\u00bb, permet aux financiers de se faire encore plus de profits faciles sur le dos des travailleurs et de la plan\u00e8te.<\/p>\n<p style=\"text-align: justify;\">La v\u00e9ritable aide consisterait en l\u2019annulation de la dette ill\u00e9gitime, une juste r\u00e9partition des richesses et la mise en place progressive d\u2019un nouveau mod\u00e8le productif, contr\u00f4l\u00e9 par la population, au service des int\u00e9r\u00eats sociaux et respectueux des \u00e9quilibres \u00e9cologiques de notre plan\u00e8te.<\/p>\n<p style=\"text-align: justify;\" align=\"center\"><strong>LA LUTTE EXEMPLAIRE<\/strong><strong> DES<\/strong><strong> MINEURS DONNE DE LA FORCE A L\u2019ENSEMBLE DES TRAVAILLEURS EUROPEENS CONTRE LES PLANS D\u2019AUSTERITE. UNE VICTOIRE DES MINEURS SERAIT UNE VICTOIRE CONTRE L\u2019EUROPE DU CAPITAL\u00a0!<\/strong><\/p>\n<p><strong>Premiers signataires : <\/strong><\/p>\n<p>ASBL CEPR\u00e9 (Centre d\u2019Education Populaire R\u00e9gional \u2013 La Louvi\u00e8re)\u00a0; Comit\u00e9s Action Europe\u00a0; <strong>Egalit\u00e9<\/strong>\u00a0; Ligue Communiste R\u00e9volutionnaire\/Socialistische Arbeiderspartij (LCR-SAP) ; organizacion hermana de izquierda anticapitalista ; Ligue Communiste des Travailleurs (LCT) ; organizacion hermana de Corriente Roja ; Parti communiste; Partito della Rifondazione Comunista \u2013 Federazione della Sinistra Belgio\u00a0; Philippe Dubois \u2013 Secr\u00e9taire permanent CGSP Cheminots Bruxelles ; Comit\u00e9 pour l\u2019Annulation de la Dette du Tiers-Monde (CADTM) Belgique ; Ander Europa.<\/p>\n<p style=\"text-align: left;\" align=\"center\"><strong>Photos de l\u2019action :<\/strong><\/p>\n<h6 data-ft=\"{&quot;type&quot;:1,&quot;tn&quot;:&quot;K&quot;}\"><a href=\"http:\/\/www.demotix.com\/news\/1342638\/rally-show-support-spaniards-held-brussels#slide-1\" target=\"_blank\" rel=\"nofollow nofollow\">http:\/\/www.demotix.com\/news\/1342638\/rally-show-support-spaniards-held-brussels#slide-1<\/a><\/h6>\n<p>Vid\u00e9os et photos sur l\u2019arriv\u00e9e de la marche noire des mineurs \u00e0 Madrid et l\u2019accueil populaire qui leur a \u00e9t\u00e9 r\u00e9serv\u00e9<\/p>\n<\/div>\n<\/div>\n<p><iframe src=\"\/\/www.youtube.com\/embed\/4EnBCqCvGgM\" height=\"315\" width=\"560\" allowfullscreen=\"\" frameborder=\"0\"><\/iframe><br \/>\n<iframe src=\"\/\/www.youtube.com\/embed\/l6SvnmFzrE8\" height=\"315\" width=\"560\" allowfullscreen=\"\" frameborder=\"0\"><\/iframe><\/p>\n<p><img decoding=\"async\" alt=\"\" src=\"http:\/\/www.lcr-lagauche.be\/cm\/images\/PHOTOS_2012\/miniers2.jpg\" width=\"516\" height=\"344\" \/><\/p>\n<p><img decoding=\"async\" alt=\"\" src=\"http:\/\/www.lcr-lagauche.be\/cm\/images\/PHOTOS_2012\/minr.jpg\" \/><\/p>\n<p><img decoding=\"async\" alt=\"\" src=\"http:\/\/www.lcr-lagauche.be\/cm\/images\/PHOTOS_2012\/minrs.jpg\" \/><\/p>\n","protected":false},"excerpt":{"rendered":"<p>Alors que les mineurs asturiens sont en gr\u00e8ve depuis plusieurs semaines, plusieurs centaines d\u2019entre eux se sont mis en route depuis les Asturies, mais aussi de la province de Le\u00f3n et d\u2019Aragon, et convergent vers Madrid o\u00f9 ils arriveront ce soir, \u00e0 la Cit\u00e9 Universitaire.De l\u00e0 partira ce soir une marche nocturne vers la Puerta &#8230; <a title=\"Espagne: Les mineurs arrivent \u00e0 Madrid\u2026\" class=\"read-more\" href=\"https:\/\/bruxelles-pantheres.be\/?p=1007\" aria-label=\"En savoir plus sur Espagne: Les mineurs arrivent \u00e0 Madrid\u2026\">Lire la suite<\/a><\/p>\n","protected":false},"author":1,"featured_media":1008,"comment_status":"open","ping_status":"open","sticky":false,"template":"","format":"standard","meta":{"footnotes":""},"categories":[22,36],"tags":[],"class_list":["post-1007","post","type-post","status-publish","format-standard","has-post-thumbnail","hentry","category-emploi","category-europe"],"_links":{"self":[{"href":"https:\/\/bruxelles-pantheres.be\/index.php?rest_route=\/wp\/v2\/posts\/1007","targetHints":{"allow":["GET"]}}],"collection":[{"href":"https:\/\/bruxelles-pantheres.be\/index.php?rest_route=\/wp\/v2\/posts"}],"about":[{"href":"https:\/\/bruxelles-pantheres.be\/index.php?rest_route=\/wp\/v2\/types\/post"}],"author":[{"embeddable":true,"href":"https:\/\/bruxelles-pantheres.be\/index.php?rest_route=\/wp\/v2\/users\/1"}],"replies":[{"embeddable":true,"href":"https:\/\/bruxelles-pantheres.be\/index.php?rest_route=%2Fwp%2Fv2%2Fcomments&post=1007"}],"version-history":[{"count":5,"href":"https:\/\/bruxelles-pantheres.be\/index.php?rest_route=\/wp\/v2\/posts\/1007\/revisions"}],"predecessor-version":[{"id":1016,"href":"https:\/\/bruxelles-pantheres.be\/index.php?rest_route=\/wp\/v2\/posts\/1007\/revisions\/1016"}],"wp:featuredmedia":[{"embeddable":true,"href":"https:\/\/bruxelles-pantheres.be\/index.php?rest_route=\/wp\/v2\/media\/1008"}],"wp:attachment":[{"href":"https:\/\/bruxelles-pantheres.be\/index.php?rest_route=%2Fwp%2Fv2%2Fmedia&parent=1007"}],"wp:term":[{"taxonomy":"category","embeddable":true,"href":"https:\/\/bruxelles-pantheres.be\/index.php?rest_route=%2Fwp%2Fv2%2Fcategories&post=1007"},{"taxonomy":"post_tag","embeddable":true,"href":"https:\/\/bruxelles-pantheres.be\/index.php?rest_route=%2Fwp%2Fv2%2Ftags&post=1007"}],"curies":[{"name":"wp","href":"https:\/\/api.w.org\/{rel}","templated":true}]}}