{"id":1017,"date":"2012-07-06T00:03:21","date_gmt":"2012-07-05T23:03:21","guid":{"rendered":"https:\/\/bruxelles-pantheres.be\/?p=1017"},"modified":"2013-11-12T00:05:42","modified_gmt":"2013-11-11T23:05:42","slug":"toute-ma-vie-en-prison-in-prison-my-whole-life","status":"publish","type":"post","link":"https:\/\/bruxelles-pantheres.be\/?p=1017","title":{"rendered":"Toute ma vie en prison \u2013 In Prison my Whole Life"},"content":{"rendered":"<header class=\"entry-header\">\n<div class=\"entry-content\">\n<p>Will Francome est un jeune homme de bient\u00f4t 28 ans, qui d\u00e9cide de partir sur les traces de Mumia Abu-Jamal, le plus c\u00e9l\u00e8bre condamn\u00e9 \u00e0 mort am\u00e9ricain. Ce dernier a \u00e9t\u00e9 arr\u00eat\u00e9 le jour m\u00eame de la naissance de Will. Peu \u00e0 peu, au cours de ses rencontres avec Angela Davies, Snoop Dog, Mos Def, Noam Chomsky\u2026c\u2019est tout un pan de l\u2019histoire am\u00e9ricaine qui ressurgit\u2026 Un documentaire prenant et un t\u00e9moignage plaidoyer contre la peine de mort.<!--more--><\/p>\n<\/div>\n<\/header>\n<p><iframe src=\"\/\/www.youtube.com\/embed\/awdJvRhFXCI\" height=\"315\" width=\"420\" allowfullscreen=\"\" frameborder=\"0\"><\/iframe><\/p>\n","protected":false},"excerpt":{"rendered":"<p>Will Francome est un jeune homme de bient\u00f4t 28 ans, qui d\u00e9cide de partir sur les traces de Mumia Abu-Jamal, le plus c\u00e9l\u00e8bre condamn\u00e9 \u00e0 mort am\u00e9ricain. Ce dernier a \u00e9t\u00e9 arr\u00eat\u00e9 le jour m\u00eame de la naissance de Will. Peu \u00e0 peu, au cours de ses rencontres avec Angela Davies, Snoop Dog, Mos Def, &#8230; <a title=\"Toute ma vie en prison \u2013 In Prison my Whole Life\" class=\"read-more\" href=\"https:\/\/bruxelles-pantheres.be\/?p=1017\" aria-label=\"En savoir plus sur Toute ma vie en prison \u2013 In Prison my Whole Life\">Lire la suite<\/a><\/p>\n","protected":false},"author":1,"featured_media":1018,"comment_status":"open","ping_status":"open","sticky":false,"template":"","format":"standard","meta":{"footnotes":""},"categories":[21,7,8,28,17],"tags":[29,49],"class_list":["post-1017","post","type-post","status-publish","format-standard","has-post-thumbnail","hentry","category-anti-imperialisme","category-negrophobie","category-prisons","category-racismes","category-video","tag-torture","tag-usa"],"_links":{"self":[{"href":"https:\/\/bruxelles-pantheres.be\/index.php?rest_route=\/wp\/v2\/posts\/1017","targetHints":{"allow":["GET"]}}],"collection":[{"href":"https:\/\/bruxelles-pantheres.be\/index.php?rest_route=\/wp\/v2\/posts"}],"about":[{"href":"https:\/\/bruxelles-pantheres.be\/index.php?rest_route=\/wp\/v2\/types\/post"}],"author":[{"embeddable":true,"href":"https:\/\/bruxelles-pantheres.be\/index.php?rest_route=\/wp\/v2\/users\/1"}],"replies":[{"embeddable":true,"href":"https:\/\/bruxelles-pantheres.be\/index.php?rest_route=%2Fwp%2Fv2%2Fcomments&post=1017"}],"version-history":[{"count":1,"href":"https:\/\/bruxelles-pantheres.be\/index.php?rest_route=\/wp\/v2\/posts\/1017\/revisions"}],"predecessor-version":[{"id":1019,"href":"https:\/\/bruxelles-pantheres.be\/index.php?rest_route=\/wp\/v2\/posts\/1017\/revisions\/1019"}],"wp:featuredmedia":[{"embeddable":true,"href":"https:\/\/bruxelles-pantheres.be\/index.php?rest_route=\/wp\/v2\/media\/1018"}],"wp:attachment":[{"href":"https:\/\/bruxelles-pantheres.be\/index.php?rest_route=%2Fwp%2Fv2%2Fmedia&parent=1017"}],"wp:term":[{"taxonomy":"category","embeddable":true,"href":"https:\/\/bruxelles-pantheres.be\/index.php?rest_route=%2Fwp%2Fv2%2Fcategories&post=1017"},{"taxonomy":"post_tag","embeddable":true,"href":"https:\/\/bruxelles-pantheres.be\/index.php?rest_route=%2Fwp%2Fv2%2Ftags&post=1017"}],"curies":[{"name":"wp","href":"https:\/\/api.w.org\/{rel}","templated":true}]}}