{"id":1020,"date":"2012-07-05T00:05:56","date_gmt":"2012-07-04T23:05:56","guid":{"rendered":"https:\/\/bruxelles-pantheres.be\/?p=1020"},"modified":"2013-11-12T00:08:03","modified_gmt":"2013-11-11T23:08:03","slug":"thomas-sankarainterview-du-4-octobre-1987","status":"publish","type":"post","link":"https:\/\/bruxelles-pantheres.be\/?p=1020","title":{"rendered":"Thomas Sankara,Interview du 4 octobre 1987"},"content":{"rendered":"<div class=\"entry-content\">\n<h3 style=\"text-align: center;\"><img decoding=\"async\" alt=\"http:\/\/nsa25.casimages.com\/img\/2011\/03\/29\/110329020954845617.jpg\" src=\"http:\/\/nsa25.casimages.com\/img\/2011\/03\/29\/110329020954845617.jpg\" \/><\/h3>\n<h3 style=\"text-align: center;\">Thomas Sankara,<\/h3>\n<h3 style=\"text-align: center;\">message d\u2019outre tombe. Interview du 4 octobre 1987<!--more--><\/h3>\n<div style=\"text-align: justify;\">jeudi 25 f\u00e9vrier 2010 par Bruno Jaffr\u00e9<\/div>\n<div>\n<div style=\"text-align: center;\">\n<p style=\"text-align: justify;\">Nous vous livrons ci-dessous la derni\u00e8re interview connue \u00e0 ce jour de Thomas Sankara publi\u00e9 dans Jeune Afrique le 11 novembre 1987. Nous avons pu entrer en contact avec Inga Nagel qui l\u2019a r\u00e9alis\u00e9e. Allemande de nationalit\u00e9, elle \u00e9tait alors une journaliste engag\u00e9e, pigiste pour plusieurs journaux allemands, travaillant sur la situation des femmes, ou des projets de d\u00e9veloppement. Vivant alors au Cameroun, elle \u00e9tait venue au Burkina pour r\u00e9aliser l\u2019interview, particuli\u00e8rement motiv\u00e9e \u00e0 l\u2019id\u00e9e de rencontrer Sankara. Elle se rend donc \u00e0 Tenkodogo le 2 octobre pour assister \u00e0 la comm\u00e9moration du DOP, <em> <strong> <a href=\"http:\/\/thomassankara.net\/spip.php?article51\" rel=\"external\">le Discours d\u2019Orientation Politique<\/a><\/strong> <\/em> en compagnie de Paulin Bamouni qui \u00e9tait alors responsable de la presse pr\u00e9sidentielle. C\u2019est \u00e0 cette occasion que Sankara a donn\u00e9 un important discours connu aujourd\u2019hui sous le titre\u00a0: <em> <strong><a href=\"http:\/\/thomassankara.net\/spip.php?article41\" rel=\"external\">Nous avons besoin d\u2019un peuple convaincu plut\u00f4t que d\u2019un peuple vaincu 2 Octobre 1987<\/a><\/strong> <\/em> .<\/p>\n<p style=\"text-align: justify;\">Elle raconte\u00a0: \u00ab\u00a0<em>C\u2019est mon tout premier contact avec TS et je faisais tout pour capter son attention pour qu\u2019il me donne un RDV pour une interview que j\u2019attendais tant. C\u2019est dimanche matin, le 4 octobre qu\u2019il m\u2019a fait appel\u00e9, vers 10h. Bamouni m\u2019a re\u00e7u en bas dans la Pr\u00e9sidence et nous sommes mont\u00e9. Il m\u2019a ouvert la porte pour me laisser entrer et j\u2019\u00e9tais seule avec Sankara pendant une bonne heure et demie. Aucun contr\u00f4le de sac, personne m\u2019a demand\u00e9 les questions que je voulais poser \u2026<\/em>\u00a0\u00bb<\/p>\n<p style=\"text-align: justify;\">Inga Nagel a aussi retrouv\u00e9 l\u2019interview audio compl\u00e8te. Une interview tr\u00e8s longue particuli\u00e8rement importante puisqu\u2019elle a \u00e9t\u00e9 r\u00e9alis\u00e9e a peine 10 jours avant son assassinat. Vous trouverez l\u2019interview audio compl\u00e8te \u00e0 <em> <strong><a href=\"http:\/\/www.thomassankara.net\/spip.php?article921\">http:\/\/www.thomassankara.net\/spip.php?article921<\/a><\/strong><\/em><\/p>\n<p style=\"text-align: justify;\"><em><strong><\/strong> <\/em><em> <strong>La r\u00e9daction de thomassankara.net<\/strong> <\/em><\/p>\n<hr \/>\n<p style=\"text-align: justify;\"><em> <strong>Propos recueillis par Inga Nagel<\/strong> <\/em><\/p>\n<p style=\"text-align: justify;\"><em>Dans sa derni\u00e8re interview, il fait son propre bilan critique, et r\u00e9pond \u00e0 toutes les questions, y compris sur son \u00e9ventuel assassinat. Onze jours exactement avant son meurtre, Thomas Sankara accordait sa derni\u00e8re interview \u00e0 une journaliste allemande, Inga Nagel. Avec une certaine pr\u00e9monition il lui a dit\u00a0: \u00ab\u00a0un jour, peut-\u00eatre, quelqu\u2019un va sortir de la foule et tirer sur le pr\u00e9sident. Et puis voil\u00e0, il est mort. Ca peut arriver.\u00a0\u00bb Mais ent\u00eat\u00e9 dans sa confiance aux hommes \u2013 si ce n\u2019est dans sa m\u00e9connaissance de la nature humaine \u2013 il niait toujours les dissensions entre ses camarades et lui. Toujours enthousiaste, il persistait \u00e0 vouloir s\u2019identifier au peuple. Mais r\u00e9aliste, il a fait lui-m\u00eame son bilan, mettant l\u2019accent sur deux ou trois petites victoires et\u2026 dix milles erreurs. <\/em><\/p>\n<p style=\"text-align: justify;\"><em> <strong>Senen Andriamirado.<\/strong> <\/em><\/p>\n<p style=\"text-align: justify;\">Jeune Afrique\u00a0: <strong>Quel Bilan feriez-vous quatre ans apr\u00e8s l\u2019av\u00e8nement de la r\u00e9volution\u00a0?<\/strong><\/p>\n<p style=\"text-align: justify;\">Thomas Sankara\u00a0: Je n\u2019aime pas tellement cette question parce-que je suis moi-m\u00eame acteur. On dit chez nous\u00a0: \u00ab\u00a0U<em>n danseur ne peut pas savoir s\u2019il danse bien.<\/em>\u00a0\u00bb Mais nous pensons, en toute modestie, que nous avons remport\u00e9 bien des victoires. Nous avons construit plus d\u2019\u00e9coles\u00a0? Nous avons multipli\u00e9 le taux de scolarisation par 2\u00a0: il est pass\u00e9 de 12% \u00e0 plus de 23%. Nous avons construit un poste de sant\u00e9 primaire par village et nous sommes en train de \u00ab\u00a0conscientiser\u00a0\u00bb les gens pour qu\u2019ils entretiennent cas postes de sant\u00e9. Maintenant les gens ont pris l\u2019habitude.<\/p>\n<p style=\"text-align: justify;\">J.A.\u00a0: <strong>Vous reconnaissez-vous des \u00e9checs, voire des erreurs personnelles <\/strong><\/p>\n<p style=\"text-align: justify;\">T.S.\u00a0: Ah oui. Nous avons connu beaucoup, beaucoup d\u2019\u00e9checs. Chaque jour nous commettons des erreurs, mais la diff\u00e9rence est qu\u2019avant nous commettions cent erreurs et nous avions z\u00e9ro victoire. Maintenant, nous commettons peut-\u00eatre dix mille erreurs, mais nous avons deux, trois petites victoires. Nos erreurs sont tellement nombreuses qu\u2019il m\u2019est difficile de les citer. Dans l\u2019appr\u00e9ciation des hommes ou de la situation par exemple. Nous m\u00eame, nous nous d\u00e9courageons parfois, nous sommes impatients ou intol\u00e9rants. Je prends tout cela \u00e0 mon compte, parce-que c\u2019est moi le pr\u00e9sident. Ces erreurs, c\u2019est moi. Et cela me rend triste, tr\u00e8s souvent.<\/p>\n<p style=\"text-align: justify;\">J.A.\u00a0: <strong>Faites-vous toujours \u00e0 temps le constat de vos erreurs\u00a0?<\/strong><\/p>\n<p style=\"text-align: justify;\">T.S.\u00a0: Ca c\u2019est une autre erreur que nous commettons. Parfois nous n\u2019arrivons pas \u00e0 les constater suffisamment \u00e0 temps. Peu importe de savoir qui commet ces erreurs, l\u2019essentiel est que nous les acceptions comme des erreurs \u00e0 nous tous.<\/p>\n<p style=\"text-align: justify;\">J.A.\u00a0: <strong>L\u2019autosuffisance alimentaire est votre but primordial. Comment pourrez-vous l\u2019atteindre s\u2019il ne pleut pas assez\u00a0?<\/strong><\/p>\n<p style=\"text-align: justify;\">T.S.\u00a0: D\u2019abord par des barrages, grands et petits, et beaucoup de retenues d\u2019eau. Nous ne pouvons pas compter uniquement sur les pluies. Apr\u00e8s, nous essayons de r\u00e9g\u00e9n\u00e9rer les sols et de reboiser. Nous voulons lancer cette ann\u00e9e \u00ab\u00a0la ceinture verte\u00a0\u00bb au nord du pays et nous allons d\u00e9placer plusieurs milliers de personnes pour y planter des arbres.<\/p>\n<p style=\"text-align: justify;\"><img decoding=\"async\" title=\"Thomas Sankara, Paulin Bamouni et Inga Nagel le 2 octobre 1987 \u00e0 Tenkodogo\" alt=\"Thomas Sankara, Paulin Bamouni et Inga Nagel le 2 octobre 1987 \u00e0 Tenkodogo\" src=\"http:\/\/www.thomassankara.net\/IMG\/jpg\/Thomas_Sankara_avec_Inga_Nagel_4-10-87_a_Tenkodogo_compresse.jpg\" width=\"448\" height=\"317\" \/><\/p>\n<p style=\"text-align: justify;\">J.A. <strong>Planter des arbres est relativement vite fait. Mais comment les prot\u00e9ger\u00a0?<\/strong><\/p>\n<p style=\"text-align: justify;\">T.S. Nous sommes oblig\u00e9s de prendre des mesures contre la divagation des animaux, contre la coupe abusive du bois et contre les feux de brousse. C\u2019est \u00e7a que nous appelons les \u00ab\u00a0trois luttes\u00a0\u00bb.<\/p>\n<p style=\"text-align: justify;\">J.A.\u00a0: <strong>Ceux qui ne respectent pas ces mots d\u2019ordre sont ils vraiment sanctionn\u00e9s\u00a0?<\/strong><\/p>\n<p style=\"text-align: justify;\">T.S.\u00a0: Il y a eut beaucoup de sanctions. On nous a m\u00eame critiqu\u00e9s pour notre s\u00e9v\u00e9rit\u00e9. Je ne dis pas que tout le monde est disciplin\u00e9 maintenant. Mais, il y a quelques ann\u00e9es, on voyait des animaux gambader dans les rues de Ouagadougou\u00a0; on ne les voit plus maintenant. Parce-que nous avons donn\u00e9 l\u2019autorisation \u00e0 nos compatriotes d\u2019attraper, de tuer, de manger tous les animaux en divagation et sans gardiens. C\u2019est la seule fa\u00e7on.<\/p>\n<p style=\"text-align: justify;\">J.A.\u00a0: <strong>Certains s\u2019inqui\u00e8tent \u00e0 propos de la bi\u00e8re. Vous voulez interdire de faire brasser de la bi\u00e8re \u00e0 partir de janvier 1988, si on n\u2019arrive pas \u00e0 remplacer les c\u00e9r\u00e9ales import\u00e9es par des produits locaux. Mais comment voulez-vous utiliser du mil pour brasser la bi\u00e8re s\u2019il n\u2019y en a m\u00eame pas assez pour l\u2019alimentation\u00a0?<\/strong><\/p>\n<p style=\"text-align: justify;\">T.S.\u00a0: La bi\u00e8re n\u2019est pas une priorit\u00e9. Qu\u2019est-ce qu\u2019on choisit, le mil pour manger ou le mil pour boire\u00a0? Je crois qu\u2019il faut d\u2019abord nourrir les gens. Ensuite on verra le sort de ceux qui veulent boire. Tous les burkinab\u00e8 ne boivent pas de la bi\u00e8re, mais tous les burkinab\u00e8 mangent chaque jour. Il y aura de la bi\u00e8re premi\u00e8rement \u00e0 condition que les gens aient fini de manger \u00e0 leur faim, deuxi\u00e8mement \u00e0 condition que ce soit \u00e0 partir de mil du Burkina. Est-ce qu\u2019un r\u00e9gime politique s\u00e9rieux peut avoir comme pr\u00e9occupation principale le sort des buveurs de bi\u00e8re\u00a0?<\/p>\n<p style=\"text-align: justify;\">J.A.\u00a0: <strong>Vous avez parl\u00e9 de la modernisation de l\u2019agriculture. Il vous faut importer des machine agricoles, des engrais, etc. Votre d\u00e9pendance vis-\u00e0-vis de l\u2019ext\u00e9rieur ne va-t-elle pas s\u2019aggraver\u00a0?<\/strong><\/p>\n<p style=\"text-align: justify;\">T.S.\u00a0: C\u2019est vrai. Nous luttons contre les importations des engrais chimiques et d\u00e9veloppons l\u2019utilisation des engrais organiques, des fumures. Nos paysans sont en train d\u2019apprendre de nouvelles m\u00e9thodes. La modernisation ne veut pas forc\u00e9ment dire l\u2019utilisation de tracteurs, mais aussi des charrues \u00e0 traction animale. Nous essayons de fabriquer ces charrues ici et nous cherchons des partenaires pour transformer les vielles carcasses de voitures en charrues.<\/p>\n<p style=\"text-align: justify;\">J.A.\u00a0: <strong>On attend toujours la r\u00e9forme agraire annonc\u00e9e\u2026<\/strong><\/p>\n<p style=\"text-align: justify;\">T.S.\u00a0: Je reconnais nos lenteurs administratives. Voil\u00e0 un de nos \u00e9checs, mais nous allons les corriger, m\u00eame s\u2019il faut attendre encore quelques mois.<\/p>\n<p style=\"text-align: justify;\">J.A.\u00a0: <strong>Parlons des fonctionnaires. N\u2019avez-vous pas peur de ce potentiel d\u2019ennemis\u00a0? Les mesures du gouvernement les ont touch\u00e9s brutalement, au moins en ce qui concerne la r\u00e9duction de leurs salaires\u2026<\/strong><\/p>\n<p style=\"text-align: justify;\">T.S.\u00a0: C\u2019est vrai, ils ne sont pas contents et je les comprends. Moi-m\u00eame je suis fonctionnaire et je comprends leur situation. Ils avaient auparavant des salaires tr\u00e8s \u00e9lev\u00e9s. Aujourd\u2019hui on leur demande de partager avec tout le peuple. Ils ont perdu quelque chose. Mais il y a un choix \u00e0 faire. Ou bien nous cherchons \u00e0 contenter les fonctionnaires \u2013 ils sont \u00e0 peu pr\u00e8s 25000, disons 0,3% de la population \u2013 ou bien nous cherchons \u00e0 nous occuper de tous ces autres qui ne peuvent m\u00eame pas avoir un comprim\u00e9 de nivaquine ou d\u2019aspirine et qui meurent simplement lorsqu\u2019ils sont malades. Les fonctionnaires ne savent pas ce que c\u2019est que l\u2019autosuffisance alimentaire. Ils ne savent pas ce que c\u2019est que la s\u00e9cheresse. Mais combien de burkinab\u00e8s sont morts \u00e0 cause de la s\u00e9cheresse\u00a0? S\u2019il faut prendre cette question en consid\u00e9ration, il faut en trouver la solution. Ca va \u00eatre un peu difficile pour les fonctionnaires. C\u2019est pourquoi dans tous mes discours, je dis qu\u2019il faut les comprendre, et petit \u00e0 petit essayer de leur expliquer\u00a0: \u00ab\u00a0vous avez \u00e0 manger parce-que vous \u00eates fonctionnaires, mais si le peuple est mis\u00e9rable et continue \u00e0 \u00eatre abandonn\u00e9 \u00e0 la mis\u00e8re, un jour le peuple va vous emp\u00eacher de manger tranquillement. Il viendra d\u2019abord \u00e0 votre porte et ensuite il la forcera avant de p\u00e9n\u00e9trer dans votre maison pour tout casser et pour manger avec vous par la force.\u00a0\u00bb<\/p>\n<p style=\"text-align: justify;\">J.A.\u00a0: <strong>On parle d\u2019une m\u00e9sentente au sein du Conseil National de la R\u00e9volution.<\/strong><\/p>\n<p style=\"text-align: justify;\">T.S.\u00a0: Ces rumeurs courent toujours et cela nous fait beaucoup de peine. Nous devons faire des efforts pour corriger cela. Mais c\u2019est normal aussi. Parce-que les gens ne sont pas habitu\u00e9s \u00e0 voir les dirigeants s\u2019entendre au sommet. Dans notre pays, chez nos voisins, en g\u00e9n\u00e9ral, on a vu qu\u2019apr\u00e8s deux ou trois ans au maximum, les dirigeants ont eut ces plans dans la t\u00eate\u00a0; le peuple peut se demander pourquoi, nous, nous n\u2019aurions pas les m\u00eames plans\u00a0? C\u2019est la m\u00eame chose avec l\u2019honn\u00eatet\u00e9. Les gens ont pris l\u2019habitude de voir des dirigeants d\u00e9tourner l\u2019argent du peuple. Ils ne comprennent pas pourquoi cela ne se produit pas. Alors si vous ne donnez pas d\u2019explications, la rumeur fournit ses propres explications pour boucher le vide.<\/p>\n<p style=\"text-align: justify;\">J.A.\u00a0: <strong>Que signifie pour vous \u00eatre Chef d\u2019Etat\u00a0?<\/strong><\/p>\n<p style=\"text-align: justify;\">T.S.\u00a0: Beaucoup de responsabilit\u00e9s. Il faut g\u00e9rer la joie de tous vos compatriotes, faire en sorte que chaque jour il n\u2019y en ait pas un seul qui soit triste et c\u2019est difficile de r\u00e9ussir le bonheur, d\u2019\u00eatre responsable de tout. Or les hommes ne vont pas \u00eatre d\u2019accord avec tout ce que vous estimez juste et bon. Si tout le monde est d\u2019accord, nous allons vers le bonheur. Mais tout le monde n\u2019est pas d\u2019accord. Pendant que vous dites aux gens\u00a0: \u00ab\u00a0nous allons marcher dans cette direction\u00a0\u00bb certains vont marcher dans l\u2019autre direction.<\/p>\n<p style=\"text-align: justify;\">J.A.\u00a0: <strong>Savez-vous ce que le peuple pense de vous\u00a0?<\/strong><\/p>\n<p style=\"text-align: justify;\">T.S.\u00a0: Pas tout. C\u2019est difficile de le savoir. Mais je crois que si on aime son peuple, si on s\u2019int\u00e9resse \u00e0 son peuple, on doit savoir au moins dans les grands traits ce qu\u2019il pense.<\/p>\n<p style=\"text-align: justify;\">J.A.\u00a0: <strong>\u00ab\u00a0<em>Vivre avec les masses<\/em>\u00a0\u00bb\u00a0; qu\u2019est-ce que cela peut signifier de la part de l\u2019homme qui vit au palais pr\u00e9sidentiel\u00a0? <\/strong><\/p>\n<p style=\"text-align: justify;\">T.S.\u00a0: L\u2019homme qui vit au palais y est parce qu\u2019il a besoin de ce cadre pour des raisons de protocole et de s\u00e9curit\u00e9. Mais il faut des efforts pour avoir son esprit hors du palais. C\u2019est pourquoi je vais souvent dans les provinces voir les gens, discuter avec eux. Je dois \u00eatre accessible, ce qui me permet de conna\u00eetre, de comprendre certaines choses. En tant que dirigeant il vous faut \u00eatre au dixi\u00e8me \u00e9tage ce qui vous permet de voir tr\u00e8s loin\u00a0; mais de temps en temps, il faut descendre au rez-de chauss\u00e9e pour voir \u00e9galement dans la rue ce qu\u2019il se passe.<\/p>\n<p style=\"text-align: justify;\">J.A.\u00a0: <strong>Qu\u2019est-ce qui a chang\u00e9 dans votre vie depuis que vous \u00eates pr\u00e9sident\u00a0?<\/strong><\/p>\n<p style=\"text-align: justify;\">T.S.\u00a0: J\u2019ai d\u00e9couvert des r\u00e9alit\u00e9s que je ne connaissais pas. J\u2019ai appris \u00e0 \u00eatre beaucoup plus tol\u00e9rant, \u00e0 comprendre que les hommes ne sont pas identiques. Une id\u00e9e peut \u00eatre juste. Mais ce n\u2019est pas parce qu\u2019une id\u00e9e est juste qu\u2019elle sera accept\u00e9e par tout le monde. Pour accepter cette id\u00e9e, chacun a besoin d\u2019une explication qui passe par des chemins parfois diff\u00e9rents. Il y a un proverbe de chez moi qui dit\u00a0: \u00ab\u00a0pour guider son troupeau, le berger a besoin d\u2019un seul b\u00e2ton.\u00a0\u00bb Mais pour guider un peuple, on a besoin pour chacun d\u2019une r\u00e8gle bien adapt\u00e9e. Certains veulent des r\u00e8gles petites, d\u2019autres veulent des r\u00e8gles grosses, souples, s\u00fbres, avec \u00e9pines, sans \u00e9pines. Donc il faut parler \u00e0 chacun le langage qu\u2019il veut. Je devrai avoir un seul objectif\u00a0: 8 millions de discours pour adapter les discours \u00e0 chacun\u00a0! Ce n\u2019est pas facile.<\/p>\n<p style=\"text-align: justify;\">J.A.\u00a0: <strong>Comment voyez-vous votre propre avenir sur le plan politique\u00a0?<\/strong><\/p>\n<p style=\"text-align: justify;\">T.S.\u00a0: Je le vois li\u00e9 aux masses populaires. C\u2019est-\u00e0-dire que je serai heureux quand les gens seront tr\u00e8s heureux. Si malheureusement je n\u2019y arrive pas, je vois un avenir tr\u00e8s sombre.<\/p>\n<p style=\"text-align: justify;\">J.A.\u00a0: <strong>Avez-vous peur d\u2019un coup d\u2019\u00e9tat\u00a0?<\/strong><\/p>\n<p style=\"text-align: justify;\">T.S.\u00a0: Je n\u2019y pense pas. Ca peut arriver. Mais je pr\u00e9f\u00e8re ne pas y penser. Je me dis que coup d\u2019Etat ou pas coup d\u2019\u00e9tat, la solution r\u00e9sidera dans la capacit\u00e9 des masses \u00e0 nous prot\u00e9ger. Bien sur quelqu\u2019un peut sortir de la foule et tirer sur le pr\u00e9sident voil\u00e0, il est mort. C\u2019est une chose qui peut arriver \u00e0 tout moment. Le plus important c\u2019est qu\u2019\u00e0 tout moment aussi le peuple ait besoin de chacun de nous. Parce-que nous faisons un travail utile. Nous ne marquons pas des buts \u00e0 tous moment, mais nous sommes tous utiles dans l\u2019\u00e9quipe.<\/p>\n<p style=\"text-align: justify;\">J.A.\u00a0: <strong>Parlons de politique \u00e9trang\u00e8re. Pensez-vous que l\u2019OUA demeure l\u2019instrument le plus appropri\u00e9 pour r\u00e9soudre les probl\u00e8mes du continent\u00a0?<\/strong><\/p>\n<p style=\"text-align: justify;\">T.S.\u00a0: Je crois en l\u2019unit\u00e9 africaine et je crois qu\u2019elle se fera. Peut-\u00eatre dans mille ans, je ne sais quand, mais elle se fera en fonction de ce que les peuples voudront. De plus en plus, les peuples africains ignorent les fronti\u00e8res. Ce qui veut dire que si les dirigeants ne veulent pas \u00eatre balay\u00e9s par leurs peuples, ils doivent s\u2019identifier \u00e0 eux et respecter les int\u00e9r\u00eats de leurs peuples. Cela va amener \u00e0 l\u2019unit\u00e9. L\u2019unit\u00e9 au sommet entre quelques dirigeants ne suffira pas.<\/p>\n<p style=\"text-align: justify;\">J.A.\u00a0: <strong>Edem Kodjo a dit une fois\u00a0: \u00ab\u00a0L\u2019Afrique est absente des grands d\u00e9bats plan\u00e9taires.\u00a0\u00bb A qui en attribuez-vous la faute\u00a0?<\/strong><\/p>\n<p style=\"text-align: justify;\">T.S.\u00a0: La faute est \u00e0 ceux qui exploitent l\u2019Afrique. La faute est aussi aux africains qui ne s\u2019unissent pas pour prendre leur place. L\u2019esclave m\u00e9rite ses cha\u00eenes. L\u2019esclave qui ne lutte pas, qui ne prends pas d\u2019engagement, ne peut pas se d\u00e9barrasser de ses cha\u00eenes. Il reste esclave quels que soient les discours moralistes de son ma\u00eetre. Les Africains doivent s\u2019organiser contre tous ceux qui les excluent des d\u00e9bats de ce monde. Ils doivent s\u2019imposer et il leur est possible de s\u2019imposer.<\/p>\n<p style=\"text-align: justify;\">J.A.\u00a0: <strong>Pourquoi avez-vous organis\u00e9 un forum contre l\u2019apartheid \u00e0 Ouaga\u00a0?<\/strong><\/p>\n<p style=\"text-align: justify;\">T.S.\u00a0: Nous sommes tous contre l\u2019apartheid et nous estimons que l\u2019apartheid est l\u2019affaire de tous les hommes, les noirs et les non noirs. S\u2019il est vrai que les noirs veulent se lib\u00e9rer de la domination des blancs racistes d\u2019Afrique du Sud, je ne crois pas que ce soit un plaisir pour les autres blancs, qu\u2019ils soient en Afrique ou hors d\u2019Afrique, de savoir que les noirs pourraient un jour les confondre avec les blancs racistes de l\u2019Afrique du Sud. Donc je crois que c\u2019est dans l\u2019int\u00e9r\u00eat de tout le monde que le racisme et l\u2019apartheid soient \u00e9radiqu\u00e9s dans le monde. Mais les d\u00e9bats au niveau des gouvernements ne suffisent pas parce qu\u2019il s\u2019y m\u00eale ce qu\u2019on appelle des int\u00e9r\u00eats d\u2019Etat. Mais aucun peuple ne peut lutter contre l\u2019apartheid si, d\u00e9j\u00e0, il n\u2019a pas acquis une conscience anti-apartheid.<\/p>\n<p style=\"text-align: justify;\">J.A.\u00a0: <strong>Que pensez-vous de l\u2019armement m\u00eame atomique, des pays du tiers monde\u00a0?<\/strong><\/p>\n<p style=\"text-align: justify;\">T.S.\u00a0: Je ne veux pas que nous parlions de l\u2019armement comme s\u2019il y avait d\u2019un cot\u00e9 l\u2019armement acceptable et de l\u2019autre un armement inacceptable. Il est d\u2019abord important de savoir ce que l\u2019on veut obtenir comme r\u00e9sultats avec les armes. Imposer une certaine loi aux peuples\u00a0? Est-ce que la meilleure loi des soci\u00e9t\u00e9s n\u2019est pas cette loi que le peuple lui-m\u00eame choisit\u00a0? Si on laissait la libert\u00e9 et la d\u00e9mocratie s\u2019exprimer, ce serait plus fort que la bombe atomique, que toutes les prisons, que toutes les polices du monde. Mais moins on \u00e9coute la voix du peuple, moins on respecte le droit du peuple \u00e0 s\u2019exprimer, plus on est oblig\u00e9 d\u2019employer la force, qu\u2019elle soit atomique ou conventionnelle.<\/p>\n<p style=\"text-align: justify;\">J.A.\u00a0: <strong>Est-il justifiable que les pauvres d\u00e9pensent autant d\u2019argent pour l\u2019armement\u00a0?<\/strong><\/p>\n<p style=\"text-align: justify;\">T.S.\u00a0: L\u2019armement n\u2019est pas un luxe, un droit des riches. C\u2019est une b\u00eatise des pauvres et des riches. Il-y a un proverbe allemand qui dit \u00ab\u00a0le plus sage c\u00e8de.\u00a0\u00bb C\u2019est le plus sage qui pourra se montrer le plus grand \u00e9galement. La plus grande des puissances, c\u2019est celle qui sait donner le plus de dignit\u00e9, le plus de libert\u00e9, le plus de d\u00e9mocratie au peuple.<\/p>\n<p style=\"text-align: justify;\"><em> <strong>Merci \u00e0 Inga Nagel et \u00e0 Antoine Souef d\u2019avoir rendu possible la publication de cette interview.<\/strong><\/em><\/p>\n<p style=\"text-align: justify;\"><a href=\"http:\/\/www.thomassankara.net\/spip.php?page=forum&amp;id_article=901&amp;lang=fr\">Source<\/a><\/p>\n<p><img decoding=\"async\" alt=\"http:\/\/grigrinews.com\/wp-content\/uploads\/2011\/11\/Thomas-Sankara.jpg\" src=\"http:\/\/grigrinews.com\/wp-content\/uploads\/2011\/11\/Thomas-Sankara.jpg\" \/><\/p>\n<address><strong>Justice pour Thomas Sankara Justice pour l\u2019Afrique<\/strong><\/address>\n<address>\u00a0<\/address>\n<address>\u00a0<\/address>\n<address>\n<p style=\"text-align: justify;\"><em> <strong>Pour signer l\u2019appel, vous devez remplir le formulaire qui se trouve ci-dessous. Votre adresse mail ne sera pas rendue publique. Mais un mail y sera envoy\u00e9 automatiquement par notre serveur \u00e0 l\u2019adresse mail que vous aurez donn\u00e9e. Dans ce mail, vous trouverez un lien sur lequel vous devrez cliquer pour que votre signature soit confirm\u00e9e.<\/strong> <\/em><\/p>\n<\/address>\n<hr \/>\n<address>De nombreux t\u00e9moignages, souvent en provenance d\u2019anciens compagnons de Charles Taylor, mettent en cause Blaise Compaor\u00e9 dans l\u2019assassinat de Thomas Sankara, avec la complicit\u00e9 d\u2019Houphou\u00ebt Boigny, mais aussi de la France, de la CIA et d\u2019autres personnalit\u00e9s africaines.<\/address>\n<p>En avril 2006, le Comit\u00e9 des Droits de l\u2019Homme de l\u2019ONU, saisi par le Collectif Juridique de la Campagne internationale Justice pour Thomas Sankara (CIJS) au nom de la famille, donnait raison aux plaignants et, demandait \u00e0 l\u2019Etat burkinab\u00e9 d\u2019\u00e9lucider l\u2019assassinat de Thomas Sankara, de fournir \u00e0 la famille les moyens d\u2019une justice impartiale, de rectifier son certificat de d\u00e9c\u00e8s, de prouver le lieu de son enterrement, de compenser la famille pour le traumatisme subi, et de divulguer publiquement la d\u00e9cision du comit\u00e9.<\/p>\n<p>Le 21 avril 2008, le comit\u00e9 des droits de l\u2019homme de l\u2019ONU, en contradiction totale avec la d\u00e9cision pr\u00e9c\u00e9dente a clos le dossier sans qu\u2019une enqu\u00eate n\u2019ait \u00e9t\u00e9 diligent\u00e9e. Cette d\u00e9cision ne fait pas honneur \u00e0 cette institution.<\/p>\n<p>Au sein de la communaut\u00e9 internationale certains font mine de voir en Blaise Compaor\u00e9 un homme de paix, lui qui pourtant est notoirement impliqu\u00e9 dans les conflits au Lib\u00e9ria, en Sierra L\u00e9one et dans des trafics d\u2019armes et de diamants pour l\u2019UNITA de Jonas Sawimbi alors sous embargo onusien, et plus r\u00e9cemment dans le conflit qui a d\u00e9chir\u00e9 la C\u00f4te d\u2019Ivoire.<\/p>\n<p>Cette m\u00eame communaut\u00e9 internationale nous propose de nous apitoyer sur ce Continent pourtant si riche qu\u2019est l\u2019Afrique, tout en travaillant \u00e0 perp\u00e9tuer son assistance et sa soumission. En r\u00e9alit\u00e9, les vraies raisons des difficult\u00e9s du continent sont \u00e0 chercher dans les r\u00e9seaux internationaux qui fomentent les guerres et les assassinats pour conserver leur mainmise sur les richesses du continent avec la complicit\u00e9 des pays occidentaux et de certains dirigeants africains.<\/p>\n<p>Plus de 22 ans apr\u00e8s son assassinat, Sankara, personnage historique, leader africain de premier plan, repr\u00e9sente de plus en plus une r\u00e9f\u00e9rence, comme leader int\u00e8gre, d\u00e9termin\u00e9, cr\u00e9atif et courageux, pr\u00e9curseur de la lutte pour la d\u00e9fense de l\u2019environnement et la r\u00e9volution burkinab\u00e9 est devenu un mod\u00e8le de d\u00e9veloppement. Sankara a \u00e9t\u00e9 assassin\u00e9 parce qu\u2019il d\u00e9non\u00e7ait la dette odieuse et le diktat des puissances occidentales, mais aussi parce qu\u2019il engageait une politique d\u00e9cid\u00e9e dans son pays, orient\u00e9e vers les besoins de son pays, pour la satisfaction des populations de son pays, tout en \u0153uvrant pour le panafricanisme.<\/p>\n<p>C\u2019est pourquoi nous soutenons et appelons \u00e0 soutenir les initiatives du collectif juridique du la CIJS qui inlassablement, depuis plus de 12 ans, intente, des actions juridiques aux c\u00f4t\u00e9s de la famille Sankara.<\/p>\n<p>Nous demandons l\u2019ouverture des archives des pays que les t\u00e9moignages d\u00e9signent comme impliqu\u00e9s \u00e0 savoir principalement la France, les USA, mais aussi la C\u00f4te d\u2019Ivoire, le Togo et la Libye.<\/p>\n<p>Nous demandons que s\u2019engage sans tarder, une enqu\u00eate ind\u00e9pendante sur l\u2019assassinat de Thomas Sankara. Ceci est un devoir pour la communaut\u00e9 internationale, un droit pour la famille Sankara, une exigence pour la jeunesse d\u2019Afrique, une n\u00e9cessit\u00e9 pour l\u2019avenir de ce continent qui ne saurait se construire avec une histoire amput\u00e9e de la v\u00e9rit\u00e9 sur un des \u00e9pisodes majeurs de la fin du 20eme si\u00e8cle. Nous appelons la jeunesse, les partis d\u00e9mocratiques, le mouvement social en Afrique et au-del\u00e0 dans les pays du monde \u00e0 continuer \u00e0 se mobiliser pour que cette enqu\u00eate fasse toute la lumi\u00e8re sur cet assassinat et pour que justice soit faite, ce qui serait un grand pas pour mettre fin \u00e0 l\u2019impunit\u00e9 en Afrique.<\/p>\n<address>POUR SIGNER L\u2019APPEL, VOUS DEVEZ REMPLIR LE FORMULAIRE QUI SE TROUVE <a href=\"http:\/\/thomassankara.net\/spip.php?article866&amp;lang=fr\">ICI <\/a><\/address>\n<address>\u00a0<\/address>\n<address>LANGUE ET TRADUCTIONS DE L\u2019ARTICLE<\/address>\n<div dir=\"ltr\" style=\"text-align: justify;\">English : <a dir=\"ltr\" href=\"http:\/\/thomassankara.net\/spip.php?action=converser&amp;redirect=http:\/\/thomassankara.net%2Fspip.php?article876&amp;var_lang=en\">Justice for Thomas Sankara, Justice for Africa<\/a><\/div>\n<address>\u00a0<\/address>\n<div dir=\"ltr\" style=\"text-align: justify;\">Espa\u00f1ol : <a dir=\"ltr\" href=\"http:\/\/thomassankara.net\/spip.php?action=converser&amp;redirect=http:\/\/thomassankara.net%2Fspip.php?article879&amp;var_lang=es\">Justicia para Thomas Sankara Justicia para \u00c1frica<\/a><\/div>\n<address>\u00a0<\/address>\n<div dir=\"ltr\" style=\"text-align: justify;\">italiano : <a dir=\"ltr\" href=\"http:\/\/thomassankara.net\/spip.php?action=converser&amp;redirect=http:\/\/thomassankara.net%2Fspip.php?article878&amp;var_lang=it\">Giustizia per Thomas Sankara Giustizia per l\u2019Africa<\/a><\/div>\n<address>\u00a0<\/address>\n<div dir=\"ltr\" style=\"text-align: justify;\">Deutsch : <a dir=\"ltr\" href=\"http:\/\/thomassankara.net\/spip.php?action=converser&amp;redirect=http:\/\/thomassankara.net%2Fspip.php?article880&amp;var_lang=de\">Gerechtigkeit f\u00fcr Thomas Sankara Gerechtigkeit f\u00fcr Afrika\u00a0!<\/a><\/div>\n<\/div>\n<\/div>\n<\/div>\n","protected":false},"excerpt":{"rendered":"<p>Thomas Sankara, message d\u2019outre tombe. Interview du 4 octobre 1987<\/p>\n","protected":false},"author":1,"featured_media":307,"comment_status":"open","ping_status":"open","sticky":false,"template":"","format":"standard","meta":{"footnotes":""},"categories":[1,21,36],"tags":[34,57],"class_list":["post-1020","post","type-post","status-publish","format-standard","has-post-thumbnail","hentry","category-non-classe","category-anti-imperialisme","category-europe","tag-dette","tag-thomas-sankara"],"_links":{"self":[{"href":"https:\/\/bruxelles-pantheres.be\/index.php?rest_route=\/wp\/v2\/posts\/1020","targetHints":{"allow":["GET"]}}],"collection":[{"href":"https:\/\/bruxelles-pantheres.be\/index.php?rest_route=\/wp\/v2\/posts"}],"about":[{"href":"https:\/\/bruxelles-pantheres.be\/index.php?rest_route=\/wp\/v2\/types\/post"}],"author":[{"embeddable":true,"href":"https:\/\/bruxelles-pantheres.be\/index.php?rest_route=\/wp\/v2\/users\/1"}],"replies":[{"embeddable":true,"href":"https:\/\/bruxelles-pantheres.be\/index.php?rest_route=%2Fwp%2Fv2%2Fcomments&post=1020"}],"version-history":[{"count":1,"href":"https:\/\/bruxelles-pantheres.be\/index.php?rest_route=\/wp\/v2\/posts\/1020\/revisions"}],"predecessor-version":[{"id":1021,"href":"https:\/\/bruxelles-pantheres.be\/index.php?rest_route=\/wp\/v2\/posts\/1020\/revisions\/1021"}],"wp:featuredmedia":[{"embeddable":true,"href":"https:\/\/bruxelles-pantheres.be\/index.php?rest_route=\/wp\/v2\/media\/307"}],"wp:attachment":[{"href":"https:\/\/bruxelles-pantheres.be\/index.php?rest_route=%2Fwp%2Fv2%2Fmedia&parent=1020"}],"wp:term":[{"taxonomy":"category","embeddable":true,"href":"https:\/\/bruxelles-pantheres.be\/index.php?rest_route=%2Fwp%2Fv2%2Fcategories&post=1020"},{"taxonomy":"post_tag","embeddable":true,"href":"https:\/\/bruxelles-pantheres.be\/index.php?rest_route=%2Fwp%2Fv2%2Ftags&post=1020"}],"curies":[{"name":"wp","href":"https:\/\/api.w.org\/{rel}","templated":true}]}}