{"id":1025,"date":"2012-06-30T00:14:08","date_gmt":"2012-06-29T23:14:08","guid":{"rendered":"https:\/\/bruxelles-pantheres.be\/?p=1025"},"modified":"2013-11-12T00:15:26","modified_gmt":"2013-11-11T23:15:26","slug":"nurit-peled-appelle-a-la-rebellion-contre-le-racisme-detat-israelien","status":"publish","type":"post","link":"https:\/\/bruxelles-pantheres.be\/?p=1025","title":{"rendered":"Nurit Peled appelle \u00e0 la \u00ab rebellion \u00bb contre le racisme d\u2019Etat isra\u00eblien"},"content":{"rendered":"<div class=\"entry-content\">\n<h1 align=\"center\"><img decoding=\"async\" alt=\"\" src=\"http:\/\/www.europalestine.com\/local\/cache-vignettes\/L156xH200\/nurit_peled-elhanan-3e70f.jpg\" width=\"156\" height=\"200\" \/><\/h1>\n<p align=\"center\"><strong>Nurit Peled appelle \u00e0 la \u00ab\u00a0rebellion\u00a0\u00bb contre le racisme d\u2019Etat isra\u00eblien<\/strong><\/p>\n<hr \/>\n<div align=\"justify\">\n<p>Nurit Peled, isra\u00e9lienne, dont la fille de 14 ans a \u00e9t\u00e9 tu\u00e9e dans un attentat suicide, appelle \u00e0 mettre fin aux ghettos, \u00e0 l\u2019apartheid, au racisme et \u00e0 la peur instaur\u00e9s par l\u2019Etat d\u2019lsra\u00ebl.<\/p>\n<\/div>\n<div align=\"justify\">\n<p><strong>Discours prononc\u00e9 par Nurit Peled le 9 Juin 2012<!--more--><\/strong><\/p>\n<p>Je d\u00e9die mes paroles ce soir \u00e0 trois gr\u00e9vistes de la faim . Mahmoud Sarsak qui je\u00fbne depuis 83 jours. Un excellent joueur de football de Gaza, il a \u00e9t\u00e9 arr\u00eat\u00e9 il y a trois ans en raison de la Loi contre les \u00ab\u00a0Combattants ill\u00e9gaux\u00a0\u00bb qui a permis qu\u2019il soit emprisonn\u00e9 \u00e0 vie, sans proc\u00e8s et sans charges retenues contre lui. Akram Rikhawi , emprisonn\u00e9 depuis 2004 et qui est en gr\u00e8ve de la faim depuis le 12 avril en protestation contre son maintien en d\u00e9tention en d\u00e9pit de son \u00e9tat de sant\u00e9 fragile. Et Samer al-Barq, qui a recommenc\u00e9 sa gr\u00e8ve de la faim apr\u00e8s l\u2019avoir arr\u00eat\u00e9e en raison de la signature de l\u2019accord car comme beaucoup de ceux qui ont \u00e9t\u00e9 rel\u00e2ch\u00e9s, il a \u00e9t\u00e9 l\u2019objet d\u2019une nouvelle mesure de d\u00e9tention administrative.<\/p>\n<p>Ces prisonniers sont encore en vie car \u00ab\u00a0quand une fois la libert\u00e9 a explos\u00e9 dans une \u00e2me d\u2019homme, les dieux ne peuvent plus rien contre cet homme-l\u00e0\u00a0\u00bb ( Sartre, les Mouches acte 2, 2\u00e8me tableau, sc\u00e8ne 5). Ni le dieu de la puissance Sioniste. Ni l\u2019ange de la mort Isra\u00e9lien. Ces prisonniers et des milliers d\u2019autres comme eux, dont plus de 20 membres du parlement et le Pr\u00e9sident du parlement de Dr Aziz Dweik, sont d\u00e9tenus sans proc\u00e8s ou aide judiciaire dans des conditions humiliantes depuis des ann\u00e9es sans visites et sans espoir. Ils sont les combattants pour la libert\u00e9 de ce pays ,qui nous rappellent encore et encore que nous vivons tous sous occupation et que seule leur lib\u00e9ration pourrait restaurer notre propre libert\u00e9.<\/p>\n<p>Les citoyens Arabes d\u2019Isra\u00ebl vivent sous occupation depuis 65 ans maintenant et les citoyens Juifs d\u2019Isra\u00ebl vivent en \u00e9tat de si\u00e8ge, si\u00e8ge qu\u2019ils se sont impos\u00e9s \u00e0 eux-m\u00eames. Nous sommes tous assujettis \u00e0 un r\u00e9gime colonial ce qui veut dire l\u2019appropriation des terres et des ressources en eau, le nettoyage ethnique, la destruction des paysages et la destruction de l\u2019esprit humain. Une langue et une culture dont ils n\u2019ont rien \u00e0 faire sauf pour exprimer leur statut d\u2019\u00eatres conquis ont \u00e9t\u00e9 impos\u00e9es aux Arabes dont la langue et la culture ont \u00e9t\u00e9 d\u00e9lib\u00e9r\u00e9ment et institutionnellement effac\u00e9es des vies des Juifs , et ainsi nous ne pouvons pas enseigner \u00e0 nos enfants et rappeler \u00e0 leur enfants \u00ab\u00a0qu\u2019il peut aussi y avoir une histoire d\u2019amour entre un po\u00e8te arabe et cette terre.\u00a0\u00bb ( Mahmoud Darwich ).<\/p>\n<p>Ainsi, depuis sa cr\u00e9ation, Isra\u00ebl a sans cesse perp\u00e9tu\u00e9, comme le font les r\u00e9gimes d\u2019oppression, une soci\u00e9t\u00e9 ali\u00e9n\u00e9e et une culture coup\u00e9e de cette r\u00e9gion, de ses habitants, de ses odeurs, de ses saveurs. M\u00eame les arbres et les fleurs de nos jardins sont ali\u00e9n\u00e9s, \u00e9trangers et ne sont pas natifs d\u2019ici. Cette ali\u00e9nation t\u00e9moigne encore et encore que depuis le jour de sa cr\u00e9ation, Isra\u00ebl a pos\u00e9 comme un blason sur son drapeau les symboles de l\u2019apartheid et du racisme et \u00e9vacu\u00e9 les symboles de la libert\u00e9 et de la fraternit\u00e9 qui sont les gages d\u2019une d\u00e9mocratie.<\/p>\n<p>Cette ann\u00e9e, le r\u00e9gime d\u2019apartheid de l\u2019Etat des Juifs a prouv\u00e9 sa loyaut\u00e9 enti\u00e8re au racisme et aux symboles du racisme. Vingt-cinq projets de lois racistes ont \u00e9t\u00e9 soumis et plus de dix lois racistes ont \u00e9t\u00e9 vot\u00e9es cette ann\u00e9e, et \u00e0 peine une poign\u00e9e de citoyens juifs sont descendus dans la rue. Plus de 300 personnes emprisonn\u00e9es sans proc\u00e8s ont entam\u00e9 une gr\u00e8ve de la faim absolue pendant deux mois et plus, et \u00e0 peine une poign\u00e9e de citoyens juifs sont descendus dans la rue. Des milliers d\u2019enfants ne vont pas \u00e0 l\u2019\u00e9cole \u00e0 J\u00e9rusalem-Est parce que le ministre juif de l\u2019\u00e9ducation n\u2019ouvre pas les classes et parce que la loi raciste de citoyennet\u00e9 fait d\u2019eux des citoyens de nulle part et personne ne descend dans les rues. La s\u00e9paration des familles, l\u2019expulsion des habitants, la confiscation des terres, les enfants tir\u00e9s de leur lit et interrog\u00e9s cruellement, les familles expuls\u00e9es de leurs maisons et jet\u00e9es \u00e0 la rue, les fermiers tortur\u00e9s par des brutes portant Kippa agissant sous la protection de l\u2019arm\u00e9e et sous les ordres du gouvernement \u2013 et \u00e0 peine quelques-uns descendent dans la rue. Voil\u00e0 le sommet de la r\u00e9ussite du mouvement sioniste.<\/p>\n<p>L\u2019Etat d\u2019Isra\u00ebl qui a \u00e9t\u00e9 d\u00e9clar\u00e9 officiellement comme un Etat d\u2019Apartheid se distingue par ce qui a toujours \u00e9t\u00e9 la m\u00e9thode la plus typique et la plus aboutie du racisme\u00a0: la classification des \u00eatres humains. La langue h\u00e9bra\u00efque qui est en train de devenir de plus en plus repoussante sous les auspices de l\u2019arm\u00e9e d\u2019Occupation et de la bureaucratie de l\u2019Occupation est pleine de classifications\u00a0: il y a les gens qui sont un cancer au c\u0153ur de la Nation, il y a les personnes qui sont un danger pour la s\u00e9curit\u00e9 , et il y a les gens qui sont une plaie ou un cauchemar d\u00e9mographique et il y a des gens qui sont un danger sanitaire, eux tous sont classifi\u00e9s et rang\u00e9s en cat\u00e9gories d\u2019une fa\u00e7on telle que m\u00eame le plus ignorant et le plus rustre des ministres isra\u00e9liens est capable d\u2019apprendre ces cat\u00e9gories par c\u0153ur.<\/p>\n<p>Nous sommes tous sujets \u00e0 classification. Nous sommes tous contr\u00f4l\u00e9s par les lois racistes de cet endroit et volontairement plac\u00e9s dans des ghettos. Le ghetto sioniste a appris \u00e0 ne rien voir et \u00e0 ne rien entendre qui vienne d\u2019au-del\u00e0 les murs qui l\u2019entourent\u00a0: les murs r\u00e9els fait de b\u00e9ton, et les murs imaginaires faits d\u2019ob\u00e9issance, de haine et de peur visc\u00e9rale. Nous n\u2019osons pas protester contre les lois racistes, nous n\u2019osons pas d\u00e9fier les signes racistes qui nous interdisent a bouger sous peine d\u2019amende, nous n\u2019osons pas d\u00e9fendre les enfants tortur\u00e9s, nous n\u2019osons pas abattre les murs de Gaza, et nous n\u2019osons pas aller \u00e0 H\u00e9bron et Dheisheh , \u00e0 Jenine et Ramallah pour prendre des nouvelles de nos voisins. C\u2019est \u00e7a la grande victoire de l\u2019Occupation. Sous le couvert de l\u2019Occupation, nous choisissons encore et encore de plier sous la f\u00e9rule de criminels de toutes sortes, criminels de guerre, ignorants et rustres.<\/p>\n<p>Ainsi, nous nous punissons nous-m\u00eames pour notre impuissance et le dess\u00e8chement de notre esprit. Ann\u00e9e apr\u00e8s ann\u00e9e, nous accompagnons nos enfants aux portes des \u00e9coles, et nous les laissons \u00e9tudier dans un syst\u00e8me scolaire qui br\u00fble les livres d\u2019histoire et de citoyennet\u00e9 et autorise les livres qui incitent au meurtre des enfants.<\/p>\n<p>Nous les abandonnons au lavage de cerveaux et au mensonge au sujet de la guerre de lib\u00e9ration que nous avons gagn\u00e9e et le Jour de J\u00e9rusalem qui signifie notre conqu\u00eate , et la parade de la Samarie , qui est \u00e0 nous , et nous les laissons \u00eatre conduits \u00e0 H\u00e9bron , la Cit\u00e9 de nos Patriarches, et \u00e0 la Cit\u00e9 de David- notre roi qui n\u2019est pas en vie, et peut \u00eatre n\u2019a jamais existe.<\/p>\n<p>Les professeurs dans ce syst\u00e8me ne sourcillent m\u00eame pas quand on leur demande d\u2019empoisonner le cerveau de leurs \u00e9l\u00e8ves avec des histoires fallacieuses \u00e0 propos de nos droits historiques sur les terres de nos voisins, \u00e0 propos de l\u2019h\u00e9ro\u00efsme et de la victoire , quand c\u2019est en r\u00e9alit\u00e9 du nettoyage ethnique , suscit\u00e9 et planifi\u00e9 par les institutions du racisme. Le but ultime de l\u2019\u00e9ducation isra\u00e9lienne est de pr\u00e9parer des enfants \u00e0 devenir les soldats ob\u00e9issants des forces d\u2019occupation d\u2019Isra\u00ebl.<\/p>\n<p>Nous courbons la t\u00eate, quand l\u2019organisation terroriste la plus institutionnalis\u00e9e du monde nous prend nos enfants et les recrute dans ses rangs et leur apprend comment classer les personnes, comment classer les enfants, comment classer les b\u00e9b\u00e9s, comment classer les souffrances et comment classer les morts. Et tout \u00e7a en vue d\u2019endurcir leurs c\u0153urs et de ralentir leur raison afin qu\u2019ils puissent malmener, d\u00e9truire et tuer avec une conscience propre. Nous sommes \u00e0 tel point sous occupation que m\u00eame lorsque l\u2019\u00eatre humain se vide de son sang, nous continuons \u00e0 classer sans comprendre que tous, les morts et les vivants, nous sommes les victimes de l\u2019Occupation.<\/p>\n<p>Nous ressentons la douleur des parents d\u2019un seul soldat juif captif et nous ne laissons pas la douleur des milliers de parents d\u2019enfants palestiniens kidnapp\u00e9s nous atteindre, ces parents qui ne sont pas autoris\u00e9s \u00e0 rendre visite \u00e0 leurs enfants incarc\u00e9r\u00e9s pendant des ann\u00e9es car le prix exig\u00e9 d\u2019eux pour une visite est la collaboration avec l\u2019oppresseur. Nous ignorons la souffrance des enfants de Gaza qui vivent dans les faubourgs de la mort, victimes de malnutrition, de manque de soins m\u00e9dicaux, sans \u00e9lectricit\u00e9, sans le droit \u00e0 l\u2019\u00e9ducation et aux moyens d\u2019existence, sans une chance et sans un espoir.<\/p>\n<p>Comme chacun le sait aujourd\u2019hui, la guerre de 1967 n\u2019\u00e9tait pas une guerre pour laquelle nous n\u2019avions pas le choix. C\u2019\u00e9taient de jeunes g\u00e9n\u00e9raux qui se sont ru\u00e9s hors de l\u2019enclos, des poulains au sang chaud qui ont germ\u00e9 et grandi dans le ghetto sioniste et ont appris \u00e0 r\u00eaver des r\u00eaves de conqu\u00eate. Ils se sont entra\u00een\u00e9s jusqu\u2019\u00e0 en \u00eatre capables et ils ont profit\u00e9 d\u2019un moment de stupidit\u00e9 de la part des voisins pour d\u00e9foncer chaque obstacle , pour abandonner toute limite et pour conqu\u00e9rir et s\u2019\u00e9tendre et d\u00e9truire joyeusement avec une raison intoxiqu\u00e9e, avec un sentiment de supr\u00e9matie et de toute-puissance mais sans aucun plan pour l\u2019avenir , sans aucune pens\u00e9e pour le jour d\u2019apr\u00e8s et pour les millions d\u2019\u00eatres humains assujettis du jour au lendemain.<\/p>\n<p>Afin de justifier la d\u00e9vastation et la destruction, les faiseurs de mythes officiels (mythologues\u00a0??) ont \u00e9t\u00e9 mobilis\u00e9s pour attribuer un verset de l\u2019Ecriture \u00e0 chaque meurtre profane et une Nation enti\u00e8re a \u00e9t\u00e9 balay\u00e9e dans un torrent de pillage et d\u2019exploitation se surpassant eux-m\u00eames chaque ann\u00e9e car le g\u00e9nie juif, \u00e0 partir du moment o\u00f9 il a \u00e9t\u00e9 embrigad\u00e9 pour la cause de la ruine et de la d\u00e9vastation, de la destruction et du meurtre n\u2019a cess\u00e9 d\u2019acqu\u00e9rir toujours plus de comp\u00e9tences.<\/p>\n<p>Aujourd\u2019hui, l\u2019Occupation commence \u00e0 montrer ses effets sur la qualit\u00e9 de vie de la nation dominante et ils se dressent pour demander la justice sociale. Mais la justice sociale elle aussi entre dans les classifications. La justice sociale c\u2019est pour les habitants de ce ghetto-ci et pas de ce ghetto-l\u00e0. Les habitants de ce ghetto-l\u00e0 ne pourraient que salir notre justice sociale, si nous les incluions dans nos revendications, si nous leurs offrions une tribune, si nous laissions leurs voix \u00eatre entendues pour revendiquer ce qui leur appartient. Car ce ghetto-l\u00e0 est fait pour des raisons de s\u00e9curit\u00e9 et ses habitants ne sont pas des victimes d\u2019injustice ou de racisme, ils sont des probl\u00e8mes de s\u00e9curit\u00e9 tous et chacun d\u2019entre eux. Et quand ils sont tu\u00e9s, \u00e7a n\u2019est pas par racisme mais pour des consid\u00e9rations politiques et nous, nous ne nous engageons pas en politique. C\u2019est ainsi que ce mouvement pour la justice sociale, dont l\u2019\u00e9chec \u00e9tait inscrit sur les murs depuis sa conception, est le plus pur et le plus spectaculaire produit du syst\u00e8me d\u2019\u00e9ducation Isra\u00e9lien.<\/p>\n<p>Malheur \u00e0 nous, dont les enfants sont les criminels de l\u2019Occupation d\u2019aujourd\u2019hui, malheur \u00e0 nous qui avons aussi succomb\u00e9 au racisme , qui avons ainsi laiss\u00e9 les criminels de l\u2019apartheid occuper nos esprits et nous couper de tout ce qui est humain, de tout ce qui est juste, de tout ce qui est paix et s\u00e9r\u00e9nit\u00e9, bon voisinage, amour de l\u2019humanit\u00e9 , piti\u00e9 et compassion afin de pouvoir atteindre leurs vils objectifs. L\u2019esprit des gr\u00e9vistes de la faim dans leurs cellules exig\u00fces exhalent lib\u00e9ration et libert\u00e9 et notre propre esprit est opprim\u00e9 et expirant.<\/p>\n<p>Nous vivons dans un ghetto qui n\u2019a ni cit\u00e9 ni patrie, son langage n\u2019est pas celui de la r\u00e9gion, un ghetto qui ne s\u2019ouvre sur rien sauf des routes r\u00e9serv\u00e9es aux juifs et interdites aux palestiniens, qui d\u00e9tournent, traversent sans voir ce qui est vivant.<\/p>\n<p>Le temps est venu o\u00f9 nous devons rejoindre nos voisins de tout le Moyen-Orient pour chanter les hymnes de la vraie r\u00e9bellion, temps de d\u00e9clarer l\u2019ouverture des fronti\u00e8res , de faire tomber les portes des prisons, de rendre les oliveraies et les vignes \u00e0 leurs propri\u00e9taires, de laisser rentrer les enfants de Palestine dans leurs fronti\u00e8res et dans leurs terres et de tenter de retrouver ce qui a \u00e9t\u00e9 foul\u00e9 aux pieds par les souliers clout\u00e9s des brutes \u00e9paisses. Seulement alors, si les vrais enfants de cette terre nous permettent d\u2019apprendre comment y vivre, nous aussi pourrons nous lib\u00e9rer nous-m\u00eames de l\u2019Occupation et \u00eatre lib\u00e9r\u00e9s de la peur.<\/p>\n<p>Car, comme le disait Menachem Begin\u00a0: \u00ab\u00a0l\u2019essence de la libert\u00e9 est d\u2019\u00eatre libre de la peur, car la peur est une loi d\u2019autant plus terrible qu\u2019elle demeure cach\u00e9e\u00a0\u00bb<\/p>\n<p>Parmi nous la peur est manifeste, parmi nous la peur est la force motrice\/motivante de chaque acte. Peur de refuser de servir dans l\u2019arm\u00e9e d\u2019Occupation, peur de s\u2019engager pour soutenir un boycott l\u00e9gitime des produits des colonies illegales, peur de visiter les voisins. Les enfants des jardins d\u2019enfants qui sont arriv\u00e9s ici d\u2019Ethiopie il y a quelques mois savent d\u00e9j\u00e0 qui ha\u00efr et de qui avoir peur. Ils sont glac\u00e9s de terreur et de peur des Arabes dont ils n\u2019ont jamais vu un seul. Ils sont s\u00fbrs que ce sont les Arabes qui ont br\u00fbl\u00e9 le Temple, assassin\u00e9 les Juifs en Allemagne , qui les d\u00e9tiennent \u00e0 Gondar, et qui les guettent de tous c\u00f4t\u00e9s. Nous devons lib\u00e9rer nos enfants des murs de peur et leur enseigner les bases de la libert\u00e9 et de la responsabilit\u00e9, leur expliquer, et nous expliquer \u00e0 nous aussi, qu\u2019une personne qui ob\u00e9it \u00e0 des ordres qui l\u2019emp\u00eachent d\u2019aller o\u00f9 il veut, m\u00eame si c\u2019est \u00e0 H\u00e9bron, Jenin ou Ramallah , n\u2019est pas une personne libre mais une personne asservie. Une personne qui invente des lois pour restreindre l\u2019acc\u00e8s de ses voisins \u00e0 l\u2019\u00e9ducation o\u00f9 \u00e0 des moyens d\u2019existence est une personne opprim\u00e9e, une personne subissant un si\u00e8ge. Ce si\u00e8ge peut seulement \u00eatre lev\u00e9 par une r\u00e9sistance du type ce celle dont nous sommes t\u00e9moins \u00e0 Bil\u2019in, Nil\u2019in, Nabi Saleh , Maasara et par une d\u00e9sob\u00e9issance civile courageuse et un \u00ab\u00a0Non\u00a0\u00bb sans ambigu\u00eft\u00e9 \u2013 ainsi que le font nos voisins.<\/p>\n<p>Je voudrais conclure par ces quelques lignes \u00e9crites par Almog Behar , qui a \u00e9crit ce qui suit \u00e0 Mahmoud Darwich\u00a0:<\/p>\n<p>\u00ab\u00a0A mon fr\u00e8re Mahmoud Darwish\u00a0:<\/p>\n<p>Qui a fait de notre histoire un conflit<\/p>\n<p>Et m\u2019a plac\u00e9 parmi les hautes tours<\/p>\n<p>Debout, observant au-dessus des lourdes portes de Gaza<\/p>\n<p>Scrutant les fen\u00eatres des maisons dans le viseur de fusils<\/p>\n<p>Qui a construit entre nous des murs de b\u00e9ton et de fer, et les yeux des cam\u00e9ras<\/p>\n<p>Et nous a partag\u00e9s entre conqu\u00e9rants et conquis<\/p>\n<p>Quand nous devrions \u00eatre fr\u00e8res\u00a0?\u00a0\u00bb<\/p>\n<p>Nurit Peled-Elhanan<\/p>\n<p>Traduction en fran\u00e7ais\u00a0: Roseline Derrien<\/p>\n<\/div>\n<\/div>\n","protected":false},"excerpt":{"rendered":"<p>Nurit Peled appelle \u00e0 la \u00ab\u00a0rebellion\u00a0\u00bb contre le racisme d\u2019Etat isra\u00eblien Nurit Peled, isra\u00e9lienne, dont la fille de 14 ans a \u00e9t\u00e9 tu\u00e9e dans un attentat suicide, appelle \u00e0 mettre fin aux ghettos, \u00e0 l\u2019apartheid, au racisme et \u00e0 la peur instaur\u00e9s par l\u2019Etat d\u2019lsra\u00ebl. Discours prononc\u00e9 par Nurit Peled le 9 Juin 2012<\/p>\n","protected":false},"author":1,"featured_media":1026,"comment_status":"open","ping_status":"open","sticky":false,"template":"","format":"standard","meta":{"footnotes":""},"categories":[21,18,28],"tags":[],"class_list":["post-1025","post","type-post","status-publish","format-standard","has-post-thumbnail","hentry","category-anti-imperialisme","category-resistance-bruxelles","category-racismes"],"_links":{"self":[{"href":"https:\/\/bruxelles-pantheres.be\/index.php?rest_route=\/wp\/v2\/posts\/1025","targetHints":{"allow":["GET"]}}],"collection":[{"href":"https:\/\/bruxelles-pantheres.be\/index.php?rest_route=\/wp\/v2\/posts"}],"about":[{"href":"https:\/\/bruxelles-pantheres.be\/index.php?rest_route=\/wp\/v2\/types\/post"}],"author":[{"embeddable":true,"href":"https:\/\/bruxelles-pantheres.be\/index.php?rest_route=\/wp\/v2\/users\/1"}],"replies":[{"embeddable":true,"href":"https:\/\/bruxelles-pantheres.be\/index.php?rest_route=%2Fwp%2Fv2%2Fcomments&post=1025"}],"version-history":[{"count":1,"href":"https:\/\/bruxelles-pantheres.be\/index.php?rest_route=\/wp\/v2\/posts\/1025\/revisions"}],"predecessor-version":[{"id":1027,"href":"https:\/\/bruxelles-pantheres.be\/index.php?rest_route=\/wp\/v2\/posts\/1025\/revisions\/1027"}],"wp:featuredmedia":[{"embeddable":true,"href":"https:\/\/bruxelles-pantheres.be\/index.php?rest_route=\/wp\/v2\/media\/1026"}],"wp:attachment":[{"href":"https:\/\/bruxelles-pantheres.be\/index.php?rest_route=%2Fwp%2Fv2%2Fmedia&parent=1025"}],"wp:term":[{"taxonomy":"category","embeddable":true,"href":"https:\/\/bruxelles-pantheres.be\/index.php?rest_route=%2Fwp%2Fv2%2Fcategories&post=1025"},{"taxonomy":"post_tag","embeddable":true,"href":"https:\/\/bruxelles-pantheres.be\/index.php?rest_route=%2Fwp%2Fv2%2Ftags&post=1025"}],"curies":[{"name":"wp","href":"https:\/\/api.w.org\/{rel}","templated":true}]}}