{"id":1031,"date":"2012-06-28T00:19:45","date_gmt":"2012-06-27T23:19:45","guid":{"rendered":"https:\/\/bruxelles-pantheres.be\/?p=1031"},"modified":"2013-11-12T00:21:44","modified_gmt":"2013-11-11T23:21:44","slug":"plainte-deposee-contre-la-rtbf","status":"publish","type":"post","link":"https:\/\/bruxelles-pantheres.be\/?p=1031","title":{"rendered":"Plainte d\u00e9pos\u00e9e contre la RTBF"},"content":{"rendered":"<div class=\"entry-content\">\n<div>\n<h3 style=\"text-align: center;\"><a href=\"http:\/\/www.egalite.be\/wp-content\/uploads\/2012\/06\/rtbf-islaophobe.png\"><img decoding=\"async\" class=\"aligncenter  wp-image-3223\" title=\"rtbf islaophobe\" alt=\"\" src=\"http:\/\/www.egalite.be\/wp-content\/uploads\/2012\/06\/rtbf-islaophobe.png\" width=\"371\" height=\"238\" \/><\/a><\/h3>\n<h3 style=\"text-align: justify;\">[Examen] Le point sur notre plainte d\u00e9pos\u00e9e contre la RTBF aupr\u00e8s du Conseil de d\u00e9ontologie journalistique<\/h3>\n<\/div>\n<div style=\"text-align: justify;\">\n<div>par <a href=\"https:\/\/www.facebook.com\/Think.tank.Vigilance.musulmane\">Think tank Vigilance musulmane<\/a>, mercredi 27 juin 2012, 12:05 \u00b7<\/div>\n<\/div>\n<div>\n<div>\n<p style=\"text-align: justify;\"><img decoding=\"async\" alt=\"\" src=\"https:\/\/fbcdn-photos-a.akamaihd.net\/hphotos-ak-prn1\/529424_467542543275055_1666175371_a.jpg\" \/><!--more--><\/p>\n<p style=\"text-align: justify;\">Pour rappel, le 17 avril dernier, nous avons saisi le<strong>\u00a0Conseil de d\u00e9ontologie journalistique<\/strong>\u00a0d\u2019une plainte contre la\u00a0<strong>RTBF\u00a0<\/strong>en rapport avec la diffusion de l\u2019\u00e9mission Questions \u00e0 la Une consacr\u00e9e en premi\u00e8re partie \u00e0 la question \u201c<em>Faut-il craindre une mont\u00e9e de l\u2019Islam ?<\/em>\u201d.<\/p>\n<p style=\"text-align: justify;\">\n<p style=\"text-align: justify;\">Dans le courriel que nous reproduisons ci-dessous avec notre r\u00e9ponse, le CDJ nous confirme le d\u00e9but de l\u2019examen des plaintes introduites. Notre plainte porte uniquement sur les points suivants :<\/p>\n<ol style=\"text-align: justify;\">\n<li><strong>Manipulation de l\u2019interview du conseiller communal El Manti<\/strong><\/li>\n<li><strong>Traitement m\u00e9diatique du chahut burqa-bla-bla<\/strong><\/li>\n<\/ol>\n<p style=\"text-align: justify;\">Le courriel du CDJ revient \u00e9galement sur notre demande de r\u00e9cusation des repr\u00e9sentants de la RTBF de la commission charg\u00e9e d\u2019\u00e9xaminer notre plainte.<\/p>\n<p style=\"text-align: justify;\">\n<p style=\"text-align: justify;\">Nous continuerons \u00e0 assurer le suivi de cette plainte et \u00e0 vous tenir\u00a0inform\u00e9s.<\/p>\n<p style=\"text-align: justify;\">\n<p style=\"text-align: justify;\"><strong>Bonne lecture et merci de diffuser cette information.<\/strong><\/p>\n<p style=\"text-align: justify;\">\n<p style=\"text-align: justify;\">\n<blockquote><p>De\u00a0:\u00a0<strong>cdj<\/strong><\/p>\n<p>Date\u00a0: 26 juin 2012 16:38<\/p>\n<p>\u00c0\u00a0: Andr\u00e9 Linard<\/p>\n<p>Objet\u00a0: CDJ suivi plainte 12-18 c. Deborsu \/ RTBF (Islam)<\/p>\n<p>&nbsp;<\/p>\n<p>&nbsp;<\/p>\n<p>N. R\u00e9f 2012-292<\/p>\n<p>Concerne\u00a0: plainte 12-18 contre le reportage RTBF islam du 11 avril 2012<\/p>\n<p>Monsieur,<\/p>\n<p>Je vous informe du suivi de la plainte que vous avez introduite contre le reportage de M. Fr\u00e9d\u00e9ric Deborsu consacr\u00e9 \u00e0 l\u2019islam et diffus\u00e9 par la RTBF le 11 avril dernier.<\/p>\n<p>D\u2019une part, lors de sa r\u00e9union pl\u00e9ni\u00e8re de la mi-juin, notre Conseil a examin\u00e9 une demande de r\u00e9cusation introduite par un des plaignants contre quatre membres du CDJ\u00a0: Jean-Pierre Jacqmin, Dominique d\u2019Olne, Alain Vaessen et Yves Thiran. Le premier s\u2019\u00e9tait d\u00e9sist\u00e9 volontairement parce qu\u2019il avait pris publiquement la d\u00e9fense de l\u2019\u00e9mission mise en cause. Conform\u00e9ment aux r\u00e8gles qu\u2019il a fix\u00e9es,\u00a0 le Conseil n\u2019a pas accept\u00e9 la r\u00e9cusation des trois autres personnes parce qu\u2019elles n\u2019ont pas de responsabilit\u00e9 ni op\u00e9rationnelle ni hi\u00e9rarchique dans l\u2019\u00e9mission. Par ailleurs, un autre membre, Jacques Englebert, qui intervient souvent comme avocat de la RTBF, s\u2019est aussi retir\u00e9.<\/p>\n<p>D\u2019autre part, la RTBF nous a communiqu\u00e9 son argumentation qui peut \u00eatre r\u00e9sum\u00e9e comme suit en relation avec les quatre reproches formul\u00e9s dans les plaintes.<\/p>\n<p><strong>A propos d\u2019une \u00e9ventuelle incitation \u00e0 la haine ou \u00e0 la discrimination<\/strong><\/p>\n<p>Informer n\u2019est pas inciter \u00e0 la haine. Aucun message n\u2019a \u00e9t\u00e9 diffus\u00e9 qui appelle \u00e0 d\u00e9nier aux musulmans un droit quelconque. La crainte de la mont\u00e9e de l\u2019islam est un sujet d\u2019int\u00e9r\u00eat public qui est analys\u00e9 de fa\u00e7on objective. L\u2019\u00e9mission est nuanc\u00e9e et ne contient pas d\u2019amalgame entre l\u2019islam en tant que tel et les pratiques de certains de ses adh\u00e9rents. Ce qui doit \u00eatre critiqu\u00e9, ce sont ces pratiques, pas les journalistes qui les \u00e9voquent. Le reportage d\u00e9nonce la haine et la discrimination mais ne les encourage pas.<\/p>\n<p><strong>A propos d\u2019une \u00e9ventuelle manipulation de l\u2019interview du conseiller communal El Manti<\/strong><\/p>\n<p>Son interview \u00e0 propos du pr\u00eache prononc\u00e9 le 9 mars 2012 a en effet \u00e9t\u00e9 r\u00e9alis\u00e9e le 6 avril. Ce jour-l\u00e0, le journaliste a montr\u00e9 l\u2019enregistrement du pr\u00eache \u00e0 M. El Manti. La RTBF a ensuite diffus\u00e9 les r\u00e9ponses qu\u2019il a donn\u00e9es pour souligner la diff\u00e9rence entre la r\u00e9alit\u00e9 et les propos de M. El Manti. A aucune moment, le journaliste ne trompe le public sur les dates. Les images de l\u2019arri\u00e8re-plan montrent le bourgmestre quitter la c\u00e9r\u00e9monie d\u2019inauguration de la mosqu\u00e9e le 9 avril.<\/p>\n<p><strong>A propos d\u2019une \u00e9ventuelle stigmatisation de l\u2019islam<\/strong><\/p>\n<p>L\u2019\u00e9mission souligne les points de controverse et notamment ce qui confine \u00e0 l\u2019extr\u00e9misme. Elle ne critique pas une religion en tant que telle mais des d\u00e9rives. Dans d\u2019autres \u00e9missions, des pratiques d\u2019autres religions sont aussi critiqu\u00e9es lorsqu\u2019il y a lieu. De multiples intervenants aux opinions diverses sont amen\u00e9s \u00e0 s\u2019exprimer.<\/p>\n<p><strong>A propos de l\u2019\u00e9mission Burqa-bla-bla qui aurait \u00e9t\u00e9 d\u00e9natur\u00e9e<\/strong><\/p>\n<p>Certains plaignants reprochent d\u2019avoir affirm\u00e9 que cette action a \u00e9t\u00e9 men\u00e9e \u00ab\u00a0au nom de l\u2019islam\u00a0\u00bb.\u00a0 Or, c\u2019est bien le cas\u00a0: les participants \u00e0 cette action lors d\u2019une conf\u00e9rence \u00e0 l\u2019ULB d\u00e9non\u00e7aient le caract\u00e8re islamophobe de la conf\u00e9renci\u00e8re \u00e0 qui ils ont emp\u00each\u00e9 de s\u2019exprimer.<\/p>\n<p>Comme je vous l\u2019ai d\u00e9j\u00e0 annonc\u00e9, le 16 mai dernier, le CDJ a constitu\u00e9 une commission d\u2019instruction charg\u00e9e de pr\u00e9parer la d\u00e9cision finale. Maintenant qu\u2019elle dispose de l\u2019argumentaire de la RTBF, cette commission va se mettre au travail. Si elle estime disposer de tous les \u00e9l\u00e9ments d\u2019information n\u00e9cessaire, elle proposera un projet de d\u00e9cision \u00e0 la r\u00e9union pl\u00e9ni\u00e8re de septembre du Conseil.<\/p>\n<p>Je vous prie d\u2019agr\u00e9er, Monsieur, mes salutations cordiales.<\/p>\n<p><strong>Andr\u00e9 Linard\u00a0<\/strong><\/p>\n<p><strong>Secr\u00e9taire g\u00e9n\u00e9ral<\/strong><\/p>\n<p><strong>\u00a0<\/strong><\/p>\n<p><strong>AADJ\/Conseil de d\u00e9ontologie journalistique<\/strong><\/p>\n<p>rue de la Loi, 155 \/ 103<\/p>\n<p>1040 Bruxelles<\/p>\n<p>t\u00e9l\u00a002\/280.25.14<\/p>\n<p>fax\u00a002\/280.25.15<\/p>\n<p>info@deontologiejournalistique.be<\/p>\n<p>www.deontologiejournalistique.be<\/p>\n<p>&nbsp;<\/p><\/blockquote>\n<p style=\"text-align: justify;\">\n<p style=\"text-align: justify;\">\n<p style=\"text-align: justify;\">\n<blockquote>\n<p style=\"text-align: justify;\">De\u00a0:\u00a0<strong>Think tank Vigilance musulmane<\/strong><\/p>\n<p style=\"text-align: justify;\">Date\u00a0: 27 juin 2012<\/p>\n<p style=\"text-align: justify;\">\u00c0\u00a0: cdj<\/p>\n<p style=\"text-align: justify;\">Cc : Andr\u00e9 Linard , Think tank Vigilance musulmane<\/p>\n<p style=\"text-align: justify;\">Objet\u00a0: Re: CDJ suivi plainte 12-18 c. Deborsu \/ RTBF (Islam)<\/p>\n<p style=\"text-align: justify;\">\n<p style=\"text-align: justify;\">Monsieur Linard,<\/p>\n<p style=\"text-align: justify;\">\n<p style=\"text-align: justify;\">Votre courriel nous est bien parvenu et il a retenu toute notre attention.<\/p>\n<p style=\"text-align: justify;\">\n<p style=\"text-align: justify;\">Concernant notre demande de r\u00e9cusation de M. Jacqmin, directeur de l\u2019information de la RTBF, et des autres journalistes de la cha\u00eene de service public, nous prenons note du retrait, de sa propre initiative, de M. Jacqmin, et de la d\u00e9cision de votre Conseil de ne pas faire suite favorablement \u00e0 notre demande de r\u00e9cusation des autres journalistes de la RTBF si\u00e9geant en son sein.<\/p>\n<p style=\"text-align: justify;\">\n<p style=\"text-align: justify;\">Nous souhaitons attirer votre attention sur les trois points suivants :<\/p>\n<p style=\"text-align: justify;\">\n<p style=\"text-align: justify;\">1. Lorsqu\u2019\u00e0 plusieurs reprises, M. Jacqmin, directeur de l\u2019information de la RTBF, s\u2019est exprim\u00e9, aussi bien dans la presse \u00e9crite qu\u2019\u00e0 la t\u00e9l\u00e9vision, sur l\u2019\u00e9mission vis\u00e9e par notre plainte, ce n\u2019est pas uniquement pour partager son point de vue personnel, mais pour partager celui de la RTBF, qui va dans le sens du bon respect par le reportage des r\u00e8gles de d\u00e9ontologie journalistique. Ces d\u00e9clarations traduisent la position de la RTBF. S\u2019il est salutaire que M. Jacqmin se retire d\u2019initiative, cela n\u2019est donc nullement suffisant dans la mesure o\u00f9 les d\u00e9clarations de M. Jacqmin entra\u00eenent comme cons\u00e9quence qu\u2019aucun des journalistes de la RTBF n\u2019offre plus les garanties requises d\u2019impartialit\u00e9. L\u2019absence de responsabilit\u00e9 ni op\u00e9rationnelle ni hi\u00e9rarchique de Dominique d\u2019Olne, Alain Vaessen et Yves Thiran dans l\u2019\u00e9mission est sans lien avec cette exigence d\u2019impartialit\u00e9, rompue par les d\u00e9clarations de M. Jacqmin qui les englobent puisqu\u2019elles repr\u00e9sentent la position de la RTBF comme institution.<\/p>\n<p style=\"text-align: justify;\">\n<p style=\"text-align: justify;\">2. Dans votre courriel, vous pr\u00e9cisez \u00ab\u00a0Conform\u00e9ment aux r\u00e8gles qu\u2019il a fix\u00e9es, le Conseil n\u2019a pas accept\u00e9 la r\u00e9cusation des trois autres personnes\u2026\u00a0\u00bb. Nous vous demandons de nous indiquer de quelles r\u00e8gles il s\u2019agit pr\u00e9cis\u00e9ment.<\/p>\n<p style=\"text-align: justify;\">\n<p style=\"text-align: justify;\">3. Afin d\u2019y r\u00e9agir ad\u00e9quatement, nous souhaitons obtenir une copie de l\u2019argumentaire complet de la RTBF, du moins pour ce qui concerne les \u00e9l\u00e9ments qui fondent notre plainte.<\/p>\n<p style=\"text-align: justify;\">\n<p style=\"text-align: justify;\">Nous vous remercions d\u2019avance de r\u00e9agir au point 1 et de faire suite \u00e0 nos demandes pr\u00e9cises aux points 2 et 3, en vous priant de recevoir nos cordiales salutations.<\/p>\n<p style=\"text-align: justify;\">\n<p style=\"text-align: justify;\">Pour le think tank Vigilance musulmane :<\/p>\n<p style=\"text-align: justify;\">\n<p style=\"text-align: justify;\">Abdelghani Ben Moussa<\/p>\n<p style=\"text-align: justify;\">\n<p style=\"text-align: justify;\">Coordinateur<\/p>\n<p style=\"text-align: justify;\">\n<p style=\"text-align: justify;\">Bruxelles, le 27 juin 2012<\/p>\n<\/blockquote>\n<\/div>\n<\/div>\n<\/div>\n","protected":false},"excerpt":{"rendered":"<p>[Examen] Le point sur notre plainte d\u00e9pos\u00e9e contre la RTBF aupr\u00e8s du Conseil de d\u00e9ontologie journalistique par Think tank Vigilance musulmane, mercredi 27 juin 2012, 12:05 \u00b7<\/p>\n","protected":false},"author":1,"featured_media":1032,"comment_status":"open","ping_status":"open","sticky":false,"template":"","format":"standard","meta":{"footnotes":""},"categories":[4,18,28],"tags":[60],"class_list":["post-1031","post","type-post","status-publish","format-standard","has-post-thumbnail","hentry","category-islamophobie","category-resistance-bruxelles","category-racismes","tag-rtbf"],"_links":{"self":[{"href":"https:\/\/bruxelles-pantheres.be\/index.php?rest_route=\/wp\/v2\/posts\/1031","targetHints":{"allow":["GET"]}}],"collection":[{"href":"https:\/\/bruxelles-pantheres.be\/index.php?rest_route=\/wp\/v2\/posts"}],"about":[{"href":"https:\/\/bruxelles-pantheres.be\/index.php?rest_route=\/wp\/v2\/types\/post"}],"author":[{"embeddable":true,"href":"https:\/\/bruxelles-pantheres.be\/index.php?rest_route=\/wp\/v2\/users\/1"}],"replies":[{"embeddable":true,"href":"https:\/\/bruxelles-pantheres.be\/index.php?rest_route=%2Fwp%2Fv2%2Fcomments&post=1031"}],"version-history":[{"count":1,"href":"https:\/\/bruxelles-pantheres.be\/index.php?rest_route=\/wp\/v2\/posts\/1031\/revisions"}],"predecessor-version":[{"id":1033,"href":"https:\/\/bruxelles-pantheres.be\/index.php?rest_route=\/wp\/v2\/posts\/1031\/revisions\/1033"}],"wp:featuredmedia":[{"embeddable":true,"href":"https:\/\/bruxelles-pantheres.be\/index.php?rest_route=\/wp\/v2\/media\/1032"}],"wp:attachment":[{"href":"https:\/\/bruxelles-pantheres.be\/index.php?rest_route=%2Fwp%2Fv2%2Fmedia&parent=1031"}],"wp:term":[{"taxonomy":"category","embeddable":true,"href":"https:\/\/bruxelles-pantheres.be\/index.php?rest_route=%2Fwp%2Fv2%2Fcategories&post=1031"},{"taxonomy":"post_tag","embeddable":true,"href":"https:\/\/bruxelles-pantheres.be\/index.php?rest_route=%2Fwp%2Fv2%2Ftags&post=1031"}],"curies":[{"name":"wp","href":"https:\/\/api.w.org\/{rel}","templated":true}]}}