{"id":1034,"date":"2012-06-27T00:22:26","date_gmt":"2012-06-26T23:22:26","guid":{"rendered":"https:\/\/bruxelles-pantheres.be\/?p=1034"},"modified":"2013-11-12T00:24:11","modified_gmt":"2013-11-11T23:24:11","slug":"manifestation-contre-la-violence-policiere-a-bruxelles","status":"publish","type":"post","link":"https:\/\/bruxelles-pantheres.be\/?p=1034","title":{"rendered":"Manifestation contre la violence polici\u00e8re \u00e0 Bruxelles"},"content":{"rendered":"<header>250 manifestants contre la violence polici\u00e8re \u00e0 Bruxelles<\/header>\n<div>\n<p><a href=\"http:\/\/www.rtbf.be\/info\/regions\">REGIONS<\/a> | Mis \u00e0 jour le mercredi 27 juin 2012 \u00e0 19h43<\/p>\n<div>\n<ul>\n<li id=\"newsArticlePane\">\n<div>\n<article>\n<aside>\n<div>\n<h3><a href=\"http:\/\/www.rtbf.be\/info\/regions\/detail_250-manifestants-contre-la-violence-policiere-a-bruxelles?id=7795190#newsImagesPane\"> Images <\/a><\/h3>\n<p><a href=\"http:\/\/www.rtbf.be\/info\/regions\/detail_250-manifestants-contre-la-violence-policiere-a-bruxelles?id=7795190#newsImagesPane\"><img decoding=\"async\" title=\"Manifestation contre la violence polici\u00e8re \u00e0 Bruxelles\" alt=\"Manifestation contre la violence polici\u00e8re \u00e0 Bruxelles\" src=\"http:\/\/ds3.ds.static.rtbf.be\/article\/small_land_info\/f\/0\/c\/144_96_cce080336e5fe503537f5855756a3ec5-1340815903.jpg\" \/><\/a>Manifestation contre la violence polici\u00e8re \u00e0 Bruxelles<\/p>\n<\/div>\n<div>\n<h3><a href=\"http:\/\/www.rtbf.be\/info\/regions\/detail_250-manifestants-contre-la-violence-policiere-a-bruxelles?id=7795190#newsVideosPane\"> Vid\u00e9os <\/a><\/h3>\n<div id=\"MediaEmbedFront_1340826776514\"><img decoding=\"async\" title=\"Cliquez pour visionner\" alt=\"\" src=\"http:\/\/ds.static.rtbf.be\/media\/video\/thumbnails\/174\/026\/0\/212d49af57b3d4b703fb367839b5c3de\/small-medium.jpg\" \/><\/div>\n<p>Bruxelles : manifestation FGTB contre les violences polici\u00e8res<\/p>\n<\/div>\n<\/aside>\n<header>Un rassemblement autoris\u00e9 de 250 personnes, selon le d\u00e9compte de la police de Bruxelles-Ixelles, a eu lieu, mercredi, \u00e0 16h30, devant le Palais de justice, place Poelaert, \u00e0 Bruxelles, pour contester les violences polici\u00e8res lors de la manifestation antifasciste du 17 juin. <!--more-->Deux voitures ont \u00e9t\u00e9 endommag\u00e9es.<\/header>\n<div>\n<p>Malgr\u00e9 l\u2019absence de demande officielle pour une marche, les jeunes manifestants se sont dirig\u00e9s en entonnant le slogan \u00ab\u00a0<em>police partout, justice nulle part<\/em>\u00a0\u00bb vers Matonge, \u00e0 Ixelles, en faisant \u00e9clater quelques p\u00e9tards.\u00a0Les manifestants ont march\u00e9 en perturbant la circulation, puis ont travers\u00e9 la rue Belliard et se sont arr\u00eat\u00e9s dans la rue de l\u2019Industrie o\u00f9 un jeune a tap\u00e9 sur deux voitures avec une batte de base-ball. La majorit\u00e9 des manifestants a fortement condamn\u00e9 le geste et a d\u00e9cid\u00e9 d\u2019arr\u00eater l\u2019action. Ils se sont rassembl\u00e9s au square de Meeus avant de se disperser.<\/p>\n<p>Bien que seul un rassemblement statique devant le Palais de justice ait \u00e9t\u00e9 autoris\u00e9, les policiers ont tol\u00e9r\u00e9 la d\u00e9ambulation sauvage des jeunes dans les rues de Bruxelles. Aucun incident entre les jeunes et la police n\u2019a \u00e9t\u00e9 constat\u00e9.<\/p>\n<p>Une trentaine d\u2019associations (PSL, <strong>Egalit\u00e9<\/strong>, les jeunes CSC de Bruxelles, Occupy\u2026) ont rejoint le rassemblement organis\u00e9 par la Jeunesse ouvri\u00e8re chr\u00e9tienne (JOC) et la jeunesse FGTB.<\/p>\n<p>La JOC m\u00e8ne depuis un an une campagne pour contester les violences polici\u00e8res envers les jeunes. Elle pr\u00e9cise que ce ne sont pas des actes isol\u00e9s mais un probl\u00e8me structurel. David Cordonnier, le pr\u00e9sident du mouvement des jeunes socialistes, est venu en soutien d\u00e9noncer que le Parti populaire (PP) ait pu porter des discours islamophobes dans les rues sans \u00eatre poursuivi. Carlos Crespo, le pr\u00e9sident du Comit\u00e9 national d\u2019actions pour la paix et la d\u00e9mocratie, d\u00e9nonce la fin du cordon sanitaire dans les m\u00e9dias et la banalisation de ces discours.<\/p>\n<p>Le 17 juin, le Parti populaire, suivi par le mouvement Nation, avait organis\u00e9 une manifestation contre le fascisme islamiste. La JOC et les jeunes FGTB avaient organis\u00e9 une contre-manifestation pour d\u00e9noncer tous les fascismes. Les policiers avaient violemment interpell\u00e9 des jeunes dans la station de m\u00e9tro Tr\u00f4ne.<\/p>\n<p><strong>Belga<\/strong><\/p>\n<p><img decoding=\"async\" class=\"alignright\" alt=\"jpg_dessin524_titom_antiterrorisme\" src=\"http:\/\/www.egalite.be\/wp-content\/uploads\/2012\/06\/jpg_dessin524_titom_antiterrorisme1.jpg\" width=\"521\" height=\"400\" \/><\/p>\n<\/div>\n<\/article>\n<\/div>\n<\/li>\n<\/ul>\n<\/div>\n<\/div>\n","protected":false},"excerpt":{"rendered":"<p>250 manifestants contre la violence polici\u00e8re \u00e0 Bruxelles REGIONS | Mis \u00e0 jour le mercredi 27 juin 2012 \u00e0 19h43 Images Manifestation contre la violence polici\u00e8re \u00e0 Bruxelles Vid\u00e9os Bruxelles : manifestation FGTB contre les violences polici\u00e8res Un rassemblement autoris\u00e9 de 250 personnes, selon le d\u00e9compte de la police de Bruxelles-Ixelles, a eu lieu, mercredi, &#8230; <a title=\"Manifestation contre la violence polici\u00e8re \u00e0 Bruxelles\" class=\"read-more\" href=\"https:\/\/bruxelles-pantheres.be\/?p=1034\" aria-label=\"En savoir plus sur Manifestation contre la violence polici\u00e8re \u00e0 Bruxelles\">Lire la suite<\/a><\/p>\n","protected":false},"author":1,"featured_media":691,"comment_status":"open","ping_status":"open","sticky":false,"template":"","format":"standard","meta":{"footnotes":""},"categories":[36,28,5],"tags":[],"class_list":["post-1034","post","type-post","status-publish","format-standard","has-post-thumbnail","hentry","category-europe","category-racismes","category-violence-policiere"],"_links":{"self":[{"href":"https:\/\/bruxelles-pantheres.be\/index.php?rest_route=\/wp\/v2\/posts\/1034","targetHints":{"allow":["GET"]}}],"collection":[{"href":"https:\/\/bruxelles-pantheres.be\/index.php?rest_route=\/wp\/v2\/posts"}],"about":[{"href":"https:\/\/bruxelles-pantheres.be\/index.php?rest_route=\/wp\/v2\/types\/post"}],"author":[{"embeddable":true,"href":"https:\/\/bruxelles-pantheres.be\/index.php?rest_route=\/wp\/v2\/users\/1"}],"replies":[{"embeddable":true,"href":"https:\/\/bruxelles-pantheres.be\/index.php?rest_route=%2Fwp%2Fv2%2Fcomments&post=1034"}],"version-history":[{"count":1,"href":"https:\/\/bruxelles-pantheres.be\/index.php?rest_route=\/wp\/v2\/posts\/1034\/revisions"}],"predecessor-version":[{"id":1035,"href":"https:\/\/bruxelles-pantheres.be\/index.php?rest_route=\/wp\/v2\/posts\/1034\/revisions\/1035"}],"wp:featuredmedia":[{"embeddable":true,"href":"https:\/\/bruxelles-pantheres.be\/index.php?rest_route=\/wp\/v2\/media\/691"}],"wp:attachment":[{"href":"https:\/\/bruxelles-pantheres.be\/index.php?rest_route=%2Fwp%2Fv2%2Fmedia&parent=1034"}],"wp:term":[{"taxonomy":"category","embeddable":true,"href":"https:\/\/bruxelles-pantheres.be\/index.php?rest_route=%2Fwp%2Fv2%2Fcategories&post=1034"},{"taxonomy":"post_tag","embeddable":true,"href":"https:\/\/bruxelles-pantheres.be\/index.php?rest_route=%2Fwp%2Fv2%2Ftags&post=1034"}],"curies":[{"name":"wp","href":"https:\/\/api.w.org\/{rel}","templated":true}]}}