{"id":1041,"date":"2012-06-25T00:30:48","date_gmt":"2012-06-24T23:30:48","guid":{"rendered":"https:\/\/bruxelles-pantheres.be\/?p=1041"},"modified":"2013-11-12T00:32:53","modified_gmt":"2013-11-11T23:32:53","slug":"pourquoi-nous-sortons-de-nos-quartiers","status":"publish","type":"post","link":"https:\/\/bruxelles-pantheres.be\/?p=1041","title":{"rendered":"Pourquoi nous sortons de nos quartiers?"},"content":{"rendered":"<p>je vie dans une soci\u00e9t\u00e9,<br \/>\nriche en diversit\u00e9,<\/p>\n<p>ne touche pas \u00e0 mon identit\u00e9,<br \/>\nelle fait partie de l\u2019humanit\u00e9<\/p>\n<p>pourquoi nous sortons de nos quartiers?<br \/>\nIl y en a marre d\u2019\u00eatre stigmatis\u00e9<\/p>\n<p>nous sommes la majorit\u00e9,<br \/>\n\u00e0 vouloir la diversit\u00e9,<\/p>\n<p>nous sommes la majorit\u00e9,<br \/>\n\u00e0 vouloir de l\u2019\u00e9galit\u00e9<\/p>\n<p>je refuse d\u2019\u00eatre assimil\u00e9,<br \/>\ny a pas le choix faut m\u2019accepter<\/p>\n<p>ici personne ne se ressemble<br \/>\nmais tous le monde veut le vivre ensemble<\/p>\n<p>partisans politique,<br \/>\npartisans m\u00e9diatique,<br \/>\nveuillez changer de th\u00e9matique,<\/p>\n<p>on vous propose un pic nic,<br \/>\npour changer de dynamique<\/p>\n<p>musulman, repr\u00e9sentant<br \/>\n25% du parlement<\/p>\n<p>alors il serait temps<br \/>\nde changer de r\u00e8glement<\/p>\n<p>by B.C<\/p>\n<header class=\"entry-header\"><img decoding=\"async\" class=\"attachment-post-thumbnail wp-post-image alignnone\" alt=\"art_is_resistance\" src=\"http:\/\/www.egalite.be\/wp-content\/uploads\/2012\/06\/art_is_resistance.jpg\" width=\"624\" height=\"594\" \/><\/p>\n<h1 class=\"entry-title\"><\/h1>\n<\/header>\n","protected":false},"excerpt":{"rendered":"<p>je vie dans une soci\u00e9t\u00e9, riche en diversit\u00e9, ne touche pas \u00e0 mon identit\u00e9, elle fait partie de l\u2019humanit\u00e9 pourquoi nous sortons de nos quartiers? Il y en a marre d\u2019\u00eatre stigmatis\u00e9 nous sommes la majorit\u00e9, \u00e0 vouloir la diversit\u00e9, nous sommes la majorit\u00e9, \u00e0 vouloir de l\u2019\u00e9galit\u00e9 je refuse d\u2019\u00eatre assimil\u00e9, y a pas &#8230; <a title=\"Pourquoi nous sortons de nos quartiers?\" class=\"read-more\" href=\"https:\/\/bruxelles-pantheres.be\/?p=1041\" aria-label=\"En savoir plus sur Pourquoi nous sortons de nos quartiers?\">Lire la suite<\/a><\/p>\n","protected":false},"author":1,"featured_media":1042,"comment_status":"open","ping_status":"open","sticky":false,"template":"","format":"standard","meta":{"footnotes":""},"categories":[18],"tags":[14,32,23],"class_list":["post-1041","post","type-post","status-publish","format-standard","has-post-thumbnail","hentry","category-resistance-bruxelles","tag-bruxelles","tag-culture","tag-discrimination"],"_links":{"self":[{"href":"https:\/\/bruxelles-pantheres.be\/index.php?rest_route=\/wp\/v2\/posts\/1041","targetHints":{"allow":["GET"]}}],"collection":[{"href":"https:\/\/bruxelles-pantheres.be\/index.php?rest_route=\/wp\/v2\/posts"}],"about":[{"href":"https:\/\/bruxelles-pantheres.be\/index.php?rest_route=\/wp\/v2\/types\/post"}],"author":[{"embeddable":true,"href":"https:\/\/bruxelles-pantheres.be\/index.php?rest_route=\/wp\/v2\/users\/1"}],"replies":[{"embeddable":true,"href":"https:\/\/bruxelles-pantheres.be\/index.php?rest_route=%2Fwp%2Fv2%2Fcomments&post=1041"}],"version-history":[{"count":1,"href":"https:\/\/bruxelles-pantheres.be\/index.php?rest_route=\/wp\/v2\/posts\/1041\/revisions"}],"predecessor-version":[{"id":1043,"href":"https:\/\/bruxelles-pantheres.be\/index.php?rest_route=\/wp\/v2\/posts\/1041\/revisions\/1043"}],"wp:featuredmedia":[{"embeddable":true,"href":"https:\/\/bruxelles-pantheres.be\/index.php?rest_route=\/wp\/v2\/media\/1042"}],"wp:attachment":[{"href":"https:\/\/bruxelles-pantheres.be\/index.php?rest_route=%2Fwp%2Fv2%2Fmedia&parent=1041"}],"wp:term":[{"taxonomy":"category","embeddable":true,"href":"https:\/\/bruxelles-pantheres.be\/index.php?rest_route=%2Fwp%2Fv2%2Fcategories&post=1041"},{"taxonomy":"post_tag","embeddable":true,"href":"https:\/\/bruxelles-pantheres.be\/index.php?rest_route=%2Fwp%2Fv2%2Ftags&post=1041"}],"curies":[{"name":"wp","href":"https:\/\/api.w.org\/{rel}","templated":true}]}}