{"id":1044,"date":"2012-06-24T00:33:44","date_gmt":"2012-06-23T23:33:44","guid":{"rendered":"https:\/\/bruxelles-pantheres.be\/?p=1044"},"modified":"2013-11-12T00:36:35","modified_gmt":"2013-11-11T23:36:35","slug":"entretien-avec-la-femme-de-nizar-trabelsi","status":"publish","type":"post","link":"https:\/\/bruxelles-pantheres.be\/?p=1044","title":{"rendered":"Entretien avec la femme de Nizar Trabelsi"},"content":{"rendered":"<div>\n<h3>Un entretien avec Oum Maryam, la femme de Nizar Trabelsi<\/h3>\n<div><a href=\"http:\/\/2.bp.blogspot.com\/-oDYWSU3sm7c\/T-eEzxs0LAI\/AAAAAAAABHs\/TyxinCRxfUw\/s1600\/waiting.jpg\"><img decoding=\"async\" alt=\"\" src=\"https:\/\/lh3.ggpht.com\/-oDYWSU3sm7c\/T-eEzxs0LAI\/AAAAAAAABHs\/TyxinCRxfUw\/s1600\/waiting.jpg\" border=\"0\" \/><\/a><\/div>\n<blockquote>\n<div>\u00ab\u00a0<em>Madame la Ministre, ne prenez pas mon mari en otage\u2026<\/em>\u00a0\u00bb<\/div>\n<\/blockquote>\n<div><em>Par Luk Vervaet<br \/>\n<\/em><\/div>\n<div><\/div>\n<div>Oum Maryam est Bruxelloise de naissance. Elle est m\u00e8re de cinq enfants, dont l\u2019ain\u00e9e a 15 ans. C\u2019est en assistant \u00e0 ses proc\u00e8s et en le visitant en prison, qu\u2019elle a connu Nizar Trabelsi. Le couple a d\u00e9cid\u00e9 de se marier. Mais jusqu\u2019\u00e0 pr\u00e9sent, les autorit\u00e9s belges ont tout fait pour que ce mariage ne puisse avoir lieu.<\/div>\n<div>Nadia, l\u2019amie de toujours d\u2019Oum Maryam, et moi-m\u00eame ont \u00e9t\u00e9 sollicit\u00e9s et ont accept\u00e9 d\u2019\u00eatre les t\u00e9moins l\u00e9gaux.<!--more--><\/div>\n<div>Si je vous en parle, c\u2019est parce que \u00e7a illustre ce que vivent des personnes auxquelles l\u2019\u00e9tat belge a d\u00e9clar\u00e9 une guerre sans fin et a quasiment \u00f4t\u00e9 les droits les plus \u00e9l\u00e9mentaires.<\/div>\n<div>Nizar Trabelsi a bient\u00f4t fait onze ans de prison. Soit un an de plus que la peine maximale de dix ans \u00e0 laquelle il avait \u00e9t\u00e9 condamn\u00e9 pour avoir eu le plan d\u2019une attaque contre la base militaire de Kleine Brogel. Attaque qui n\u2019a jamais eu lieu.<\/div>\n<div>Voici le r\u00e9cit d\u2019une femme qui l\u2019attend depuis des mois. Aujourd\u2019hui elle a d\u00e9cid\u00e9 de briser le silence.<\/div>\n<blockquote>\n<div><strong><em>\u00ab\u00a0Attendre\u00a0\u00bb<\/em><\/strong><\/div>\n<\/blockquote>\n<div>J\u2019attends sa lib\u00e9ration depuis septembre 2011.<\/div>\n<div>A ce moment l\u00e0, il avait fait ses dix ans de prison ferme, fond de peine, jusqu\u2019au dernier jour.<\/div>\n<div>Une assitante sociale envoy\u00e9e par le tribunal a inspect\u00e9 ma maison pour voir si tout \u00e9tait en ordre. Si je pouvais bien l\u2019acceuillir quand il sortirait. Ils m\u2019ont dit que c\u2019\u00e9tait positif. Que c\u2019\u00e9tait bien.<\/div>\n<div>Et puis, il y a eu la d\u00e9cision d\u2019ajouter six mois de prison suppl\u00e9mentaires, une punition pour un incident en prison.<\/div>\n<div>Et puis, ils ont ajout\u00e9 trois mois de prison parce qu\u2019il n\u2019avait pas pay\u00e9 une ammende. Enfermer quelqu\u2019un pour trois mois pour une ammende de 5550 euros non-pay\u00e9e, c\u2019est une peine qu\u2019on n\u2019applique pour personne en Belgique. Sauf pour Nizar Trabelsi.<\/div>\n<div>Et puis, il y a eu le 10 mars 2012. Ce jour l\u00e0, il avait purg\u00e9 toutes ses peines, y compris les neufs mois de prison suppl\u00e9mentaires.<\/div>\n<div>La maison \u00e9tait pr\u00e8te pour l\u2019acceuillir. Nous avons tout repeint, tout arrang\u00e9. Nizar et moi avions d\u00e9j\u00e0 le projet d\u2019amener les enfants ensemble \u00e0 l\u2019\u00e9cole. Psychologiquement, c\u2019est dur. Il y a eu le stress. J\u2019avais peur que des journalistes se pointent devant ma porte quand il sortirait de la prison. Pendant longtemps, j\u2019ai eu peur pour mes enfants, ma famille, mes fr\u00e8res et soeurs qu\u2019ils auraient \u00e0 supporter des cons\u00e9quences de tout \u00e7a.<\/div>\n<div>Et l\u00e0, les autorit\u00e9s ont commenc\u00e9 \u00e0 dire qu\u2019elles allaient maintenir Nizar en d\u00e9tention en attendant le jugement sur l\u2019extradition de la Cour europ\u00e9enne. En novembre 2011, cette Cour a bloqu\u00e9 la d\u00e9cision de la Belgique de l\u2019extrader vers les Etats-Unis. La ministre de la Justice avait alors dit qu\u2019elle respecterait la d\u00e9cision de la Cour europ\u00e9enne. Mais dans les faits la Belgique se venge de cette d\u00e9cision en maintenant Nizar en prison. Pour justifier l\u2019injustifiable, ils mentent. Un procureur comme Bernard Michel ment quand il dit que la d\u00e9cision de la Cour peut arriver d\u2019ici quelques mois. C\u2019est un mensonge et il le sait. Un jugement peut prendre un an ou m\u00eame plusieurs ann\u00e9es. Ca m\u2019inqui\u00e8te, qu\u2019ils peuvent mentir \u00e0 tel point.<\/div>\n<div>On n\u2019a pas accept\u00e9 cette d\u00e9cision et on a saisi le tribunal. Quand d\u00e9but juin, la Chambre du Conseil de Nivelles a d\u00e9cid\u00e9 de rejeter la demande de Maitre Marc N\u00e8ve de mettre Nizar en libert\u00e9, sous conditions et sous surveillance s\u2019il le faut, j\u2019ai craqu\u00e9 face \u00e0 tant d\u2019injustice.<\/div>\n<div>J\u2019ai pleur\u00e9\u2026 j\u2019attendais tellement sa lib\u00e9ration.<\/div>\n<div>J\u2019ai eu l\u2019impression que les proc\u00e8s de Nizar sont devenus des pi\u00e8ces de th\u00e9atre. Quoi qu\u2019on dise, le sc\u00e9nario est l\u00e0, ils ont d\u00e9j\u00e0 pris leurs d\u00e9cisions.<\/div>\n<div>Mais c\u2019est quoi la justice alors. O\u00f9 est-elle\u00a0?<\/div>\n<div>Il doit rentrer \u00e0 la maison. Je veux qu\u2019il sorte. Je veux dire \u00e0 la Ministre\u00a0: arr\u00eatez de le prendre en otage, laissez nous vivre en paix, il a pay\u00e9, il a assum\u00e9, il a fait ses 10 ans de prison et plus que \u00e7a. Sa place est \u00e0 la maison, pas dans une prison de haute s\u00e9curit\u00e9. Ne vous comportez pas comme les dictateurs dans les pays arabes. Vous avez lu l\u2019article de l\u2019ancien procureur de Charleroi sur Nizar ? Il a dit plein de bonnes choses sur lui.<\/div>\n<div>Oui, je veux parler \u00e0 la Ministre Turtelboom. Je suis citoyenne de ce pays. Je suis n\u00e9e ici. Je veux qu\u2019elle soit accessible et qu\u2019elle m\u2019\u00e9coute. Je veux lui parler de la pression am\u00e9ricaine sur notre pays. Lui demander si la Belgique est toujours un pays libre. Si on a toujours notre ind\u00e9pendance par rapport aux Am\u00e9ricains\u00a0? Pour moi, la r\u00e9ponse est non. Avant, je ne le voyais pas comme \u00e7a, mais je l\u2019ai constat\u00e9, je l\u2019ai v\u00e9cu, je veux qu\u2019elle m\u2019explique.<\/div>\n<blockquote>\n<div><strong>\u00ab\u00a0<em>Dix ans de tranferts et d\u2019isolement<\/em>\u00a0\u00bb<\/strong><\/div>\n<\/blockquote>\n<div>Ca fait des ann\u00e9es que je vis cette injustice. Je me l\u00e8ve le matin et j\u2019attends un coup de fil, qui m\u2019annonce qu\u2019il va encore une fois \u00eatre tranf\u00e9r\u00e9. Jamais il n\u2019a pu rester dans la m\u00eame prison plus de 5 ou 6 mois. Sur la seule derni\u00e8re ann\u00e9e, il a connu la prison d\u2019Ittre, celle de Bruges, celle de Nivelles, celle de Bruges, celle d\u2019Ittre, et aujourd\u2019hui le voil\u00e0 \u00e0 nouveau \u00e0 Bruges.<\/div>\n<div>C\u2019est \u00e9puisant. D\u2019abord ils ont justifi\u00e9 les tranferts parce qu\u2019il y avait le risque d\u2019\u00e9vasion. Maintenant , ce n\u2019est plus \u00e7a. Maintenant c\u2019est au nom de la haute s\u00e9curit\u00e9.<\/div>\n<div>Durant 10 ans, Nizar n\u2019a jamais eu un r\u00e9gime normal. Toujour un r\u00e9gime sp\u00e9cial ou en isolement. Il est ou bien en section sp\u00e9ciale ou en section haute s\u00e9curit\u00e9. Dans les prisons o\u00f9 il y a plusieurs fois par jour une sortie au pr\u00e9o.. lui il n\u2019y a pas droit. Il est seul. Il sort seul pour faire son sport, ou ce sont eux qui choisissent qui peut aller avec lui. D\u00e8s qu\u2019il \u00e9tablit un bon contact avec un co-d\u00e9tenu, celui ci est d\u00e9plac\u00e9 vers une autre cellule.<\/div>\n<div>Les effets de l\u2019isolement pendant si longtemps sont graves. Diff\u00e9rents psychiatres qui l\u2019ont examin\u00e9 se sont oppos\u00e9s \u00e0 ce qu\u2019on continue \u00e0 l\u2019enfermer en isolement. Personne ne les a \u00e9cout\u00e9s.<\/div>\n<div>J\u2019ai vu trembler Nizar pour la premi\u00e8re fois \u00e0 Ittre. Il avait perdu beaucoup de poids \u00e0 ce moment l\u00e0. Il \u00e9tait cern\u00e9, ne dormait pas, il avait besoin de soins pour sa tete, rien ne se faisait. Il a un ulcer \u00e0 l\u2019estomac. Il manque de vitamine D. Sa vue a baiss\u00e9e. Maintenant, \u00e0 Bruges, ils veulent bien l\u2019amener \u00e0 l\u2019hopital dans la prison, mais \u00e0 condition qu\u2019il accepte d\u2019\u00eatre menott\u00e9 les bras dans le dos et de porter des entraves. Mais vous imaginez-vous d\u2019\u00eatre examin\u00e9 pour votre estomac les mains et pieds menott\u00e9s ?<\/div>\n<div>Il ne re\u00e7oit pas les soins dont il a besoin. Mais la semaine pass\u00e9e, le procureur a envoy\u00e9 un medecin pour l\u2019examiner dans sa cellule, voir sa condition, et voir s\u2019il \u00e9tait capable de se pr\u00e9senter devant la Cour. Le m\u00e9decin \u00e9tait accompagn\u00e9 de quatre gardiens. Nizar a dit qu\u2019il voulait bien passer l\u2019examen, mais sans la pr\u00e9sence des quatre gardiens. Ils ont refus\u00e9 sa demande, et l\u2019examen n\u2019a pas eu lieu. R\u00e9sultat\u00a0: le procureur a dit que Nizar Trabelsi a refus\u00e9 de se faire examiner par un m\u00e9decin.<\/div>\n<blockquote>\n<div><strong>\u00ab\u00a0<em>Visite \u00e0 un prisonnier en isolement<\/em>\u00a0<em>\u00e0 Bruges<\/em> \u00bb<\/strong><\/div>\n<\/blockquote>\n<div>Il en est maintenant \u00e0 sa onzi\u00e8me ann\u00e9e de d\u00e9tention, pourtant il n\u2019a \u00e9t\u00e9 condamn\u00e9 qu\u2019\u00e0 dix ans. Pendant ces dix ann\u00e9es il n\u2019a pas eu droit \u00e0 un jour de cong\u00e9 p\u00e9nitentiaire pour le pr\u00e9parer \u00e0 sa lib\u00e9ration. Il n\u2019a pas eu droit \u00e0 une lib\u00e9ration conditionnelle.<\/div>\n<div>Quand il est Bruges, \u00e7a me prend une bonne partie de la journ\u00e9e pour aller le visiter pendant une heure. Il faut \u00eatre l\u00e0 \u00e0 temps. Une fois, j\u2019avais un rendez-vous avec lui fix\u00e9 \u00e0 16.15 h. J\u2019avais 5 minutes de retard \u00e0 cause des embouteillages. Ils m\u2019ont refus\u00e9 l\u2019acc\u00e8s. \u00ab\u00a0C\u2019est le r\u00e8gelement madame\u00a0\u00bb.<\/div>\n<div>Quand j\u2019entre \u00e0 la prison, un gardien m\u2019am\u00e8ne \u00e0 la salle de visite du quartier de haute s\u00e9curit\u00e9. Il faut passer des couloirs et des couloirs. C\u2019est un labyrinthe tr\u00e8s impressionnant. C\u2019est mena\u00e7ant aussi. Quand j\u2019arrive au quartier de haute s\u00e9curit\u00e9 en sous-sol, cinq, six gardiens me dirigent directement vers le lieu de la visite. Mais je passe quand-m\u00eame devant les quelques cellules \u00e0 gauche et \u00e0 droite. J\u2019entends des cris. La fen\u00eatre dans la salle de visite est tr\u00e8s haute. Il y a un banc, une table, ils sont fix\u00e9s, on ne peut pas les d\u00e9placer; je ne peux pas m\u2019asseoir \u00e0 c\u00f4t\u00e9 de lui, ni lui \u00e0 c\u00f4t\u00e9 de moi.<\/div>\n<div>Quand j\u2019allais le visiter avec mon plus petit enfant d\u2019un an, je ne pouvais emporter ni lingettes, ni biscuits, ni biberon d\u2019eau. Ce dernier \u00e9tait fourni par la prison. Une fois, ma fille de huit ans devait absolument aller aux toilettes. Nous avons demand\u00e9 si elle pouvait aller aux toilettes au rez-de -chauss\u00e9e, elle \u00e9tait tellement press\u00e9e. Nizar et moi ont assur\u00e9 les gardiens qu\u2019on ne demandait pas de l\u2019accompagner, mais qu\u2019elle pouvait y aller toute seule. Ils n\u2019ont pas voulu la laisser aller. Ils ont dit que la petite devait refaire tout le chemin et aller aux toilettes \u00e0 l\u2019entr\u00e9e de la prison. Elle avait huit ans. Et l\u00e0, j\u2019ai vu la peur dans ses yeux. Elle doit avoir ressenti \u00e7a comme quelque chose de tellement injuste. Et d\u2019un coup elle s\u2019est renferm\u00e9e. Elle a dit qu\u2019elle ne voulait plus aller \u00e0 la toilette. C\u2019est comme si elle se r\u00e9alisait soudainement dans quel monde elle avait atterri. Depuis ce moment l\u00e0, je ne prends plus jamais les enfants avec moi en prison.<\/div>\n<blockquote>\n<div><strong>\u00ab\u00a0<em>La vie, la foi et la mort<\/em>\u00a0\u00bb<\/strong><\/div>\n<\/blockquote>\n<div>Ma maman est d\u00e9c\u00e9d\u00e9e quand j\u2019avais 17 ans. Je me suis occup\u00e9e de mes fr\u00e8res et soeurs. Maintenant, j\u2019ai 5 enfants. L\u2019ain\u00e9e a 15 ans, le cadet aura bient\u00f4t 3 ans.<\/div>\n<div>Je me dis qu\u2019on va tous mourir un jour. Ce qu\u2019on v\u00eet est une \u00e9preuve. Le destin est entre les mains de Dieu. Je fais lui confiance \u00e0 100 %. Dieu est au-dessus de la justice humaine. Pour le reste, rien n\u2019est d\u00e9finitif. J\u2019ai entendu l\u2019histoire d\u2019une femme palestinienne condamn\u00e9e \u00e0 perp\u00e9tuit\u00e9. Elle a \u00e9t\u00e9 lib\u00e9r\u00e9e en \u00e9change du prisonnier israelien.<\/div>\n<div>Nizar est l\u2019homme au plus grand coeur que j\u2019ai jamais rencontr\u00e9. Il n\u2019a jamais tu\u00e9 ni bless\u00e9 personne. Je l\u2019aime beaucoup. Je souffre en sachant qu\u2019il n\u2019est pas soign\u00e9 comme il le faut. Il pr\u00e9parait un attentat contre une base militaire, pas contre des civils. Au dernier moment il a m\u00eame abandonn\u00e9 ce plan et a voulu refaire ses bagages et repartir.<\/div>\n<div>Maintenant, ils baffouent leurs propres lois. Quand il n\u2019a pas voulu collaborer avec les Am\u00e9ricains et qu\u2019il n\u2019a pas c\u00e8d\u00e9 \u00e0 leurs chantages, ils lui ont dit\u00a0: \u00ab\u00a0<em>on va te montrer ce que c\u2019est Guantanamo\u00a0<\/em>\u00bb. Un des agents am\u00e9ricains lui a dit\u00a0: \u00ab<em>\u00a0tu ne verras plus jamais le ciel.<\/em>\u00a0\u00bb<\/div>\n<div>Ils font la guerre contre nous, mais le peuple lui n\u2019est pas en guerre. Il veut vivre en paix.<\/div>\n<div>\n<h3><a title=\"Sortie du nouveau livre de Luk Vervaet\" href=\"http:\/\/www.egalite.be\/?p=1615\" rel=\"bookmark\">Sortie du nouveau livre de Luk Vervaet<\/a><\/h3>\n<pre><a href=\"http:\/\/www.egalite.be\/wp-content\/uploads\/2012\/02\/touteconv.jpg\"><img decoding=\"async\" title=\"touteconv\" alt=\"\" src=\"http:\/\/www.egalite.be\/wp-content\/uploads\/2012\/02\/touteconv.jpg\" width=\"427\" height=\"336\" \/><\/a><\/pre>\n<div>\n<div id=\"font-variable\">\n<p><em>Luk Vervaet est enseignant en prison, membre d\u2019\u00c9galit\u00e9 et de la Commission arabe des droits humains.<\/em><\/p>\n<\/div>\n<\/div>\n<div><strong><\/strong><em><em><br \/>\n<\/em><\/em><\/div>\n<\/div>\n<\/div>\n","protected":false},"excerpt":{"rendered":"<p>Un entretien avec Oum Maryam, la femme de Nizar Trabelsi \u00ab\u00a0Madame la Ministre, ne prenez pas mon mari en otage\u2026\u00a0\u00bb Par Luk Vervaet Oum Maryam est Bruxelloise de naissance. Elle est m\u00e8re de cinq enfants, dont l\u2019ain\u00e9e a 15 ans. C\u2019est en assistant \u00e0 ses proc\u00e8s et en le visitant en prison, qu\u2019elle a connu &#8230; <a title=\"Entretien avec la femme de Nizar Trabelsi\" class=\"read-more\" href=\"https:\/\/bruxelles-pantheres.be\/?p=1044\" aria-label=\"En savoir plus sur Entretien avec la femme de Nizar Trabelsi\">Lire la suite<\/a><\/p>\n","protected":false},"author":1,"featured_media":80,"comment_status":"open","ping_status":"open","sticky":false,"template":"","format":"standard","meta":{"footnotes":""},"categories":[21,4,8,28,5],"tags":[31,26,29,49],"class_list":["post-1044","post","type-post","status-publish","format-standard","has-post-thumbnail","hentry","category-anti-imperialisme","category-islamophobie","category-prisons","category-racismes","category-violence-policiere","tag-belgique","tag-extradition","tag-torture","tag-usa"],"_links":{"self":[{"href":"https:\/\/bruxelles-pantheres.be\/index.php?rest_route=\/wp\/v2\/posts\/1044","targetHints":{"allow":["GET"]}}],"collection":[{"href":"https:\/\/bruxelles-pantheres.be\/index.php?rest_route=\/wp\/v2\/posts"}],"about":[{"href":"https:\/\/bruxelles-pantheres.be\/index.php?rest_route=\/wp\/v2\/types\/post"}],"author":[{"embeddable":true,"href":"https:\/\/bruxelles-pantheres.be\/index.php?rest_route=\/wp\/v2\/users\/1"}],"replies":[{"embeddable":true,"href":"https:\/\/bruxelles-pantheres.be\/index.php?rest_route=%2Fwp%2Fv2%2Fcomments&post=1044"}],"version-history":[{"count":1,"href":"https:\/\/bruxelles-pantheres.be\/index.php?rest_route=\/wp\/v2\/posts\/1044\/revisions"}],"predecessor-version":[{"id":1045,"href":"https:\/\/bruxelles-pantheres.be\/index.php?rest_route=\/wp\/v2\/posts\/1044\/revisions\/1045"}],"wp:featuredmedia":[{"embeddable":true,"href":"https:\/\/bruxelles-pantheres.be\/index.php?rest_route=\/wp\/v2\/media\/80"}],"wp:attachment":[{"href":"https:\/\/bruxelles-pantheres.be\/index.php?rest_route=%2Fwp%2Fv2%2Fmedia&parent=1044"}],"wp:term":[{"taxonomy":"category","embeddable":true,"href":"https:\/\/bruxelles-pantheres.be\/index.php?rest_route=%2Fwp%2Fv2%2Fcategories&post=1044"},{"taxonomy":"post_tag","embeddable":true,"href":"https:\/\/bruxelles-pantheres.be\/index.php?rest_route=%2Fwp%2Fv2%2Ftags&post=1044"}],"curies":[{"name":"wp","href":"https:\/\/api.w.org\/{rel}","templated":true}]}}