{"id":1046,"date":"2012-06-24T00:37:20","date_gmt":"2012-06-23T23:37:20","guid":{"rendered":"https:\/\/bruxelles-pantheres.be\/?p=1046"},"modified":"2013-11-12T00:40:34","modified_gmt":"2013-11-11T23:40:34","slug":"situation-des-roms-qui-occupent-le-hall-du-ccn","status":"publish","type":"post","link":"https:\/\/bruxelles-pantheres.be\/?p=1046","title":{"rendered":"Situation des roms qui occupent le hall du CCN"},"content":{"rendered":"<p>&nbsp;<\/p>\n<p>&nbsp;<\/p>\n<address>Cabinet du Premier ministre Elio di rupo<br \/>\nRue de la Loi 16<br \/>\n1000 Bruxelles<br \/>\nT\u00e9l. +32 (0)2\u00a0501 02 11<br \/>\nFax +32 (0)2 217 33 28<\/address>\n<p>&nbsp;<\/p>\n<address>Email\u00a0: <a href=\"mailto:info@premier.fed.be\">info@premier.fed.be<\/a>, <a href=\"mailto:herv%C3%A9.parmentier@premier.fed.be\">herve.parmentier@premier.fed.be<\/a>, <a href=\"mailto:guillaume.dewalque@premier.fed.be\">guillaume.dewalque@premier.fed.be<\/a>, <a href=\"mailto:thomas.mels@premier.fed.be\">thomas.mels@premier.fed.be<\/a><\/address>\n<p>&nbsp;<\/p>\n<p>&nbsp;<\/p>\n<address>Jo\u00eblle Milquet<\/address>\n<p>&nbsp;<\/p>\n<address>Cabinet du Ministre de l\u2019Int\u00e9rieur et de l\u2019Egalit\u00e9 des chances<\/address>\n<p>&nbsp;<\/p>\n<address>Adresse : 2, rue de la Loi \u2013 1000 Bruxelles<\/address>\n<p>&nbsp;<\/p>\n<address>T\u00e9l : 02 504 85 13<\/address>\n<p>&nbsp;<\/p>\n<address>Fax : 02 504 85 00 \u2013 02 504 85 80<\/address>\n<p>&nbsp;<\/p>\n<address>Email : <a href=\"mailto:Peter.Vansintjan@ibz.fgov.be\">Peter Vansintjan<\/a><\/address>\n<p>&nbsp;<\/p>\n<address>Internet : <a href=\"http:\/\/2011.oceanic.belgium.be\/fr\" target=\"_blank\">Site web Jo\u00eblle Milquet<\/a><\/address>\n<p>&nbsp;<\/p>\n<p>&nbsp;<\/p>\n<address>\u00a0<\/address>\n<address>Madame Maggie De Block<\/address>\n<p>&nbsp;<\/p>\n<address>Secr\u00e9taire d\u2019Etat \u00e0 la Politique de Migration et d\u2019Asile<\/address>\n<p>&nbsp;<\/p>\n<address>Boulevard de Waterloo 115 \u2013 1000 Bruxelles<\/address>\n<p>&nbsp;<\/p>\n<address>T\u00e9l : 02 542 80 11<\/address>\n<p>&nbsp;<\/p>\n<address>Fax :<\/address>\n<p>&nbsp;<\/p>\n<address>Email :<a href=\"mailto:info.maggiedeblock@ibz.fgov.be\">info.maggiedeblock@ibz.fgov.be<\/a><\/address>\n<p>&nbsp;<\/p>\n<address>Internet : <a href=\"http:\/\/www.maggiedeblock.be\/\" target=\"_blank\">http:\/\/www.maggiedeblock.be<\/a><\/address>\n<p>&nbsp;<\/p>\n<p>&nbsp;<\/p>\n<h3 style=\"text-align: justify;\"><strong>Madame, Monsieur,<\/strong><\/h3>\n<p>&nbsp;<\/p>\n<h3 style=\"text-align: justify;\"><strong>J\u2019apprends avec consternation que les familles Roms qui \u00ab logent \u00bb actuellement gare du Nord seront expuls\u00e9es d\u00e8s lundi matin !<!--more--><\/strong><\/h3>\n<p>&nbsp;<\/p>\n<h3 style=\"text-align: justify;\"><strong>Je parle ici des Roms, donc des Europ\u00e9ens, membres \u00e0 part enti\u00e8re de l\u2019UE. Mais les demandeurs d\u2019asile venant du monde entier sont dans la m\u00eame situation.<\/strong><\/h3>\n<p>&nbsp;<\/p>\n<h3 style=\"text-align: justify;\"><strong>Alors que l\u2019expulsion des familles qui occupent le hall du CCN est programm\u00e9 pour ce lundi 25 juin,je vous invite a voir la bande annonce du film\u00a0 <a href=\"http:\/\/www.egalite.be\/?p=3141\" target=\"_blank\">\u00ab\u00a0De Charybde en Scylla\u00a0\u00bb, un film \u00e9v\u00e9nement r\u00e9alis\u00e9 par enlignedirecte.be <\/a>sur la situation des roms de Serbie.<\/strong><\/h3>\n<p>&nbsp;<\/p>\n<h3 style=\"text-align: justify;\"><strong>Dans ce film qui sera pr\u00e9sent\u00e9 au cin\u00e9ma Vend\u00f4me \u00e0 Bruxelles le 27 juin prochain \u00e0 14 heures, nous pouvons entendre le t\u00e9moignage bouleversant d\u2019une maman ayant perdu son enfant polyhandicap\u00e9 dans des conditions inhumaine.<\/strong><\/h3>\n<p>&nbsp;<\/p>\n<h3 style=\"text-align: justify;\"><strong>Bernard De Vos, le D\u00e9l\u00e9gu\u00e9 g\u00e9n\u00e9ral aux droits de l\u2019enfant, a retrouv\u00e9 cette famille rom, qui a perdu la petite Sunita, 12 ans, morte faute de soins.<\/strong><\/h3>\n<p>&nbsp;<\/p>\n<h3 style=\"text-align: justify;\"><strong>Le t\u00e9moignage de cette maman confirme que notre pays n\u2019a pas, \u00e0 l\u2019\u00e9gard de ces enfants, une politique protectrice et \u00e9quitable. Demain des enfants parfois tr\u00e8s jeunes seront \u00e0 nouveau jet\u00e9s \u00e0 la rue de mani\u00e8re toute officielle et\u00a0 l\u00e9galement.<\/strong><\/h3>\n<p>&nbsp;<\/p>\n<h3 style=\"text-align: justify;\"><strong>Madame, Monsieur,<\/strong><\/h3>\n<p>&nbsp;<\/p>\n<h3 style=\"text-align: justify;\"><strong>Combien faudra-t-il attendre d\u2019enfants morts pour que l\u2019humain reprenne le dessus dans le traitement des dossiers de ces familles?<\/strong><\/h3>\n<p>&nbsp;<\/p>\n<h3 style=\"text-align: justify;\"><strong>Quel que soit le statut administratif des familles, quel que soit leur statut l\u00e9gal, il est totalement intol\u00e9rable que, dans un pays civilis\u00e9 et riche comme le n\u00f4tre, des familles avec des enfants\u00a0 soient oblig\u00e9es de dormir dehors.<\/strong><\/h3>\n<p>&nbsp;<\/p>\n<h3 style=\"text-align: justify;\"><strong>Il faut d\u2019urgence trouver des solutions durables.<\/strong><\/h3>\n<p>&nbsp;<\/p>\n<h3 style=\"text-align: justify;\"><strong>Les autorit\u00e9s f\u00e9d\u00e9rales doivent se coordonner efficacement et prendre les mesures n\u00e9cessaires telles que la mise \u00e0 disposition de b\u00e2timents publics pour accueillir imm\u00e9diatement les personnes concern\u00e9es<\/strong><\/h3>\n<p>&nbsp;<\/p>\n<h3 style=\"text-align: justify;\"><strong>A Bruxelles, on estime \u00e0 quelque 30.000 le nombre de logements inoccup\u00e9s. Certains sont d\u00e9labr\u00e9s, d\u2019autres sont en relativement bon \u00e9tat.<\/strong><\/h3>\n<p>&nbsp;<\/p>\n<h3 style=\"text-align: justify;\"><strong>De nombreuses questions sont soulev\u00e9es\u00a0: logement, scolarisation, acc\u00e8s \u00e0 l\u2019hygi\u00e8ne et aux soins, accompagnement, \u2026<\/strong><\/h3>\n<p>&nbsp;<\/p>\n<h3 style=\"text-align: justify;\"><strong>Il vous revient donc aujourd\u2019hui la responsabilit\u00e9 d\u2019engager cette d\u00e9marche unanimement attendue par les personnes concern\u00e9es.<\/strong><\/h3>\n<p>&nbsp;<\/p>\n<h3 style=\"text-align: justify;\"><strong>Dans l\u2019attente et comptant sur votre d\u00e9termination, je vous prie de recevoir, Madame, Monsieur, mes salutations distingu\u00e9es.<\/strong><\/h3>\n<p>&nbsp;<\/p>\n<h3 style=\"text-align: right;\"><strong><span style=\"color: #888888;\">Nordine Sa\u00efdi<\/span><\/strong><\/h3>\n<p><a href=\"http:\/\/www.egalite.be\/wp-content\/uploads\/2012\/06\/roms-maudits.jpg\"><img decoding=\"async\" class=\"aligncenter size-large wp-image-3185\" title=\"roms maudits\" alt=\"\" src=\"http:\/\/www.egalite.be\/wp-content\/uploads\/2012\/06\/roms-maudits-1024x768.jpg\" width=\"610\" height=\"457\" \/><\/a><\/p>\n","protected":false},"excerpt":{"rendered":"<p>&nbsp; &nbsp; Cabinet du Premier ministre Elio di rupo Rue de la Loi 16 1000 Bruxelles T\u00e9l. +32 (0)2\u00a0501 02 11 Fax +32 (0)2 217 33 28 &nbsp; Email\u00a0: info@premier.fed.be, herve.parmentier@premier.fed.be, guillaume.dewalque@premier.fed.be, thomas.mels@premier.fed.be &nbsp; &nbsp; Jo\u00eblle Milquet &nbsp; Cabinet du Ministre de l\u2019Int\u00e9rieur et de l\u2019Egalit\u00e9 des chances &nbsp; Adresse : 2, rue de la &#8230; <a title=\"Situation des roms qui occupent le hall du CCN\" class=\"read-more\" href=\"https:\/\/bruxelles-pantheres.be\/?p=1046\" aria-label=\"En savoir plus sur Situation des roms qui occupent le hall du CCN\">Lire la suite<\/a><\/p>\n","protected":false},"author":1,"featured_media":181,"comment_status":"open","ping_status":"open","sticky":false,"template":"","format":"standard","meta":{"footnotes":""},"categories":[28,37,5],"tags":[31,14,23,13,15],"class_list":["post-1046","post","type-post","status-publish","format-standard","has-post-thumbnail","hentry","category-racismes","category-romophobie","category-violence-policiere","tag-belgique","tag-bruxelles","tag-discrimination","tag-nordine-saidi","tag-resistance"],"_links":{"self":[{"href":"https:\/\/bruxelles-pantheres.be\/index.php?rest_route=\/wp\/v2\/posts\/1046","targetHints":{"allow":["GET"]}}],"collection":[{"href":"https:\/\/bruxelles-pantheres.be\/index.php?rest_route=\/wp\/v2\/posts"}],"about":[{"href":"https:\/\/bruxelles-pantheres.be\/index.php?rest_route=\/wp\/v2\/types\/post"}],"author":[{"embeddable":true,"href":"https:\/\/bruxelles-pantheres.be\/index.php?rest_route=\/wp\/v2\/users\/1"}],"replies":[{"embeddable":true,"href":"https:\/\/bruxelles-pantheres.be\/index.php?rest_route=%2Fwp%2Fv2%2Fcomments&post=1046"}],"version-history":[{"count":1,"href":"https:\/\/bruxelles-pantheres.be\/index.php?rest_route=\/wp\/v2\/posts\/1046\/revisions"}],"predecessor-version":[{"id":1047,"href":"https:\/\/bruxelles-pantheres.be\/index.php?rest_route=\/wp\/v2\/posts\/1046\/revisions\/1047"}],"wp:featuredmedia":[{"embeddable":true,"href":"https:\/\/bruxelles-pantheres.be\/index.php?rest_route=\/wp\/v2\/media\/181"}],"wp:attachment":[{"href":"https:\/\/bruxelles-pantheres.be\/index.php?rest_route=%2Fwp%2Fv2%2Fmedia&parent=1046"}],"wp:term":[{"taxonomy":"category","embeddable":true,"href":"https:\/\/bruxelles-pantheres.be\/index.php?rest_route=%2Fwp%2Fv2%2Fcategories&post=1046"},{"taxonomy":"post_tag","embeddable":true,"href":"https:\/\/bruxelles-pantheres.be\/index.php?rest_route=%2Fwp%2Fv2%2Ftags&post=1046"}],"curies":[{"name":"wp","href":"https:\/\/api.w.org\/{rel}","templated":true}]}}