{"id":1049,"date":"2012-06-22T00:41:51","date_gmt":"2012-06-21T23:41:51","guid":{"rendered":"https:\/\/bruxelles-pantheres.be\/?p=1049"},"modified":"2013-11-12T00:45:48","modified_gmt":"2013-11-11T23:45:48","slug":"caroline-breivik-vs-liberte-dexpression","status":"publish","type":"post","link":"https:\/\/bruxelles-pantheres.be\/?p=1049","title":{"rendered":"Caroline Breivik vs Libert\u00e9 d\u2019expression"},"content":{"rendered":"<p>&nbsp;<\/p>\n<address style=\"text-align: justify;\"><strong>Nordine, convoqu\u00e9 \u00e0 la police pour avoir relay\u00e9 une vid\u00e9o sur Facebook<\/strong><\/address>\n<p>&nbsp;<\/p>\n<div id=\"picture\" style=\"text-align: justify;\">\n<div>\n<div>\n<div id=\"item440416\">\n<p><img decoding=\"async\" title=\"Nordine S. est poursuivi pour diffamation \u00e0 l&amp;#8217;encontre de Caroline Fourest. \" alt=\"Nordine S. est poursuivi pour diffamation \u00e0 l&amp;#8217;encontre de Caroline Fourest. \" src=\"http:\/\/www.lacapitale.be\/sites\/default\/files\/imagecache\/article_300x200\/2012\/06\/22\/297348035_ID7840007_nordine_201627_H3XM3C_0.JPG\" width=\"300\" height=\"200\" \/><\/p>\n<pre>Nordine S. est poursuivi pour diffamation \u00e0 l\u2019encontre de Caroline Fourest.<\/pre>\n<\/div>\n<\/div>\n<\/div>\n<\/div>\n<p>&nbsp;<\/p>\n<div style=\"text-align: justify;\">Faire circuler une vid\u00e9o sur YouTube n\u2019est pas tout \u00e0 fait sans risque. Un Anderlechtois vient de l\u2019apprendre \u00e0 ses d\u00e9pens. Il est poursuivi pour diffamation.<!--more--><\/div>\n<p>&nbsp;<\/p>\n<p style=\"text-align: justify;\">R\u00e9daction en ligne<\/p>\n<p>&nbsp;<\/p>\n<p style=\"text-align: justify;\">Publi\u00e9 le Vendredi 22 Juin 2012 \u00e0 06h09<\/p>\n<p>&nbsp;<\/p>\n<p style=\"text-align: justify;\">Le 8 mai, Nordine S. a d\u00e9couvert dans son courrier une convocation \u00e9manant de la police f\u00e9d\u00e9rale le priant de se rendre dans ses locaux. Motif: <em>\u201c Vous serez entendu en tant que suspect pour la diffusion sur votre mur public \u201d Facebook \u00bb en date du 13\/02\/2012, d\u2019une vid\u00e9o intitul\u00e9e \u00ab Breivik: le terroriste pr\u00e9f\u00e9r\u00e9 de l\u2019islamophobe Caroline Fourest. \u00bb<\/em><\/p>\n<p>&nbsp;<\/p>\n<p style=\"text-align: justify;\">Quel contenu litigieux cette vid\u00e9o contient-elle? Un appel au meurtre et au sang? Une parodie de mauvais go\u00fbt? Rien d\u2019aussi explosif\u2026 Il s\u2019agit d\u2019une photo montrant Caroline Fourest examinant un exemplaire de Charlie Hebdo consacr\u00e9 au tueur. Aucun commentaire audio n\u2019accompagne la capsule vid\u00e9o. Seule figure, en bandeau noir sous l\u2019image, cette petite phrase assassine: \u201c Faites comme Caroline Fourest, rejoignez les islamophobes d\u2019Europe et fabriquez des Anders Breivik \u201d.<\/p>\n<p>&nbsp;<\/p>\n<p style=\"text-align: justify;\"><em>\u201c En me rendant au poste, je me suis demand\u00e9 qui avait d\u00e9pos\u00e9 plainte contre moi. Breivik ou Fourest? On m\u2019a dit que c\u2019\u00e9tait Fourest. \u201d<\/em><\/p>\n<p>&nbsp;<\/p>\n<p style=\"text-align: justify;\">L\u2019Anderlechtois s\u2019\u00e9tonne quand m\u00eame de la chose vu qu\u2019il n\u2019est absolument pas \u00e0 l\u2019origine de cette vid\u00e9o de 15 secondes! Il n\u2019a fait que relayer le document.<\/p>\n<p>&nbsp;<\/p>\n<p style=\"text-align: justify;\">\u201c <em>On ne peut user de ses droits et libert\u00e9 pour en ab\u00eemer ou en d\u00e9truire une autre \u201d<\/em>, r\u00e9torque Marc Uyttendaele qui d\u00e9fend la plaignante et qui estime que cette plainte en diffamation ne constitue en rien une entrave \u00e0 la libert\u00e9 d\u2019expression.<\/p>\n<p>&nbsp;<\/p>\n<p style=\"text-align: justify;\">Dor\u00e9navant vous r\u00e9fl\u00e9chirez \u00e0 deux fois avant de relayer une vid\u00e9o sur le plus c\u00e9l\u00e8bre des r\u00e9seaux sociaux.<\/p>\n<p>&nbsp;<\/p>\n<p style=\"text-align: justify;\"><a href=\"http:\/\/www.lacapitale.be\/440417\/article\/actualite\/faits-divers\/2012-06-22\/nordine-convoque-a-la-police-pour-avoir-relaye-une-video-sur-facebook\">Source<\/a><\/p>\n<p>&nbsp;<\/p>\n<div>\n<ul>\n<li><strong>VID\u00c9O\u00a0: Nordine Saidi<\/strong><\/li>\n<\/ul>\n<\/div>\n<p>&nbsp;<\/p>\n<p style=\"text-align: justify;\"><strong>Nordine Saidi<\/strong>, 1er sur la liste \u00c9galit\u00e9, sur la Palestine, l\u2019\u00e9galit\u00e9 devant la pr\u00e9carit\u00e9, la discrimination, le colonialisme belge, \u2026<\/p>\n<p><iframe src=\"\/\/www.youtube.com\/embed\/_SemDSvIpmY\" height=\"315\" width=\"420\" allowfullscreen=\"\" frameborder=\"0\"><\/iframe><\/p>\n<p><iframe src=\"http:\/\/www.dailymotion.com\/embed\/video\/xonngs\" height=\"270\" width=\"480\" frameborder=\"0\"><\/iframe><br \/>\n&nbsp;<\/p>\n<p>&nbsp;<\/p>\n<p>&nbsp;<\/p>\n<p>&nbsp;<\/p>\n<p>&nbsp;<\/p>\n<p>&nbsp;<\/p>\n<p>&nbsp;<\/p>\n<p>&nbsp;<\/p>\n<p>&nbsp;<\/p>\n<p><a href=\"http:\/\/www.dailymotion.com\/video\/xonngs_burka-blabla-je-suis-dangereux_news\" target=\"_blank\">Burka Blabla &#8211; Je suis dangereux!<\/a> <i>par <a href=\"http:\/\/www.dailymotion.com\/Nicolas_Ingargiola\" target=\"_blank\">Nicolas_Ingargiola<\/a><\/i><\/p>\n<p>N\u2019y a-t-il pas eu, dans le chef des m\u00e9dias et commentateurs en tout genre, la construction d\u2019une \u00ab storytelling \u00bb, un r\u00e9cit imag\u00e9 et st\u00e9r\u00e9otyp\u00e9 qui a cristallis\u00e9 des r\u00e9actions de rejet, voire d\u2019horreur, face \u00e0 ce qui s\u2019est pass\u00e9 cette soir\u00e9e du 7 f\u00e9vrier ? Comment expliquer que partout, sur internet et dans les r\u00e9seaux sociaux, sur les campus et dans les discussions, cette storytelling a pris le pas sur les autres interpr\u00e9tations ? Et, au fond, a-t-on pris le temps d\u2019\u00e9couter les revendications et les motivations des participants de la \u00ab Burqa Pride \u00bb ? Le temps de comprendre ce que signifiait leur slogan : \u00ab BURQA-BLA-BLA ! \u00bb ? Ce slogan que beaucoup ont agit\u00e9 comme la preuve du danger et de l\u2019int\u00e9grisme larv\u00e9s de cette action, mais que peu ont pris le temps de d\u00e9cortiquer ?<\/p>\n<p>Face \u00e0 ce flot \u00ab d\u2019informations \u00bb, plusieurs personnes, participants ou pas de cette \u00ab Burqa Pride \u00bb, ont pris conscience qu\u2019il \u00e9tait urgent d\u2019articuler un contre-r\u00e9cit. La publication de cet ouvrage est un acte politique. Il propose aux lecteurs une s\u00e9rie de textes parus \u00ab \u00e0 chaud \u00bb, dans les jours qui suivirent cette soir\u00e9e du 7 f\u00e9vrier, ce \u00ab mardi noir \u00bb tels que certains ont pu l\u2019appeler. Il revient sur les faits pr\u00e9cis, sur les \u00e9v\u00e8nements tels qu\u2019ils se sont d\u00e9roul\u00e9s, aborde les enjeux et les modalit\u00e9s de ce d\u00e9bat, analyse les objectifs et les buts de ce chahut<\/p>\n","protected":false},"excerpt":{"rendered":"<p>&nbsp; Nordine, convoqu\u00e9 \u00e0 la police pour avoir relay\u00e9 une vid\u00e9o sur Facebook &nbsp; Nordine S. est poursuivi pour diffamation \u00e0 l\u2019encontre de Caroline Fourest. &nbsp; Faire circuler une vid\u00e9o sur YouTube n\u2019est pas tout \u00e0 fait sans risque. Un Anderlechtois vient de l\u2019apprendre \u00e0 ses d\u00e9pens. Il est poursuivi pour diffamation.<\/p>\n","protected":false},"author":1,"featured_media":576,"comment_status":"open","ping_status":"open","sticky":false,"template":"","format":"standard","meta":{"footnotes":""},"categories":[4,18,28,17],"tags":[31,14,23,13,15],"class_list":["post-1049","post","type-post","status-publish","format-standard","has-post-thumbnail","hentry","category-islamophobie","category-resistance-bruxelles","category-racismes","category-video","tag-belgique","tag-bruxelles","tag-discrimination","tag-nordine-saidi","tag-resistance"],"_links":{"self":[{"href":"https:\/\/bruxelles-pantheres.be\/index.php?rest_route=\/wp\/v2\/posts\/1049","targetHints":{"allow":["GET"]}}],"collection":[{"href":"https:\/\/bruxelles-pantheres.be\/index.php?rest_route=\/wp\/v2\/posts"}],"about":[{"href":"https:\/\/bruxelles-pantheres.be\/index.php?rest_route=\/wp\/v2\/types\/post"}],"author":[{"embeddable":true,"href":"https:\/\/bruxelles-pantheres.be\/index.php?rest_route=\/wp\/v2\/users\/1"}],"replies":[{"embeddable":true,"href":"https:\/\/bruxelles-pantheres.be\/index.php?rest_route=%2Fwp%2Fv2%2Fcomments&post=1049"}],"version-history":[{"count":1,"href":"https:\/\/bruxelles-pantheres.be\/index.php?rest_route=\/wp\/v2\/posts\/1049\/revisions"}],"predecessor-version":[{"id":1050,"href":"https:\/\/bruxelles-pantheres.be\/index.php?rest_route=\/wp\/v2\/posts\/1049\/revisions\/1050"}],"wp:featuredmedia":[{"embeddable":true,"href":"https:\/\/bruxelles-pantheres.be\/index.php?rest_route=\/wp\/v2\/media\/576"}],"wp:attachment":[{"href":"https:\/\/bruxelles-pantheres.be\/index.php?rest_route=%2Fwp%2Fv2%2Fmedia&parent=1049"}],"wp:term":[{"taxonomy":"category","embeddable":true,"href":"https:\/\/bruxelles-pantheres.be\/index.php?rest_route=%2Fwp%2Fv2%2Fcategories&post=1049"},{"taxonomy":"post_tag","embeddable":true,"href":"https:\/\/bruxelles-pantheres.be\/index.php?rest_route=%2Fwp%2Fv2%2Ftags&post=1049"}],"curies":[{"name":"wp","href":"https:\/\/api.w.org\/{rel}","templated":true}]}}