{"id":1056,"date":"2012-06-20T00:53:42","date_gmt":"2012-06-19T23:53:42","guid":{"rendered":"https:\/\/bruxelles-pantheres.be\/?p=1056"},"modified":"2013-11-12T00:54:50","modified_gmt":"2013-11-11T23:54:50","slug":"droits-des-roms-en-serbie","status":"publish","type":"post","link":"https:\/\/bruxelles-pantheres.be\/?p=1056","title":{"rendered":"Droits des Roms en Serbie"},"content":{"rendered":"<p>&nbsp;<\/p>\n<div id=\"header\">\n<div id=\"blogtitle\">\n<h2 style=\"text-align: center;\"><a href=\"http:\/\/www.enlignedirecte.be\/\"><img decoding=\"async\" alt=\"En Ligne Directe\" src=\"http:\/\/www.enlignedirecte.be\/wp-content\/themes\/CalenotisMagazine\/images\/logo.png\" \/><\/a><\/h2>\n<p>&nbsp;<\/p>\n<blockquote>\n<pre style=\"text-align: center;\"><strong><span style=\"color: #ff0000;\">Ce reportage sera pr\u00e9sent\u00e9 le 27 juin prochain, <\/span><\/strong><\/pre>\n<pre style=\"text-align: center;\"><strong><span style=\"color: #ff0000;\">\u00e0 14h, au cin\u00e9ma Vend\u00f4me \u00e0 Bruxelles.<\/span><\/strong><\/pre>\n<\/blockquote>\n<\/div>\n<\/div>\n<p>&nbsp;<\/p>\n<blockquote>\n<p style=\"text-align: left;\"><strong><a title=\"Permanent Link to Droits des Roms en Serbie \u2013 Teaser\" href=\"http:\/\/www.enlignedirecte.be\/a-la-une\/droits-des-roms-en-serbie-teaser\/\" rel=\"bookmark\">Droits des Roms en Serbie \u2013 Teaser<\/a><\/strong><\/p>\n<p style=\"text-align: left;\"><strong>De Charybde en Scylla<\/strong><br \/>\n<strong> Plong\u00e9e au coeur des campements Roms de Serbie<\/strong><\/p>\n<\/blockquote>\n<p>&nbsp;<\/p>\n<p>Fin 2011, une s\u00e9rie de familles roms avaient trouv\u00e9 refuge \u00e0 Schaerbeek, sur la place Gaucheret, apr\u00e8s avoir \u00e9t\u00e9 expuls\u00e9es de la gare du Nord. Une partie de ces familles ont ensuite \u00e9t\u00e9 renvoy\u00e9es en Serbie avec parfois des cons\u00e9quences dramatiques pour les enfants. En mai dernier, c\u2019est dans la proche banlieue de Belgrade que Bernard De Vos, D\u00e9l\u00e9gu\u00e9 g\u00e9n\u00e9ral aux droits de l\u2019enfant, a retrouv\u00e9 l\u2019une de ces familles roms, qui a perdu la petite Sunita, 12 ans, morte faute de soins.\u00a0L\u2019occasion pour le D\u00e9l\u00e9gu\u00e9 de mettre en lumi\u00e8re les droits bafou\u00e9s des Roms de Serbie.<\/p>\n","protected":false},"excerpt":{"rendered":"<p>&nbsp; &nbsp; Ce reportage sera pr\u00e9sent\u00e9 le 27 juin prochain, \u00e0 14h, au cin\u00e9ma Vend\u00f4me \u00e0 Bruxelles. &nbsp; Droits des Roms en Serbie \u2013 Teaser De Charybde en Scylla Plong\u00e9e au coeur des campements Roms de Serbie &nbsp; Fin 2011, une s\u00e9rie de familles roms avaient trouv\u00e9 refuge \u00e0 Schaerbeek, sur la place Gaucheret, apr\u00e8s &#8230; <a title=\"Droits des Roms en Serbie\" class=\"read-more\" href=\"https:\/\/bruxelles-pantheres.be\/?p=1056\" aria-label=\"En savoir plus sur Droits des Roms en Serbie\">Lire la suite<\/a><\/p>\n","protected":false},"author":1,"featured_media":181,"comment_status":"open","ping_status":"open","sticky":false,"template":"","format":"standard","meta":{"footnotes":""},"categories":[36,37],"tags":[31,23],"class_list":["post-1056","post","type-post","status-publish","format-standard","has-post-thumbnail","hentry","category-europe","category-romophobie","tag-belgique","tag-discrimination"],"_links":{"self":[{"href":"https:\/\/bruxelles-pantheres.be\/index.php?rest_route=\/wp\/v2\/posts\/1056","targetHints":{"allow":["GET"]}}],"collection":[{"href":"https:\/\/bruxelles-pantheres.be\/index.php?rest_route=\/wp\/v2\/posts"}],"about":[{"href":"https:\/\/bruxelles-pantheres.be\/index.php?rest_route=\/wp\/v2\/types\/post"}],"author":[{"embeddable":true,"href":"https:\/\/bruxelles-pantheres.be\/index.php?rest_route=\/wp\/v2\/users\/1"}],"replies":[{"embeddable":true,"href":"https:\/\/bruxelles-pantheres.be\/index.php?rest_route=%2Fwp%2Fv2%2Fcomments&post=1056"}],"version-history":[{"count":1,"href":"https:\/\/bruxelles-pantheres.be\/index.php?rest_route=\/wp\/v2\/posts\/1056\/revisions"}],"predecessor-version":[{"id":1057,"href":"https:\/\/bruxelles-pantheres.be\/index.php?rest_route=\/wp\/v2\/posts\/1056\/revisions\/1057"}],"wp:featuredmedia":[{"embeddable":true,"href":"https:\/\/bruxelles-pantheres.be\/index.php?rest_route=\/wp\/v2\/media\/181"}],"wp:attachment":[{"href":"https:\/\/bruxelles-pantheres.be\/index.php?rest_route=%2Fwp%2Fv2%2Fmedia&parent=1056"}],"wp:term":[{"taxonomy":"category","embeddable":true,"href":"https:\/\/bruxelles-pantheres.be\/index.php?rest_route=%2Fwp%2Fv2%2Fcategories&post=1056"},{"taxonomy":"post_tag","embeddable":true,"href":"https:\/\/bruxelles-pantheres.be\/index.php?rest_route=%2Fwp%2Fv2%2Ftags&post=1056"}],"curies":[{"name":"wp","href":"https:\/\/api.w.org\/{rel}","templated":true}]}}