{"id":1058,"date":"2012-06-17T00:55:51","date_gmt":"2012-06-16T23:55:51","guid":{"rendered":"https:\/\/bruxelles-pantheres.be\/?p=1058"},"modified":"2013-11-12T00:59:50","modified_gmt":"2013-11-11T23:59:50","slug":"rassemblement-contre-les-violences-policieres","status":"publish","type":"post","link":"https:\/\/bruxelles-pantheres.be\/?p=1058","title":{"rendered":"Rassemblement contre les violences polici\u00e8res !"},"content":{"rendered":"<div class=\"entry-content\">\n<h3 style=\"text-align: justify;\"><strong>Soyons nombreux ce mercredi ! Halte \u00e0 la r\u00e9pression d\u2019Etat, halte \u00e0 l\u2019impunit\u00e9 ! Rendez-vous mercredi 27 juin \u00e0 16h30 Place Poelaert \u00e0 Bruxelles. Nous invitons tous les participant-es \u00e0 venir munis d\u2019une protection pour la t\u00eate (casque de mobylette, de chantier, de v\u00e9lo\u2026) pour se pr\u00e9munir symboliquement des violences.<!--more--><\/strong><\/h3>\n<p><a href=\"http:\/\/www.egalite.be\/wp-content\/uploads\/2012\/06\/373990_250879821676223_749095110_n2.jpg\"><img decoding=\"async\" class=\"aligncenter size-full wp-image-3137\" title=\"373990_250879821676223_749095110_n\" alt=\"\" src=\"http:\/\/www.egalite.be\/wp-content\/uploads\/2012\/06\/373990_250879821676223_749095110_n2.jpg\" width=\"486\" height=\"720\" \/><\/a><\/p>\n<h3 style=\"text-align: justify;\"><strong>Rassemblement contre les violences polici\u00e8res !<\/strong><\/h3>\n<p><span style=\"color: #ff0000;\">Ce mercredi 27 juin \u00e0 16h30<\/span>, nous appelons \u00e0 un rassemblement contre les violences polici\u00e8res suite aux \u00e9v\u00e8nements r\u00e9pressifs de la manifestation antifasciste du dimanche 17 juin.<\/p>\n<p>Pour rappel, alors que le groupe de militants antifascistes essayait de rejoindre pacifiquement le cort\u00e8ge de la manifestation raciste du Parti Populaire et de la milice fasciste Nation, la police a charg\u00e9 les manifestants avec une violence et une agressivit\u00e9 inou\u00efe. R\u00e9sultat du \u00ab travail de protection du citoyen \u00bb op\u00e9r\u00e9 par la police bruxelloise : de nombreux bless\u00e9s l\u00e9gers mais surtout deux bless\u00e9s \u00e9vacu\u00e9s en urgence.<\/p>\n<p>La pr\u00e9sence massive de cam\u00e9ras et de journalistes (dont l\u2019un d\u2019entre eux a \u00e9t\u00e9 menac\u00e9 et pass\u00e9 \u00e0 tabac avec les manifestants) garantit \u00e0 cet \u00e9v\u00e8nement une visibilit\u00e9 m\u00e9diatique. Nous appelons au rassemblement car de nombreuses victimes de brutalit\u00e9s polici\u00e8res n\u2019ont pas notre \u00ab chance \u00bb. En effet, la complaisance des autorit\u00e9s et de la justice garantit une quasi impunit\u00e9 aux policiers. Il faut aujourd\u2019hui r\u00e9tablir un v\u00e9ritable contr\u00f4le d\u00e9mocratique sur les forces de l\u2019ordre. Il est n\u00e9cessaire que ce rassemblement soit le plus massif possible pour exprimer notre solidarit\u00e9 avec tous ceux et toutes celles, qui n\u2019ont pas la possibilit\u00e9 de faire entendre leur voix et de se d\u00e9fendre dans le syst\u00e8me institu\u00e9.<\/p>\n<p>Nous exigeons de la ministre de l\u2019Int\u00e9rieur, Jo\u00eblle Milquet, qu\u2019elle d\u00e9nonce le comportement de sa police, les images sont suffisamment explicites pour qu\u2019elle se positionne clairement. Le bourgmestre Freddy Thielemans, pourrait quant \u00e0 lui nous expliquer comment sa police reste inerte face \u00e0 une milice organis\u00e9e qui appelle \u00e0 la haine et \u00e0 la violence raciste dans les rues de sa commune, alors qu\u2019elle r\u00e9prime brutalement les militants antifascistes ?<\/p>\n<p>Le capitalisme frappe les travailleurs de plein fouet en cr\u00e9ant le ch\u00f4mage, le d\u00e9sespoir et la pauvret\u00e9 qui explosent partout. Il est \u00e9vident qu\u2019avec la crise, le nombre et l\u2019intensit\u00e9 des mouvements sociaux augmentent. Plus le gouvernement s\u00e8mera la mis\u00e8re dans les quartiers, plus il lui sera n\u00e9cessaire de d\u00e9ployer ses forces de l\u2019ordre dans les rues pour canaliser ce qu\u2019il aura r\u00e9colt\u00e9.<br \/>\nCombien de temps validerez-vous par votre silence et votre immobilisme la criminalisation de ceux qui sont victimes du syst\u00e8me et qui se mobilisent pour un avenir meilleur pour tous ?<\/p>\n<p>Nous ne voulons pas de cette soci\u00e9t\u00e9 l\u00e0 !<br \/>\nNous refusons cette mis\u00e8re et la r\u00e9pression qui l\u2019accompagne !<\/p>\n<p>Soyons nombreux ce mercredi ! Non \u00e0 la r\u00e9pression d\u2019Etat, halte \u00e0 l\u2019impunit\u00e9 !<br \/>\n<span style=\"color: #ff0000;\">Rendez-vous mercredi 27 juin \u00e0 16h30 Place Poelart<\/span><\/p>\n<p>Pour marquer le coup, nous invitons tous les participant-es \u00e0 venir muni d\u2019une protection \u2013 symbolique \u2013 pour la t\u00eate (casque de mobylette, de chantier, de v\u00e9lo\u2026 <img decoding=\"async\" class=\"wp-smiley\" alt=\":-)\" src=\"http:\/\/www.egalite.be\/wp-includes\/images\/smilies\/icon_smile.gif\" \/><\/p>\n<p>&#8211; A l\u2019initiative de :<br \/>\nLa Jeunesse Ouvri\u00e8re Chr\u00e9tienne<br \/>\nLes Jeunes FGTB<\/p>\n<p>Avec le soutien de :<br \/>\nEtudiants de Gauche Actifs (EGA)<br \/>\nActief linkse Studenten (ALS)<br \/>\nProJeuneS<br \/>\nContact J<br \/>\nLe Mouvement des Faucons Rouges de la F\u00e9d\u00e9ration Wallonie-Bruxelles<br \/>\nFewla \u2013 soutien actif \u00e0 la lutte du peuple Mapuche<br \/>\n<strong>Egalit\u00e9<\/strong><\/p>\n<h3 style=\"text-align: center;\">Solidarit\u00e9 avec les JOC et autres jeunes qui on r\u00e9sist\u00e9.<\/h3>\n<h3>Le manifestant tabass\u00e9 par la police raconte<\/h3>\n<p id=\"articleDate\">(20\/06\/2012)<\/p>\n<div id=\"articlePicureAndLinks\">\n<p><img decoding=\"async\" alt=\"\" src=\"http:\/\/static.ladh.eu\/pictures_news\/art_193922.jpg\" width=\"280\" height=\"215\" \/><\/p>\n<p id=\"artilcePictureCopy\">\u00a9 Stephanie Lecocq<\/p>\n<\/div>\n<div id=\"articleText\">\n<p><strong> Lionel est sorti de l\u2019h\u00f4pital avec une minerve et dix jours d\u2019arr\u00eat de travail <\/strong><\/p>\n<p><strong>BRUXELLES-VILLE<\/strong> Le jeune homme qui a \u00e9t\u00e9 violent\u00e9 par les policiers lors de la manifestation de dimanche dernier revient sur les cons\u00e9quences de cette \u00e9chauffour\u00e9e. \u201c<em>Tout d\u2019abord, je tiens \u00e0 dire que nous ne poss\u00e9dions aucune barre de fer et autres instruments lors de la manifestation, comme cela a \u00e9t\u00e9 dit par le PP (Parti populaire, NDLR). En ce qui concerne la manifestation, nous n\u2019avions pas \u00e9t\u00e9 inform\u00e9s que nous ne pouvions pas bouger de la place Poelaert (lieu du rassemblement, NDLR)\u201d <\/em>.<\/p>\n<p>Il explique qu\u2019il n\u2019a eu \u00e0 aucun moment l\u2019intention de se rebeller.<em> \u201cUne fois \u00e0 l\u2019int\u00e9rieur de la station de m\u00e9tro, un policier a demand\u00e9 que l\u2019on redescende les escaliers. Nous nous sommes ex\u00e9cut\u00e9s, mais apparemment pas assez vite. L\u2019un des manifestants a \u00e9t\u00e9 frapp\u00e9 et moi qui me trouvais \u00e0 c\u00f4t\u00e9, j\u2019ai commenc\u00e9 \u00e0 filmer la sc\u00e8ne <\/em>. <em>L\u2019un des officiers a voulu <\/em> <em>prendre mon appareil. J\u2019ai alors r\u00e9sist\u00e9 car je ne voulais pas lui passer. C\u2019est \u00e0 ce moment-l\u00e0 qu\u2019il a sorti sa matraque et m\u2019a port\u00e9 plusieurs coups au visage.\u201d <\/em><\/p>\n<p>Il poursuit\u00a0:<em>\u201cNous souhaitions prendre le m\u00e9tro qui arrivait. C\u2019est \u00e0 ce moment que, sans aucune raison, ils nous ont charg\u00e9s pour nous emp\u00eacher de monter \u00e0 bord. J\u2019\u00e9tais ext\u00e9nu\u00e9 et je saignais. La police m\u2019a emmen\u00e9 \u00e0 part pour me fouiller et lorsque j\u2019ai senti qu\u2019on prenait mon sac, j\u2019ai r\u00e9sist\u00e9. Je craignais que l\u2019on efface la vid\u00e9o que j\u2019avais faite. On m\u2019a alors gratifi\u00e9 de coups de pieds et de poings.\u201d <\/em><\/p>\n<p>Lionel a ensuite \u00e9t\u00e9 transport\u00e9 en ambulance \u00e0 l\u2019h\u00f4pital et l\u00e0 encore, il a d\u00fb qu\u00e9mander pour que l\u2019on appelle les secours. \u201c<em>J\u2019ai demand\u00e9 \u00e0 plusieurs reprises les services des ambulanciers. Sans succ\u00e8s. Lorsque je me suis \u00e9vanoui dans le car de police, les autres personnes ont cri\u00e9 pour que l\u2019on me sorte de l\u00e0. Apr\u00e8s cinq bonnes minutes, ils ont d\u00e9cid\u00e9 de me sortir en me tra\u00eenant.\u201d <\/em><\/p>\n<p>Lionel est sorti de l\u2019h\u00f4pital lundi avec une commotion c\u00e9r\u00e9brale, plusieurs h\u00e9matomes et 10 jours d\u2019arr\u00eats de travail. Il a bien \u00e9videmment port\u00e9 plainte contre ses assaillants.<em>\u201cAvec les JOC (Jeunesse ouvri\u00e8re chr\u00e9tienne, NDLR), j\u2019ai port\u00e9 plainte, on va la d\u00e9poser demain matin (lire aujourd\u2019hui, NDLR) au commissariat.\u201d <\/em> Le jeune homme esp\u00e8re d\u00e8s lors que ces actes ne resteront pas impunis.<\/p>\n<\/div>\n<p id=\"articleSign\">Florian Gambin<\/p>\n<p>Lire sur le sujet :<a title=\"Permanent Link to Solidarit\u00e9 avec les JOC et autres jeunes qui on r\u00e9sist\u00e9.\" href=\"http:\/\/www.egalite.be\/?p=3107\" rel=\"bookmark\"> Solidarit\u00e9 avec les JOC et autres jeunes qui on r\u00e9sist\u00e9.<\/a><\/p>\n<h3 data-ft=\"{&quot;type&quot;:1,&quot;tn&quot;:&quot;K&quot;}\"><a href=\"http:\/\/www.egalite.be\/wp-content\/uploads\/2012\/06\/stop_racism___unite_together_by_1___rob___1.png\"><img decoding=\"async\" class=\"aligncenter size-medium wp-image-3109\" title=\"stop_racism___unite_together_by_1___rob___1\" alt=\"\" src=\"http:\/\/www.egalite.be\/wp-content\/uploads\/2012\/06\/stop_racism___unite_together_by_1___rob___1-300x224.png\" width=\"300\" height=\"224\" \/><\/a><\/h3>\n<h3 data-ft=\"{&quot;type&quot;:1,&quot;tn&quot;:&quot;K&quot;}\">A ce syst\u00e8me qui tabassent impun\u00e9ment nos camarades et fr\u00e8res qui r\u00e9siste contre les nouveaux fascistes, nous r\u00e9pondrons par la r\u00e9sistance et la solidarit\u00e9. Nous ne laisserons pas nos rues et nos quartiers aux fascistes, ni m\u00eame qu\u2019ils d\u00e9versent leur haine. Solidarit\u00e9 avec les JOC et autres jeunes qui on r\u00e9sist\u00e9.<\/h3>\n<div>\n<p>\u00ab\u00a0<em>Quand ils sont venus chercher les musulmans, je n\u2019ai pas protest\u00e9 parce que je ne suis pas musulman.<\/em><\/p>\n<p><em>Quand ils sont venus chercher les sans papiers, je n\u2019ai pas protest\u00e9 parce que je ne suis pas sans papiers.<\/em><\/p>\n<p><em>Quand ils sont venus chercher les jeunes du JOC, je n\u2019ai pas protest\u00e9 parce que je ne fais pas partie du JOC. <\/em><\/p>\n<p><em>Quand ils sont venus me chercher, personne ne protestait il n\u2019y avait plus que moi\u00a0!<\/em>\u00a0\u00bb<\/p>\n<h6>C\u2019est un jour noir pour le combat antifasciste en Belgique francophone. Alors que le PP et Nation ont manifest\u00e9 leur haine contre le \u00ab\u00a0fascisme islamique\u00a0\u00bb, les jeunes contre-manifestants de gauche se sont fait violemment r\u00e9primer par la police. Un dossier qui renvoie \u00e0 de nombreuses questions sur l\u2019attitude des partis au gouvernement.<\/h6>\n<h6><em>Il faut savoir discerner les vrais probl\u00e8mes! Il faut savoir comment les g\u00e9rer! Il faut savoir faire la part des choses et ne pas agir ou r\u00e9agir disproportionnellement aux interventions de divers groupes qu\u2019on pourrait qualifier d\u2019une mani\u00e8re ou d\u2019une autre parce qu\u2019ils ne partagent pas nos id\u00e9es!<br \/>\nAllons au del\u00e0\u2026..<br \/>\n\u00c9vitons de nous laisser berner car les gros probl\u00e8mes ne sont pas ceux qu\u2019on nous pr\u00e9sente comme tel!<\/em><\/h6>\n<h6><em>\u00ab\u00a0Que ce geste solidaire de la part des jeunes de la gauche serve de le\u00e7on \u00e0 tous ceux qui cherchent \u00e0 nous d\u00e9sunir! Nous sommes plus d\u00e9termin\u00e9s que jamais \u00e0 R\u00c9SISTER et \u00e0 LUTTER ensemble!<\/em><em>\u00a0\u00bb<\/em><\/h6>\n<\/div>\n<\/div>\n<p><iframe src=\"\/\/www.youtube.com\/embed\/VddHJsdOsow\" height=\"315\" width=\"560\" allowfullscreen=\"\" frameborder=\"0\"><\/iframe><\/p>\n<p><img decoding=\"async\" alt=\"\" src=\"https:\/\/fbcdn-photos-a.akamaihd.net\/hphotos-ak-snc6\/248057_173390162792089_180251193_a.jpg\" \/>Snatsher militant \u00e0 la JOC de Bruxelles.<\/p>\n<p style=\"text-align: justify;\"><strong>Petit r\u00e9sum\u00e9 de cette journ\u00e9e 17\/06 -&gt;\u00a0 contre manif antifasciste,<\/strong><\/p>\n<p style=\"text-align: justify;\">Afin de contrer la manif organis\u00e9e par le PP de ce jour, nous avions l\u2019id\u00e9e de mener une contre manif et ce de fa\u00e7on strat\u00e9gique afin de prendre la rue et d\u2019exprimer nos revendications.<\/p>\n<p style=\"text-align: justify;\">Ceci \u00e9tait pacifique, aucunes intentions de violence ou autre, un simple besoin de revendications\u00a0!<\/p>\n<p style=\"text-align: justify;\">De louise nous avons men\u00e9 une marche jusqu\u2019\u00e0 tr\u00f4ne, l\u00e0 nous sommes rentr\u00e9 dans la station de m\u00e9tro \u00e9tant bloqu\u00e9 dans les rues\u2026..<\/p>\n<p style=\"text-align: justify;\">Un premier manifestant tentait de ressortir du m\u00e9tro mais c\u2019est prit un pin dans la figure et cela gratuitement\u00a0!!!!!<\/p>\n<p style=\"text-align: justify;\">Ensuite un autre pacifiste est mont\u00e9 pour film\u00e9 de plus pr\u00eat suite au coup de poing, et le policier que celui-ci tentait de filmer \u00e0 voulu prendre de force l\u2019appareil. L\u00e0-dessus, en voulant s\u2019agripper \u00e0 l\u2019appareil, le militant \u00e0 re\u00e7u plusieurs coups et \u00e0 repousser les policiers pour pouvoir se d\u00e9gager.<\/p>\n<p style=\"text-align: justify;\">Une fois sorti de l\u00e0, nous nous sommes retrouv\u00e9s en plein milieu du quai en bloc.<\/p>\n<p style=\"text-align: justify;\">Les policiers ont vu le m\u00e9tro arriv\u00e9 et on fait signe de ne pas ouvrir les portes et ont charg\u00e9 de plein fouet\u00a0! Coups de matraques sur la t\u00eate exclusivement, coups de boucliers, insultes, et non assistance \u00e0 personne en danger apr\u00e8s les coups re\u00e7u\u2026\u2026\u2026\u2026\u2026\u2026\u2026\u2026\u2026.<\/p>\n<p style=\"text-align: justify;\">Suite \u00e0 la gravit\u00e9 des coups port\u00e9s par la police f\u00e9d\u00e9rale, bon nombre de t\u00e9moins dans le m\u00e9tro m\u00eame, ont film\u00e9s les sc\u00e8nes d\u2019une violence inou\u00efe\u00a0!<\/p>\n<p style=\"text-align: justify;\">Ils nous ont dit que nous \u00e9tions en arrestations administratives apr\u00e8s avoir port\u00e9s des coups sur des militants non-arm\u00e9s et PACIFISTES\u00a0!!!!!!!!!!!!!!!!!!!!!<\/p>\n<p style=\"text-align: justify;\">Par ailleurs, ils ne nous ont pas lu nos droits et non pas fait appel \u00e0 une ambulance pour les bless\u00e9s grave. A l\u2019instant m\u00eame, ils comptaient nous embarqu\u00e9s direct aux cachots, alors que l\u2019un des militants avait perdu \u00e9norm\u00e9ment de sang ce qui a men\u00e9 \u00e0 une bonne commotion c\u00e9r\u00e9brale : \/<\/p>\n<p style=\"text-align: justify;\">Ce militant \u00e0 re\u00e7u 5 coups de matraque sur la t\u00eate dont un coup de genoux sur l\u2019\u0153il gauche et r\u00e9sultat, 4 points de suture et Arr\u00eat de travail forc\u00e9 pendant plus d\u2019une semaine.<\/p>\n<p style=\"text-align: justify;\">Nous ne l\u00e2cherons rien\u00a0! Et vous tiendrons d\u00e8s demain au courant des suites prisent concernant les agents coupables de ces faits odieux\u00a0ainsi que du chef de corps qui a lanc\u00e9 l\u2019assaut\u00a0!<\/p>\n<p style=\"text-align: justify;\">Cordialement Fafa Bcb et Snatsher.<\/p>\n<p style=\"text-align: justify;\">Militants de la JOC.<\/p>\n<p><img decoding=\"async\" alt=\"http:\/\/chengetheworld.be\/sites\/default\/files\/styles\/large\/public\/fields\/teaser_image\/image_2.jpg\" src=\"http:\/\/chengetheworld.be\/sites\/default\/files\/styles\/large\/public\/fields\/teaser_image\/image_2.jpg\" \/><\/p>\n<p><iframe src=\"\/\/www.youtube.com\/embed\/H_DW9JvHIJQ\" height=\"315\" width=\"420\" allowfullscreen=\"\" frameborder=\"0\"><\/iframe><\/p>\n","protected":false},"excerpt":{"rendered":"<p>Soyons nombreux ce mercredi ! Halte \u00e0 la r\u00e9pression d\u2019Etat, halte \u00e0 l\u2019impunit\u00e9 ! Rendez-vous mercredi 27 juin \u00e0 16h30 Place Poelaert \u00e0 Bruxelles. Nous invitons tous les participant-es \u00e0 venir munis d\u2019une protection pour la t\u00eate (casque de mobylette, de chantier, de v\u00e9lo\u2026) pour se pr\u00e9munir symboliquement des violences.<\/p>\n","protected":false},"author":1,"featured_media":1059,"comment_status":"open","ping_status":"open","sticky":false,"template":"","format":"standard","meta":{"footnotes":""},"categories":[17,5],"tags":[31,14,54,29],"class_list":["post-1058","post","type-post","status-publish","format-standard","has-post-thumbnail","hentry","category-video","category-violence-policiere","tag-belgique","tag-bruxelles","tag-police","tag-torture"],"_links":{"self":[{"href":"https:\/\/bruxelles-pantheres.be\/index.php?rest_route=\/wp\/v2\/posts\/1058","targetHints":{"allow":["GET"]}}],"collection":[{"href":"https:\/\/bruxelles-pantheres.be\/index.php?rest_route=\/wp\/v2\/posts"}],"about":[{"href":"https:\/\/bruxelles-pantheres.be\/index.php?rest_route=\/wp\/v2\/types\/post"}],"author":[{"embeddable":true,"href":"https:\/\/bruxelles-pantheres.be\/index.php?rest_route=\/wp\/v2\/users\/1"}],"replies":[{"embeddable":true,"href":"https:\/\/bruxelles-pantheres.be\/index.php?rest_route=%2Fwp%2Fv2%2Fcomments&post=1058"}],"version-history":[{"count":1,"href":"https:\/\/bruxelles-pantheres.be\/index.php?rest_route=\/wp\/v2\/posts\/1058\/revisions"}],"predecessor-version":[{"id":1060,"href":"https:\/\/bruxelles-pantheres.be\/index.php?rest_route=\/wp\/v2\/posts\/1058\/revisions\/1060"}],"wp:featuredmedia":[{"embeddable":true,"href":"https:\/\/bruxelles-pantheres.be\/index.php?rest_route=\/wp\/v2\/media\/1059"}],"wp:attachment":[{"href":"https:\/\/bruxelles-pantheres.be\/index.php?rest_route=%2Fwp%2Fv2%2Fmedia&parent=1058"}],"wp:term":[{"taxonomy":"category","embeddable":true,"href":"https:\/\/bruxelles-pantheres.be\/index.php?rest_route=%2Fwp%2Fv2%2Fcategories&post=1058"},{"taxonomy":"post_tag","embeddable":true,"href":"https:\/\/bruxelles-pantheres.be\/index.php?rest_route=%2Fwp%2Fv2%2Ftags&post=1058"}],"curies":[{"name":"wp","href":"https:\/\/api.w.org\/{rel}","templated":true}]}}