{"id":1067,"date":"2012-06-17T01:05:40","date_gmt":"2012-06-17T00:05:40","guid":{"rendered":"https:\/\/bruxelles-pantheres.be\/?p=1067"},"modified":"2013-11-12T01:08:47","modified_gmt":"2013-11-12T00:08:47","slug":"pique-niques-citoyens-et-recuperations-politiques-en-serie","status":"publish","type":"post","link":"https:\/\/bruxelles-pantheres.be\/?p=1067","title":{"rendered":"Pique-niques citoyens et r\u00e9cup\u00e9rations politiques en s\u00e9rie\u2026"},"content":{"rendered":"<h3 style=\"text-align: justify;\"><a title=\"site de l'UCL\" href=\"http:\/\/www.uclouvain.be\/11688.html\" target=\"_blank\">Philippe Van Parijs<\/a>, professeur \u00e0 l\u2019Universit\u00e9 Catholique de Louvain, dans une <a title=\"cliquer pour lire l'article\" href=\"http:\/\/www.lesoir.be\/debats\/cartes_blanches\/2012-05-24\/picnic-the-streets-917779.php\" target=\"_blank\">carte blanche<\/a> du journal LE SOIR le 24 mai, a lanc\u00e9 l\u2019id\u00e9e d\u2019un pique-nique sur le boulevard Anspach en plein centre-ville le dimanche entre midi et 14h pour se r\u00e9approprier l\u2019espace public envahi par les automobilistes. Le lieu propos\u00e9 se situait entre la place de Brouck\u00e8re et la Bourse. La Ville de Bruxelles n\u2019a <a title=\"article du journal LE SOIR le 6 juin 2012\" href=\"http:\/\/www.lesoir.be\/regions\/bruxelles\/2012-06-06\/faire-la-nique-aux-voitures-sur-les-boulevards-du-centre-919971.php\" target=\"_blank\">pas autoris\u00e9<\/a> cette manifestation mais l\u2019a tol\u00e9r\u00e9e et celle-ci a \u00e9t\u00e9 encadr\u00e9e par la police. Vu le nombre de participants, ceux-ci ont \u00e9t\u00e9 rassembl\u00e9s sur la place de la Bourse avec quelques d\u00e9bordements sur le boulevard Anspach et la rue Auguste Orts face \u00e0 la Bourse. A 14h30, les policiers ont demand\u00e9 aux pique-niqueurs de partir.<!--more--><\/h3>\n<p><a href=\"https:\/\/bruxelles-pantheres.be\/wp-content\/uploads\/2013\/11\/PID_1391940_14c879e8-b7a8-11e1-bd05-0b47f97c73e2_web.jpg.h380.jpg.568.jpg\"><img decoding=\"async\" class=\"size-full wp-image-1068 alignright\" alt=\"PID_1391940_14c879e8-b7a8-11e1-bd05-0b47f97c73e2_web.jpg.h380.jpg.568\" src=\"https:\/\/bruxelles-pantheres.be\/wp-content\/uploads\/2013\/11\/PID_1391940_14c879e8-b7a8-11e1-bd05-0b47f97c73e2_web.jpg.h380.jpg.568.jpg\" width=\"568\" height=\"379\" srcset=\"https:\/\/bruxelles-pantheres.be\/wp-content\/uploads\/2013\/11\/PID_1391940_14c879e8-b7a8-11e1-bd05-0b47f97c73e2_web.jpg.h380.jpg.568.jpg 568w, https:\/\/bruxelles-pantheres.be\/wp-content\/uploads\/2013\/11\/PID_1391940_14c879e8-b7a8-11e1-bd05-0b47f97c73e2_web.jpg.h380.jpg.568-300x200.jpg 300w\" sizes=\"(max-width: 568px) 100vw, 568px\" \/><\/a><\/p>\n<p>&nbsp;<\/p>\n<h3 style=\"text-align: justify;\"><\/h3>\n<p>&nbsp;<\/p>\n<div style=\"text-align: justify;\"><a href=\"http:\/\/2.bp.blogspot.com\/-dpPwvERMICg\/T929Ii_AROI\/AAAAAAAADvA\/oOTPqe0RjHI\/s1600\/lwf12.jpg\"><img decoding=\"async\" class=\"aligncenter\" alt=\"\" src=\"https:\/\/lh3.ggpht.com\/-dpPwvERMICg\/T929Ii_AROI\/AAAAAAAADvA\/oOTPqe0RjHI\/s200\/lwf12.jpg\" width=\"180\" height=\"200\" border=\"0\" \/><\/a><br \/>\nElle est formidable, cette id\u00e9e des pique-niques !<\/div>\n<p>&nbsp;<\/p>\n<div style=\"text-align: justify;\">Depuis que le philosophe Philippe Van Parijs l\u2019a couch\u00e9e sur papier, chacun, dans le Landernau politique bruxellois, se bouscule pour en revendiquer l\u2019esprit et s\u2019en faire le porte-parole\u2026<\/div>\n<p>&nbsp;<\/p>\n<div style=\"text-align: justify;\">\n<p>Ainsi Marion Lemesre, apr\u00e8s avoir d\u00e9clar\u00e9 sur son <a href=\"http:\/\/marionlemesre.be\/?p=1040\">blog <\/a>(7 juin 2012) que le MR, et plus particuli\u00e8rement elle-m\u00eame et Monsieur Courtois, s\u2019 \u00ab associaient volontiers \u00e0 la sympathique d\u00e9marche de r\u00e9appropriation de l\u2019espace public sous la forme d\u2019un pique-nique bon enfant \u00bb,\u00a0 adresse maintenant au Bourgmestre Freddy Thielemans (qui de son c\u00f4t\u00e9 trouve l\u2019id\u00e9e \u00ab\u00a0charmante\u00a0\u00bb) le message suivant :<\/p>\n<\/div>\n<p>&nbsp;<\/p>\n<div style=\"text-align: justify;\"><a href=\"http:\/\/marionlemesre.be\/?p=1056\">\u00abArr\u00eatez d\u2019instrumentaliser la Ville pour faire passer vos id\u00e9ologies ou vos manquements!\u00bb<\/a><\/div>\n<p>&nbsp;<\/p>\n<div style=\"text-align: justify;\">Ch\u00e8re Madame Lemesre, personne n\u2019est dupe des manoeuvres politiques autour de ces pique-niques.<\/div>\n<p>&nbsp;<\/p>\n<div style=\"text-align: justify;\">Ni celles du Bourgmestre, ni les v\u00f4tres, ni m\u00eame celles d\u2019Ecolo\/Groen, qui n\u2019est pas \u00e0 la base de cette initiative citoyenne et exclusivement citoyenne.<\/div>\n<p>&nbsp;<\/p>\n<div style=\"text-align: justify;\">En revanche, je trouve vos propos particuli\u00e8rement d\u00e9plac\u00e9s, venant d\u2019un parti, en g\u00e9n\u00e9ral, et de personnes, en particulier, plus habitu\u00e9s \u00e0 surfer sur les th\u00e8mes qui divisent, entretiennent un climat de m\u00e9fiance entre les citoyens et entrainent notre soci\u00e9t\u00e9 dans la spirale de l\u2019obsession s\u00e9curitaire.<\/div>\n<p>&nbsp;<\/p>\n<div style=\"text-align: justify;\">Qu\u2019il me suffise, pour bien me faire comprendre, d\u2019\u00e9voquer Monsieur Alain Destexhe qui vous adresse des posts humoristiques sur \u00ab\u00a0vos amis norv\u00e9giens\u00a0\u00bb, ou Alain Courtois qui \u00ab <a href=\"http:\/\/www.dhnet.be\/regions\/bruxelles\/article\/393180\/alain-courtois-je-n-ose-plus-aller-a-de-brouckere.html\">n\u2019ose plus aller \u00e0 De Brouck\u00e8re<\/a> ou \u00e0 Sainte Catherine apr\u00e8s 21h 30\u00bb, allant jusqu\u2019\u00e0 parler de Chicago, et sugg\u00e9rant (\u00e9videmment) une pr\u00e9sence polici\u00e8re accrue\u2026<\/div>\n<p>&nbsp;<\/p>\n<div style=\"text-align: justify;\">Outre que je conseillerais \u00e0 Monsieur Courtois, t\u00e9tanis\u00e9 par la peur, plut\u00f4t que <a href=\"http:\/\/www.rtl.be\/info\/belgique\/politique\/885450\/des-militaires-pour-liberer-plus-de-policiers-de-wolf-expose-son-plan-a-7h50\">de mettre des militaires dans nos rues<\/a> comme le sugg\u00e8re Vincent De Wolf, de se faire escorter, par une vieille dame de mon quartier (Sainte Catherine), \u00e2g\u00e9e de plus de 80 ans et habitu\u00e9e \u00e0 s\u2019y promener jusqu\u2019\u00e0 des heures (tr\u00e8s) avanc\u00e9es de la soir\u00e9e, veuillez prendre note que les Citoyens bruxellois, les Zinnekes, souhaitent, dans leur immense majorit\u00e9, vivre ensemble en bonne intelligence, et non assister, dans les 4 mois qui viennent (et au-del\u00e0), aux joutes (pr\u00e9\/post-)\u00e9lectorales de quelques opportunistes se livrant sous nous yeux \u00e0 un path\u00e9tique spectacle de musculation, bien plus proche de la parade nuptiale que r\u00e9ellement porteur de projets concrets de vie en soci\u00e9t\u00e9, une soci\u00e9t\u00e9 qui prendrait en consid\u00e9ration et en respecterait toutes les composantes.<\/div>\n<p>&nbsp;<\/p>\n<div style=\"text-align: justify;\">Lorsque je lis, toujours sous votre plume, que vous parlez de ces pique-niques en termes de \u00ab d\u00e9veloppement strat\u00e9gique r\u00e9gional \u00bb, je comprends que vous avez \u00e0 l\u2019esprit les investisseurs, sp\u00e9culateurs et autres promoteurs immobiliers \u00ab\u00a0int\u00e9ress\u00e9s\u00a0\u00bb par Bruxelles. Je comprends que vous parlez au nom de ceux qui ont enlaidi notre ville mais n\u2019y habitent pas, au nom de ceux qui ont plong\u00e9 notre soci\u00e9t\u00e9 dans une crise sans pr\u00e9c\u00e9dent mais n\u2019en souffrent pas\u2026<\/div>\n<p>&nbsp;<\/p>\n<div style=\"text-align: justify;\">Moi je vous parle de ceux qui rament, tandis que vous surfez sur un enni\u00e8me remake aux relents naus\u00e9abonds du tristement c\u00e9l\u00e8bre \u00ab\u00a0Dividere et imperare\u00a0\u00bb\u2026<\/div>\n<p>&nbsp;<\/p>\n<div style=\"text-align: justify;\">Je vous parle des habitants.<\/div>\n<p>&nbsp;<\/p>\n<div style=\"text-align: justify;\">Je vous parle des Citoyens.<\/div>\n<p>&nbsp;<\/p>\n<div style=\"text-align: justify;\">Ces Citoyens qui se sont d\u00e9plac\u00e9s en masse dimanche dernier et qui, sans \u00eatre dupes, saluent toute initiative allant dans le sens d\u2019une ville plus conviviale.<\/div>\n<p>&nbsp;<\/p>\n<div style=\"text-align: justify;\">M\u00eame quand elle s\u2019av\u00e8re insuffisante.<\/div>\n<p>&nbsp;<\/p>\n<div style=\"text-align: justify;\">Insuffisante parce qu\u2019il ne s\u2019agit pas seulement de pique-niquer mais de recr\u00e9er du lien social.<\/div>\n<p>&nbsp;<\/p>\n<div style=\"text-align: justify;\">Insuffisante parce que ce ne sont \u00e9videmment pas 2 heures par dimanche, en \u00e9t\u00e9, qui vont changer le visage de Bruxelles\u2026 mais c\u2019est un d\u00e9but.<\/div>\n<p>&nbsp;<\/p>\n<div style=\"text-align: justify;\">Insuffisante parce que le coeur de Bruxelles, c\u2019est bien plus que l\u2019axe Fontainas-De Brouck\u00e8re.<\/div>\n<p>&nbsp;<\/p>\n<div style=\"text-align: justify;\">Insuffisante parce que cette id\u00e9e pourrait fleurir ailleurs, dans d\u2019autres communes, dans d\u2019autres rues ou sur d\u2019autres places\u2026<\/div>\n<p>&nbsp;<\/p>\n<div style=\"text-align: justify;\">Le but de cette initiative n\u2019est pas que toute la R\u00e9gion bruxelloise converge vers le centre ville \u00e0 12 heures tapantes pour s\u2019en retourner, deux heures plus tard, dans son propre quartier o\u00f9 il saluera \u00e0 peine ses voisins.<\/div>\n<p>&nbsp;<\/p>\n<div style=\"text-align: justify;\">Insuffisante parce que nous savons pertinemment qu\u2019elle est li\u00e9e au contexte des \u00e9lections communales, \u00e0 gauche, \u00e0 droite, au centre\u2026<\/div>\n<p>&nbsp;<\/p>\n<div style=\"text-align: justify;\">Oui, elle est formidable, cette id\u00e9e des pique-niques !<\/div>\n<p>&nbsp;<\/p>\n<div style=\"text-align: justify;\">Celui qui l\u2019a eue et ceux qui la portent aujourd\u2019hui se moquent bien de vos calculs politiques, \u00e0 gauche, \u00e0 droite, au centre\u2026<\/div>\n<p>&nbsp;<\/p>\n<div style=\"text-align: justify;\">Notre vie, contrairement \u00e0 la v\u00f4tre, n\u2019est pas conditionn\u00e9e par l\u2019\u00e9ch\u00e9ance \u00e9lectorale du 14 octobre 2012 ni une autre.<\/div>\n<p>&nbsp;<\/p>\n<div style=\"text-align: justify;\">Elle se construit au quotidien. Elle se construit dans la dur\u00e9e.<\/div>\n<p>&nbsp;<\/p>\n<div style=\"text-align: justify;\">Electeurs un jour, Citoyens tous les jours, nous aimons notre ville et nous n\u2019avons pas fini de vous le faire savoir\u2026<\/div>\n<p>&nbsp;<\/p>\n<div style=\"text-align: justify;\">par <a title=\"author profile\" href=\"http:\/\/www.blogger.com\/profile\/05171243483096291742\" rel=\"author\"> Isabelle Marchal <\/a><\/div>\n<p>&nbsp;<\/p>\n","protected":false},"excerpt":{"rendered":"<p>Philippe Van Parijs, professeur \u00e0 l\u2019Universit\u00e9 Catholique de Louvain, dans une carte blanche du journal LE SOIR le 24 mai, a lanc\u00e9 l\u2019id\u00e9e d\u2019un pique-nique sur le boulevard Anspach en plein centre-ville le dimanche entre midi et 14h pour se r\u00e9approprier l\u2019espace public envahi par les automobilistes. Le lieu propos\u00e9 se situait entre la place &#8230; <a title=\"Pique-niques citoyens et r\u00e9cup\u00e9rations politiques en s\u00e9rie\u2026\" class=\"read-more\" href=\"https:\/\/bruxelles-pantheres.be\/?p=1067\" aria-label=\"En savoir plus sur Pique-niques citoyens et r\u00e9cup\u00e9rations politiques en s\u00e9rie\u2026\">Lire la suite<\/a><\/p>\n","protected":false},"author":1,"featured_media":1068,"comment_status":"open","ping_status":"open","sticky":false,"template":"","format":"standard","meta":{"footnotes":""},"categories":[18,40],"tags":[14,15],"class_list":["post-1067","post","type-post","status-publish","format-standard","has-post-thumbnail","hentry","category-resistance-bruxelles","category-transport","tag-bruxelles","tag-resistance"],"_links":{"self":[{"href":"https:\/\/bruxelles-pantheres.be\/index.php?rest_route=\/wp\/v2\/posts\/1067","targetHints":{"allow":["GET"]}}],"collection":[{"href":"https:\/\/bruxelles-pantheres.be\/index.php?rest_route=\/wp\/v2\/posts"}],"about":[{"href":"https:\/\/bruxelles-pantheres.be\/index.php?rest_route=\/wp\/v2\/types\/post"}],"author":[{"embeddable":true,"href":"https:\/\/bruxelles-pantheres.be\/index.php?rest_route=\/wp\/v2\/users\/1"}],"replies":[{"embeddable":true,"href":"https:\/\/bruxelles-pantheres.be\/index.php?rest_route=%2Fwp%2Fv2%2Fcomments&post=1067"}],"version-history":[{"count":1,"href":"https:\/\/bruxelles-pantheres.be\/index.php?rest_route=\/wp\/v2\/posts\/1067\/revisions"}],"predecessor-version":[{"id":1069,"href":"https:\/\/bruxelles-pantheres.be\/index.php?rest_route=\/wp\/v2\/posts\/1067\/revisions\/1069"}],"wp:featuredmedia":[{"embeddable":true,"href":"https:\/\/bruxelles-pantheres.be\/index.php?rest_route=\/wp\/v2\/media\/1068"}],"wp:attachment":[{"href":"https:\/\/bruxelles-pantheres.be\/index.php?rest_route=%2Fwp%2Fv2%2Fmedia&parent=1067"}],"wp:term":[{"taxonomy":"category","embeddable":true,"href":"https:\/\/bruxelles-pantheres.be\/index.php?rest_route=%2Fwp%2Fv2%2Fcategories&post=1067"},{"taxonomy":"post_tag","embeddable":true,"href":"https:\/\/bruxelles-pantheres.be\/index.php?rest_route=%2Fwp%2Fv2%2Ftags&post=1067"}],"curies":[{"name":"wp","href":"https:\/\/api.w.org\/{rel}","templated":true}]}}