{"id":1072,"date":"2012-06-15T01:13:24","date_gmt":"2012-06-15T00:13:24","guid":{"rendered":"https:\/\/bruxelles-pantheres.be\/?p=1072"},"modified":"2013-11-12T01:17:35","modified_gmt":"2013-11-12T00:17:35","slug":"morocco-behind-the-bars","status":"publish","type":"post","link":"https:\/\/bruxelles-pantheres.be\/?p=1072","title":{"rendered":"Morocco: Behind the Bars"},"content":{"rendered":"<p>Chris Den Hond et Johnnie Miller ont \u00e9t\u00e9 au Maroc tourner un documentaire, dont voici la premi\u00e8re partie, qui se focalise sur les \u00ab\u00a0changements\u00a0\u00bb au Maroc, le cas des prisonniers politiques et des gr\u00e8ves de faim.<!--more--><iframe src=\"\/\/www.youtube.com\/embed\/iMCANb_yQVA\" height=\"315\" width=\"560\" allowfullscreen=\"\" frameborder=\"0\"><\/iframe><\/p>\n<p style=\"text-align: justify;\">The Arab Spring continues across the Middle East, most of the world\u2019s attention has been focused on the likes of Egypt and Libya, Morocco was on the firsts to see dissent.<\/p>\n<p>Since early 2011, Moroccans have been fighting for change in their country. Like most of the Middle East, they want democracy. While most of the world\u2019s media is focused on Egypt and Syria, hunger strikers in Morocco are keeping the pressure up on their despotic regime.<\/p>\n<p>Human rights groups in the country say 27 prisoners, manly students, who were arrested during the pro-democracy uprisings are in deteriorating condition. They are protesting against \u00ab\u00a0long detentions without trial\u2026repeated provocations accompanied by threats and beatings and inhumane treatment including solitary confinement.\u00a0\u00bb The human rights groups say, \u00ab\u00a0their health has been deteriorating while officials ignore their cases.\u00a0\u00bb<\/p>\n<p>On this week\u2019s Infocus, we travel to Morocco to ask: Are reforms proposed by King Mohammad VI of any real meaning? Has there been any change in the country at all? Why are these young people risking their lives by going on hunger strike, in one case for over 101 days? And why is the government seemingly unconcerned by their plight?<\/p>\n<p>Read this article on our website: <a dir=\"ltr\" title=\"http:\/\/www.presstv.com\/Program\/244511.html\" href=\"http:\/\/www.presstv.com\/Program\/244511.html\" target=\"_blank\" rel=\"nofollow\">http:\/\/www.presstv.com\/Program\/244511.html<\/a><\/p>\n<h3 id=\"watch-headline-title\">Morocco: Revolt on the Street. Part 2<\/h3>\n<p><iframe src=\"\/\/www.youtube.com\/embed\/MqaDMLUTV_c\" height=\"315\" width=\"560\" allowfullscreen=\"\" frameborder=\"0\"><\/iframe><\/p>\n<div><span style=\"font-family: Arial,sans-serif;\"><span style=\"font-size: x-small;\">Journalist\u00a0: Johnny Miller<\/span><\/span><\/div>\n<div><span style=\"font-family: Arial,sans-serif;\"><span style=\"font-size: x-small;\">Cameraman\u00a0: Chris Den Hond <\/span><\/span><\/div>\n<div><span style=\"font-family: Arial,sans-serif;\"><span style=\"font-size: x-small;\">Editor\u00a0: Reza Pashankpour<\/span><\/span><\/div>\n","protected":false},"excerpt":{"rendered":"<p>Chris Den Hond et Johnnie Miller ont \u00e9t\u00e9 au Maroc tourner un documentaire, dont voici la premi\u00e8re partie, qui se focalise sur les \u00ab\u00a0changements\u00a0\u00bb au Maroc, le cas des prisonniers politiques et des gr\u00e8ves de faim.<\/p>\n","protected":false},"author":1,"featured_media":548,"comment_status":"open","ping_status":"open","sticky":false,"template":"","format":"standard","meta":{"footnotes":""},"categories":[1,24,22,25,36,20,8,28,39,17],"tags":[30,19],"class_list":["post-1072","post","type-post","status-publish","format-standard","has-post-thumbnail","hentry","category-non-classe","category-belgique-maroc","category-emploi","category-enseignement","category-europe","category-logement","category-prisons","category-racismes","category-sans-papier","category-video","tag-maroc","tag-pauvrete"],"_links":{"self":[{"href":"https:\/\/bruxelles-pantheres.be\/index.php?rest_route=\/wp\/v2\/posts\/1072","targetHints":{"allow":["GET"]}}],"collection":[{"href":"https:\/\/bruxelles-pantheres.be\/index.php?rest_route=\/wp\/v2\/posts"}],"about":[{"href":"https:\/\/bruxelles-pantheres.be\/index.php?rest_route=\/wp\/v2\/types\/post"}],"author":[{"embeddable":true,"href":"https:\/\/bruxelles-pantheres.be\/index.php?rest_route=\/wp\/v2\/users\/1"}],"replies":[{"embeddable":true,"href":"https:\/\/bruxelles-pantheres.be\/index.php?rest_route=%2Fwp%2Fv2%2Fcomments&post=1072"}],"version-history":[{"count":1,"href":"https:\/\/bruxelles-pantheres.be\/index.php?rest_route=\/wp\/v2\/posts\/1072\/revisions"}],"predecessor-version":[{"id":1073,"href":"https:\/\/bruxelles-pantheres.be\/index.php?rest_route=\/wp\/v2\/posts\/1072\/revisions\/1073"}],"wp:featuredmedia":[{"embeddable":true,"href":"https:\/\/bruxelles-pantheres.be\/index.php?rest_route=\/wp\/v2\/media\/548"}],"wp:attachment":[{"href":"https:\/\/bruxelles-pantheres.be\/index.php?rest_route=%2Fwp%2Fv2%2Fmedia&parent=1072"}],"wp:term":[{"taxonomy":"category","embeddable":true,"href":"https:\/\/bruxelles-pantheres.be\/index.php?rest_route=%2Fwp%2Fv2%2Fcategories&post=1072"},{"taxonomy":"post_tag","embeddable":true,"href":"https:\/\/bruxelles-pantheres.be\/index.php?rest_route=%2Fwp%2Fv2%2Ftags&post=1072"}],"curies":[{"name":"wp","href":"https:\/\/api.w.org\/{rel}","templated":true}]}}