{"id":1074,"date":"2012-06-14T01:17:47","date_gmt":"2012-06-14T00:17:47","guid":{"rendered":"https:\/\/bruxelles-pantheres.be\/?p=1074"},"modified":"2013-11-12T01:22:31","modified_gmt":"2013-11-12T00:22:31","slug":"raciste-dehors-sans-pardon","status":"publish","type":"post","link":"https:\/\/bruxelles-pantheres.be\/?p=1074","title":{"rendered":"RACISTE dehors, sans pardon!"},"content":{"rendered":"<div>\u00ab\u00a0Sa\u00efd I, braqueur: dehors, sans pardon!\u00a0\u00bb:<\/div>\n<div>la nouvelle campagne incitant \u00e0 la haine du Vlaams Belang<\/p>\n<div id=\"picture\">\n<div>\n<div>\n<div id=\"item435584\"><img decoding=\"async\" title=\"\" alt=\"\" src=\"http:\/\/www.sudinfo.be\/sites\/default\/files\/imagecache\/article_300x200\/2012\/06\/14\/said.jpg\" width=\"300\" height=\"200\" \/><\/div>\n<\/div>\n<\/div>\n<\/div>\n<div>\n<p>\u201c Sans pardon \u201d. C\u2019est le th\u00e8me de la nouvelle campagne, tr\u00e8s pol\u00e9mique, du Vlaams Belang. Une campagne qui incite, un nouvelle fois, \u00e0 la haine, baignant dans les amalgames les plus simplistes. Et ces affiches se retrouvent sur des fa\u00e7ades de maisons aux alentours de Bruxelles. Les habitants n\u2019appr\u00e9cient gu\u00e8re.<!--more--><\/p>\n<\/div>\n<p>En tout, ce sont 4 affiches qui illustrent cette campagne, qui a \u00e9t\u00e9 pr\u00e9sent\u00e9e officiellement par le Vlaams Belang il y a quelques jours.<\/p>\n<p>La premi\u00e8re: Sa\u00efd, le braqueur: dehors, \u00e0 renvoyer dans son pays.<\/p>\n<p>La deuxi\u00e8me: Igor, un gars de l\u2019est, le cambrioleur: derri\u00e8re les barreaux<\/p>\n<p>La troisi\u00e8me: Frans, un Belge p\u00e9dophile: sans pardon, en prison \u00e0 vie<\/p>\n<p>La quatri\u00e8me: Malik, un black, dealer: r\u00e9pression maximale<\/p>\n<p>Bref, un discours populiste et simpliste, incitant \u00e0 la haine.<\/p>\n<p>Habituellement, nous ne faisons pas \u00e9cho de ce type de campagne naus\u00e9abonde. Ici, on vous en parle. La raison: cette campagne est publi\u00e9e sur des fa\u00e7ades de maisons ou d\u2019appartements. Et les occupants n\u2019appr\u00e9cient pas du tout.<\/p>\n<p>Des messages en ce sens sont post\u00e9s sur Facebook.<\/p>\n<p>\u201c Je vais interpeller mon propri\u00e9taire \u201d, peut-on lire. Ou encore: \u201c C\u2019est une honte, je ne peux plus habiter dans de tels endroits \u201d.<\/p>\n<p>Les propri\u00e9taires, eux, expliquent qu\u2019ils ont lou\u00e9 l\u2019espace \u00e0 des annonceurs. Mais qu\u2019ils ne savent pas forc\u00e9ment quelle sera la nature de la publicit\u00e9 affich\u00e9e\u2026<\/p>\n<p>Vont-ils r\u00e9agir? Aucune information officielle ne va actuellement dans ce sens.<\/p>\n<p><strong>LES AFFICHES:<\/strong><\/p>\n<p>&nbsp;<\/p>\n<p><img decoding=\"async\" alt=\"\" src=\"http:\/\/www.sudinfo.be\/sites\/default\/files\/mediastore\/1339685435_frans.jpg\" \/> <img decoding=\"async\" alt=\"\" src=\"http:\/\/www.sudinfo.be\/sites\/default\/files\/mediastore\/1339685430_igor.jpg\" \/> <img decoding=\"async\" alt=\"\" src=\"http:\/\/www.sudinfo.be\/sites\/default\/files\/mediastore\/1339685425_malik.jpg\" \/> <img decoding=\"async\" alt=\"\" src=\"http:\/\/www.sudinfo.be\/sites\/default\/files\/mediastore\/1339685419_said.jpg\" \/><\/p>\n<p><a href=\"http:\/\/www.sudinfo.be\/435574\/article\/actualite\/politique\/2012-06-14\/said-i-braqueur-dehors-sans-pardon-la-nouvelle-campagne-incitant-a-la-haine-du-v\">Source<\/a><\/p>\n<h3><a href=\"http:\/\/www.egalite.be\/wp-content\/uploads\/2012\/06\/223973_4148931760576_1380936230_n.jpg\"><img decoding=\"async\" class=\"alignright\" title=\"223973_4148931760576_1380936230_n\" alt=\"\" src=\"http:\/\/www.egalite.be\/wp-content\/uploads\/2012\/06\/223973_4148931760576_1380936230_n.jpg\" width=\"960\" height=\"720\" \/><\/a><\/h3>\n<\/div>\n","protected":false},"excerpt":{"rendered":"<p>\u00ab\u00a0Sa\u00efd I, braqueur: dehors, sans pardon!\u00a0\u00bb: la nouvelle campagne incitant \u00e0 la haine du Vlaams Belang \u201c Sans pardon \u201d. C\u2019est le th\u00e8me de la nouvelle campagne, tr\u00e8s pol\u00e9mique, du Vlaams Belang. Une campagne qui incite, un nouvelle fois, \u00e0 la haine, baignant dans les amalgames les plus simplistes. Et ces affiches se retrouvent sur &#8230; <a title=\"RACISTE dehors, sans pardon!\" class=\"read-more\" href=\"https:\/\/bruxelles-pantheres.be\/?p=1074\" aria-label=\"En savoir plus sur RACISTE dehors, sans pardon!\">Lire la suite<\/a><\/p>\n","protected":false},"author":1,"featured_media":1075,"comment_status":"open","ping_status":"open","sticky":false,"template":"","format":"standard","meta":{"footnotes":""},"categories":[22,25,36,42,4,20,7,18,28,37,39],"tags":[14,23],"class_list":["post-1074","post","type-post","status-publish","format-standard","has-post-thumbnail","hentry","category-emploi","category-enseignement","category-europe","category-homophobie","category-islamophobie","category-logement","category-negrophobie","category-resistance-bruxelles","category-racismes","category-romophobie","category-sans-papier","tag-bruxelles","tag-discrimination"],"_links":{"self":[{"href":"https:\/\/bruxelles-pantheres.be\/index.php?rest_route=\/wp\/v2\/posts\/1074","targetHints":{"allow":["GET"]}}],"collection":[{"href":"https:\/\/bruxelles-pantheres.be\/index.php?rest_route=\/wp\/v2\/posts"}],"about":[{"href":"https:\/\/bruxelles-pantheres.be\/index.php?rest_route=\/wp\/v2\/types\/post"}],"author":[{"embeddable":true,"href":"https:\/\/bruxelles-pantheres.be\/index.php?rest_route=\/wp\/v2\/users\/1"}],"replies":[{"embeddable":true,"href":"https:\/\/bruxelles-pantheres.be\/index.php?rest_route=%2Fwp%2Fv2%2Fcomments&post=1074"}],"version-history":[{"count":2,"href":"https:\/\/bruxelles-pantheres.be\/index.php?rest_route=\/wp\/v2\/posts\/1074\/revisions"}],"predecessor-version":[{"id":1077,"href":"https:\/\/bruxelles-pantheres.be\/index.php?rest_route=\/wp\/v2\/posts\/1074\/revisions\/1077"}],"wp:featuredmedia":[{"embeddable":true,"href":"https:\/\/bruxelles-pantheres.be\/index.php?rest_route=\/wp\/v2\/media\/1075"}],"wp:attachment":[{"href":"https:\/\/bruxelles-pantheres.be\/index.php?rest_route=%2Fwp%2Fv2%2Fmedia&parent=1074"}],"wp:term":[{"taxonomy":"category","embeddable":true,"href":"https:\/\/bruxelles-pantheres.be\/index.php?rest_route=%2Fwp%2Fv2%2Fcategories&post=1074"},{"taxonomy":"post_tag","embeddable":true,"href":"https:\/\/bruxelles-pantheres.be\/index.php?rest_route=%2Fwp%2Fv2%2Ftags&post=1074"}],"curies":[{"name":"wp","href":"https:\/\/api.w.org\/{rel}","templated":true}]}}