{"id":1084,"date":"2012-06-11T01:30:15","date_gmt":"2012-06-11T00:30:15","guid":{"rendered":"https:\/\/bruxelles-pantheres.be\/?p=1084"},"modified":"2013-11-12T01:33:09","modified_gmt":"2013-11-12T00:33:09","slug":"ni-en-grece-ni-en-belgique-ni-nulle-part","status":"publish","type":"post","link":"https:\/\/bruxelles-pantheres.be\/?p=1084","title":{"rendered":"Ni en Gr\u00e8ce, ni en Belgique, ni nulle part !"},"content":{"rendered":"<p>&nbsp;<\/p>\n<div class=\"entry-content\">\n<div style=\"text-align: justify;\">\n<div><img decoding=\"async\" class=\"alignright\" alt=\"http:\/\/3.bp.blogspot.com\/-O59KVWNDljw\/Tz7TN9s0XYI\/AAAAAAAAKSg\/6DuUEY4nz1c\/s1600\/we-are-all-greeks-now-Acropolis+Alban+news.gr.jpg\" src=\"https:\/\/lh3.ggpht.com\/-O59KVWNDljw\/Tz7TN9s0XYI\/AAAAAAAAKSg\/6DuUEY4nz1c\/s1600\/we-are-all-greeks-now-Acropolis+Alban+news.gr.jpg\" \/><\/div>\n<\/div>\n<div style=\"text-align: left;\"><\/div>\n<div style=\"text-align: left;\"><\/div>\n<div style=\"text-align: left;\"><\/div>\n<div style=\"text-align: left;\"><\/div>\n<div style=\"text-align: left;\"><\/div>\n<div style=\"text-align: left;\"><\/div>\n<div style=\"text-align: left;\"><\/div>\n<div style=\"text-align: left;\"><\/div>\n<div style=\"text-align: left;\"><\/div>\n<div style=\"text-align: left;\"><\/div>\n<div style=\"text-align: left;\"><\/div>\n<div style=\"text-align: left;\"><\/div>\n<div style=\"text-align: left;\"><\/div>\n<div style=\"text-align: left;\"><\/div>\n<div style=\"text-align: left;\"><\/div>\n<div style=\"text-align: left;\"><\/div>\n<div style=\"text-align: left;\">En Belgique comme ailleurs, la crise \u00e9conomique et sociale favorise une offensive s\u00e9curitaire, x\u00e9nophobe, islamophobe et raciste qui menace les droits et libert\u00e9s d\u00e9mocratiques des citoyen \u2013ne- s et des r\u00e9sidents \u00e9trangers, ainsi que nombreux acquis sociaux. Les propos stigmatisant de dirigeants politiques de la droite et de l\u2019extr\u00eame droite, soutenus par des intellectuels et quelques \u00e9ditorialistes, l\u00e9gitiment et banalisent les pratiques racistes de plus en plus fr\u00e9quentes parmi les forces de l\u2019ordre, notamment. Les lois et mesures discriminatoires et s\u00e9curitaires s\u2019accumulent, encourag\u00e9e par la multiplication des d\u00e9clarations qui d\u00e9signent les immigr\u00e9-e-s, les sans-papier-e-s, les \u00ab musulman-e-s \u00bb, les Rroms et les ch\u00f4meurs comme les membres des nouvelles classes pauvres et dangereuses.<!--more--><\/div>\n<div>\n<div>\n<div style=\"text-align: center;\"><\/div>\n<div style=\"text-align: center;\"><strong>D<\/strong>e nombreuses\u00a0 organisations vous appelle<\/div>\n<div style=\"text-align: center;\">\u00e0 manifester \u00e0 Bruxelles le <strong><span style=\"font-size: medium;\"><span style=\"color: #ff0000;\">mercredi 13 juin<\/span><\/span><\/strong><\/div>\n<\/div>\n<div>\n<p><strong><\/strong><strong><br \/>\n<\/strong><\/p>\n<div>\n<div id=\":1iz\" data-tooltip=\"Masquer le contenu abr\u00e9g\u00e9\"><img decoding=\"async\" alt=\"\" src=\"https:\/\/mail.google.com\/mail\/images\/cleardot.gif\" \/><\/div>\n<\/div>\n<div>\n<p style=\"text-align: left;\"><span style=\"color: #ff0000; font-size: medium;\">d\u00e9part \u00e0 18h de la Bourse en direction de l\u2019ambassade grecque<\/span><span style=\"font-size: medium;\"><br \/>\n<\/span><\/p>\n<\/div>\n<\/div>\n<div>\n<div>\n<blockquote dir=\"ltr\">\n<div align=\"center\"><span style=\"font-size: medium;\"><strong>Ni en Gr\u00e8ce, ni en Belgique, ni nulle part !<\/strong><br \/>\n<\/span><\/div>\n<div>\n<p align=\"center\"><span style=\"font-size: medium;\"><strong><\/strong><strong>Van Rompuy, Di Rupo, De Gucht, <\/strong><\/span><\/p>\n<p align=\"center\"><span style=\"font-size: medium;\"><strong>nous refusons votre aust\u00e9rit\u00e9 !<\/strong><\/span><\/p>\n<p align=\"center\">\n<\/div>\n<\/blockquote>\n<\/div>\n<\/div>\n<\/div>\n<div>Plus d\u2019informations (mots d\u2019ordre, texte de l\u2019appel \u00e0 manifester) sur notre site internet : <a href=\"http:\/\/www.egalite.be\/?p=2951\" target=\"_blank\">ICI<\/a><\/div>\n<p>\u00c9v\u00e8nement facebook :\u00a0<a href=\"https:\/\/www.facebook.com\/events\/417172608317316\/\" target=\"_blank\">ICI<\/a><\/p>\n<p><img decoding=\"async\" alt=\"http:\/\/www.acting-man.com\/blog\/media\/2011\/07\/eurozone-debt-crisis-By-Carlos-Latuff-1024x632.png\" src=\"http:\/\/www.acting-man.com\/blog\/media\/2011\/07\/eurozone-debt-crisis-By-Carlos-Latuff-1024x632.png\" width=\"605\" height=\"373\" \/><\/p>\n<\/div>\n","protected":false},"excerpt":{"rendered":"<p>&nbsp; En Belgique comme ailleurs, la crise \u00e9conomique et sociale favorise une offensive s\u00e9curitaire, x\u00e9nophobe, islamophobe et raciste qui menace les droits et libert\u00e9s d\u00e9mocratiques des citoyen \u2013ne- s et des r\u00e9sidents \u00e9trangers, ainsi que nombreux acquis sociaux. Les propos stigmatisant de dirigeants politiques de la droite et de l\u2019extr\u00eame droite, soutenus par des intellectuels &#8230; <a title=\"Ni en Gr\u00e8ce, ni en Belgique, ni nulle part !\" class=\"read-more\" href=\"https:\/\/bruxelles-pantheres.be\/?p=1084\" aria-label=\"En savoir plus sur Ni en Gr\u00e8ce, ni en Belgique, ni nulle part !\">Lire la suite<\/a><\/p>\n","protected":false},"author":1,"featured_media":1085,"comment_status":"open","ping_status":"open","sticky":false,"template":"","format":"standard","meta":{"footnotes":""},"categories":[21,22,36,4,7,28,37],"tags":[14,23,19],"class_list":["post-1084","post","type-post","status-publish","format-standard","has-post-thumbnail","hentry","category-anti-imperialisme","category-emploi","category-europe","category-islamophobie","category-negrophobie","category-racismes","category-romophobie","tag-bruxelles","tag-discrimination","tag-pauvrete"],"_links":{"self":[{"href":"https:\/\/bruxelles-pantheres.be\/index.php?rest_route=\/wp\/v2\/posts\/1084","targetHints":{"allow":["GET"]}}],"collection":[{"href":"https:\/\/bruxelles-pantheres.be\/index.php?rest_route=\/wp\/v2\/posts"}],"about":[{"href":"https:\/\/bruxelles-pantheres.be\/index.php?rest_route=\/wp\/v2\/types\/post"}],"author":[{"embeddable":true,"href":"https:\/\/bruxelles-pantheres.be\/index.php?rest_route=\/wp\/v2\/users\/1"}],"replies":[{"embeddable":true,"href":"https:\/\/bruxelles-pantheres.be\/index.php?rest_route=%2Fwp%2Fv2%2Fcomments&post=1084"}],"version-history":[{"count":1,"href":"https:\/\/bruxelles-pantheres.be\/index.php?rest_route=\/wp\/v2\/posts\/1084\/revisions"}],"predecessor-version":[{"id":1086,"href":"https:\/\/bruxelles-pantheres.be\/index.php?rest_route=\/wp\/v2\/posts\/1084\/revisions\/1086"}],"wp:featuredmedia":[{"embeddable":true,"href":"https:\/\/bruxelles-pantheres.be\/index.php?rest_route=\/wp\/v2\/media\/1085"}],"wp:attachment":[{"href":"https:\/\/bruxelles-pantheres.be\/index.php?rest_route=%2Fwp%2Fv2%2Fmedia&parent=1084"}],"wp:term":[{"taxonomy":"category","embeddable":true,"href":"https:\/\/bruxelles-pantheres.be\/index.php?rest_route=%2Fwp%2Fv2%2Fcategories&post=1084"},{"taxonomy":"post_tag","embeddable":true,"href":"https:\/\/bruxelles-pantheres.be\/index.php?rest_route=%2Fwp%2Fv2%2Ftags&post=1084"}],"curies":[{"name":"wp","href":"https:\/\/api.w.org\/{rel}","templated":true}]}}