{"id":1090,"date":"2012-07-11T01:37:09","date_gmt":"2012-07-11T00:37:09","guid":{"rendered":"https:\/\/bruxelles-pantheres.be\/?p=1090"},"modified":"2013-11-12T01:39:03","modified_gmt":"2013-11-12T00:39:03","slug":"qui-met-en-danger-la-paix-sociale","status":"publish","type":"post","link":"https:\/\/bruxelles-pantheres.be\/?p=1090","title":{"rendered":"Qui met en danger la paix sociale ?"},"content":{"rendered":"<div>\n<div>\n<h2>[Communiqu\u00e9] Qui met en danger la paix sociale ?<\/h2>\n<\/div>\n<div>\n<div>par <a href=\"https:\/\/www.facebook.com\/Think.tank.Vigilance.musulmane\" target=\"_blank\">Think tank Vigilance musulmane<\/a>, dimanche 10 juin 2012, 18:48 \u00b7<\/div>\n<\/div>\n<p>&nbsp;<\/p>\n<p><strong><img decoding=\"async\" alt=\"\" src=\"https:\/\/fbcdn-photos-a.akamaihd.net\/hphotos-ak-snc6\/196126_457840054245304_982763381_a.jpg\" \/> Communiqu\u00e9 de presse<\/strong><\/p>\n<p><!--more--><\/p>\n<p>Vendredi dernier, deux policiers ont \u00e9t\u00e9 poignard\u00e9s \u00e0 la station de m\u00e9tro Beekkant, situ\u00e9e dans la commune de Molenbeek. L\u2019auteur a \u00e9t\u00e9 plac\u00e9 sous mandat d\u2019arr\u00eat pour tentative d\u2019assassinat dans un contexte terroriste. Il semble \u00eatre un sympathisant de Sharia4Belgium venu de France pour sp\u00e9cifiquement s\u2019en prendre \u00e0 des policiers. Un palier inqui\u00e9tant vient donc d\u2019\u00eatre franchi, en t\u00e9moigne le niveau d\u2019alerte 3 d\u00e9cr\u00e9t\u00e9 par l\u2019Organe de Coordination pour l\u2019Analyse de la Menace (OCAM \u2013 charg\u00e9 de l\u2019analyse de la menace en mati\u00e8re de terrorisme et d\u2019extr\u00e9misme) sur l\u2019ensemble du territoire de Bruxelles.<\/p>\n<p>Notre position a toujours \u00e9t\u00e9 claire : nous rejetons toute forme de violence et de terreur et nous r\u00e9prouvons l\u2019usage de la violence comme moyen d\u2019expression politique, quels qu\u2019en soient les auteurs. Tout aussi clair est notre attachement au respect des droits fondamentaux et \u00e0 la (pr\u00e9servation de la) libert\u00e9 d\u2019expression.<\/p>\n<p>Il est \u00e9tabli que Sharia4Belgium, par l\u2019interm\u00e9diaire de son porte-parole, s\u2019est montr\u00e9 coupable d\u2019incitation \u00e0 la haine. Nous sommes partisans de la plus grande s\u00e9v\u00e9rit\u00e9 \u00e0 l\u2019\u00e9gard de ce genre d\u2019infraction. N\u00e9anmoins, nous sommes \u00e9tonn\u00e9s que s\u2019entame pour cette raison une proc\u00e9dure de d\u00e9ch\u00e9ance de nationalit\u00e9. Une telle sanction, dans son principe, ne recueille pas notre adh\u00e9sion. Mais s\u2019il se confirme que la d\u00e9ch\u00e9ance de nationalit\u00e9 fait partie des sanctions applicables aux personnes reconnues coupables d\u2019incitation \u00e0 la haine, chiche ! Les justiciables sont \u00e9gaux devant la loi. Par cons\u00e9quent, il faudrait imm\u00e9diatement enclencher une proc\u00e9dure de d\u00e9ch\u00e9ance de nationalit\u00e9 contre tous ceux qui ont d\u00e9j\u00e0 \u00e9t\u00e9 condamn\u00e9s pour incitation \u00e0 la haine. Commen\u00e7ons par Frans Wymeersch, (ex-)conseiller communal et membre du Vlaams Belang, fra\u00eechement condamn\u00e9 pour cette infraction.<\/p>\n<p>La gravit\u00e9 du moment que nous traversons ne nous emp\u00eachera pas de souligner la responsabilit\u00e9 de tous ceux qui ont pos\u00e9 des actes de nature \u00e0 hypoth\u00e9quer notre fragile paix sociale et qui ont expos\u00e9 notre pays \u00e0 des dangers. Ils devraient tous rendre des comptes. C\u2019est le cas des militants de Sharia4Belgium. Mais c\u2019est le cas aussi de tous les irresponsables qui ont vot\u00e9 la loi stupide qui est \u00e0 l\u2019origine des derniers incidents que nous connaissons. C\u2019est encore le cas du gouvernement, qui sans autorisation du Parlement, a d\u00e9cid\u00e9 d\u2019envoyer nos soldats combattre en Afghanistan dans une guerre ill\u00e9gale, absurde et immorale. Dans <a href=\"http:\/\/www.pourquivoter.info\/memorandum13-juin-2010\/\" target=\"_blank\" rel=\"nofollow\">\u00a0le m\u00e9morandum que nous avons adress\u00e9 aux directions des partis en comp\u00e9tition pour les \u00e9lections du 13 juin 2010<\/a>, nous r\u00e9clamions d\u00e9j\u00e0 le retrait de nos 626 militaires avant la fin de l\u2019ann\u00e9e 2010.<\/p>\n<p>Enfin, nous tenons \u00e0 revenir sur l\u2019attitude d\u2019une s\u00e9rie d\u2019acteurs religieux musulmans qui ont organis\u00e9 une conf\u00e9rence de presse hier \u00e0 Molenbeek. Ils ne sont pas les repr\u00e9sentants des citoyens de confession musulmane, pas plus que nous ne le sommes d\u2019ailleurs. Leur prise de parole publique dans le sens du partage avec le reste de la soci\u00e9t\u00e9 de la ferme condamnation de toute forme d\u2019extr\u00e9misme est sans doute plus qu\u2019utile. Mais nous les d\u00e9non\u00e7ons lorsqu\u2019ils s\u2019empressent d\u2019apporter une caution th\u00e9ologique aux discriminations qui touchent ces quelques dizaines de femmes portant le voile int\u00e9gral, discriminations pourtant d\u00e9nonc\u00e9es par de nombreuses organisations de d\u00e9fense des droits humains, r\u00e9pertori\u00e9es comme telles dans le dernier rapport d\u2019Amnesty International et au sujet desquelles la Cour constitutionnelle est invit\u00e9e \u00e0 se prononcer dans les mois \u00e0 venir.<\/p>\n<p>Un Etat de droit exemplaire est celui qui garantit l\u2019\u00e9galit\u00e9 entre tous ses citoyens. Cette exemplarit\u00e9, il est plus que temps de la restaurer. C\u2019est notre message au gouvernement.<\/p>\n<p>Think tank Vigilance musulmane<\/p>\n<\/div>\n","protected":false},"excerpt":{"rendered":"<p>[Communiqu\u00e9] Qui met en danger la paix sociale ? par Think tank Vigilance musulmane, dimanche 10 juin 2012, 18:48 \u00b7 &nbsp; Communiqu\u00e9 de presse<\/p>\n","protected":false},"author":1,"featured_media":37,"comment_status":"open","ping_status":"open","sticky":false,"template":"","format":"standard","meta":{"footnotes":""},"categories":[36,4,28],"tags":[31,14],"class_list":["post-1090","post","type-post","status-publish","format-standard","has-post-thumbnail","hentry","category-europe","category-islamophobie","category-racismes","tag-belgique","tag-bruxelles"],"_links":{"self":[{"href":"https:\/\/bruxelles-pantheres.be\/index.php?rest_route=\/wp\/v2\/posts\/1090","targetHints":{"allow":["GET"]}}],"collection":[{"href":"https:\/\/bruxelles-pantheres.be\/index.php?rest_route=\/wp\/v2\/posts"}],"about":[{"href":"https:\/\/bruxelles-pantheres.be\/index.php?rest_route=\/wp\/v2\/types\/post"}],"author":[{"embeddable":true,"href":"https:\/\/bruxelles-pantheres.be\/index.php?rest_route=\/wp\/v2\/users\/1"}],"replies":[{"embeddable":true,"href":"https:\/\/bruxelles-pantheres.be\/index.php?rest_route=%2Fwp%2Fv2%2Fcomments&post=1090"}],"version-history":[{"count":1,"href":"https:\/\/bruxelles-pantheres.be\/index.php?rest_route=\/wp\/v2\/posts\/1090\/revisions"}],"predecessor-version":[{"id":1091,"href":"https:\/\/bruxelles-pantheres.be\/index.php?rest_route=\/wp\/v2\/posts\/1090\/revisions\/1091"}],"wp:featuredmedia":[{"embeddable":true,"href":"https:\/\/bruxelles-pantheres.be\/index.php?rest_route=\/wp\/v2\/media\/37"}],"wp:attachment":[{"href":"https:\/\/bruxelles-pantheres.be\/index.php?rest_route=%2Fwp%2Fv2%2Fmedia&parent=1090"}],"wp:term":[{"taxonomy":"category","embeddable":true,"href":"https:\/\/bruxelles-pantheres.be\/index.php?rest_route=%2Fwp%2Fv2%2Fcategories&post=1090"},{"taxonomy":"post_tag","embeddable":true,"href":"https:\/\/bruxelles-pantheres.be\/index.php?rest_route=%2Fwp%2Fv2%2Ftags&post=1090"}],"curies":[{"name":"wp","href":"https:\/\/api.w.org\/{rel}","templated":true}]}}