{"id":1094,"date":"2012-06-03T01:42:21","date_gmt":"2012-06-03T00:42:21","guid":{"rendered":"https:\/\/bruxelles-pantheres.be\/?p=1094"},"modified":"2013-11-12T01:43:45","modified_gmt":"2013-11-12T00:43:45","slug":"voile-integral-ce-qui-devait-arriver-arriva","status":"publish","type":"post","link":"https:\/\/bruxelles-pantheres.be\/?p=1094","title":{"rendered":"Voile int\u00e9gral : ce qui devait arriver, arriva !"},"content":{"rendered":"<p>&nbsp;<\/p>\n<div class=\"entry-content\">\n<div>\n<div>par <a href=\"https:\/\/www.facebook.com\/Think.tank.Vigilance.musulmane\">Think tank Vigilance musulmane<\/a>, dimanche 3 juin 2012,<\/div>\n<\/div>\n<div>\n<div>\n<p><strong>Communiqu\u00e9 de presse<\/strong><\/p>\n<p style=\"text-align: justify;\">Le 31 mai dernier, un contr\u00f4le d\u2019identit\u00e9 a \u00e9t\u00e9 effectu\u00e9 sur St\u00e9phanie, une jeune femme portant le voile int\u00e9gral, sur la base de la loi du 1er juin 2011 qui interdit le port de tout v\u00eatement qui cache en tout ou en partie le visage dans les lieux accessibles au public. Les circonstances de ce contr\u00f4le d\u2019identit\u00e9 ont donn\u00e9 lieu \u00e0 des d\u00e9bordements et \u00e0 des troubles \u00e0 l\u2019ordre public.<!--more--><\/p>\n<p style=\"text-align: justify;\">\n<p style=\"text-align: justify;\">Nous attendons des autorit\u00e9s comp\u00e9tentes que toute la lumi\u00e8re soit faite sur ces circonstances, en particulier sur ce qui s\u2019est r\u00e9ellement pass\u00e9 dans les locaux du commissariat de Molenbeek Saint-Jean, o\u00f9 l\u2019int\u00e9ress\u00e9e a \u00e9t\u00e9 conduite par la police. Les accusations de mauvais traitement et de violences qu\u2019elle porte sont graves.<\/p>\n<p style=\"text-align: justify;\">\n<p style=\"text-align: justify;\">Nous estimons que, depuis l\u2019adoption de cette loi contestable et contest\u00e9e, ce type d\u2019incident \u00e9tait largement pr\u00e9visible. Nous supposons d\u2019ailleurs que cela se reproduira tant qu\u2019aucune r\u00e9vision ne sera apport\u00e9e \u00e0 l\u2019actuelle l\u00e9gislation.<\/p>\n<p style=\"text-align: justify;\">\n<p style=\"text-align: justify;\">Ce qui vient de se produire d\u00e9montre de mani\u00e8re saisissante le caract\u00e8re totalement disproportionn\u00e9 de la loi, dont l\u2019application est \u00e0 l\u2019origine de ce contr\u00f4le et du d\u00e9rapage qui s\u2019en est suivi. Il n\u2019est en effet nullement \u00e9tabli que cette femme, assise \u00e0 un arr\u00eat de bus, pr\u00e9sentait un danger pour la s\u00e9curit\u00e9 publique, surtout qu\u2019elle a accept\u00e9 de se soumettre au contr\u00f4le d\u2019identit\u00e9 et de montrer son visage.<\/p>\n<p style=\"text-align: justify;\">\n<p style=\"text-align: justify;\">\n<p style=\"text-align: justify;\">Nous ne sommes donc nullement \u00e9tonn\u00e9s de voir \u00e9merger des acteurs agissant dans le registre de la provocation comme Sharia4Belgium, contre qui nous avons d\u00e9j\u00e0 port\u00e9 plainte par le pass\u00e9. Pour eux, l\u2019adoption de cette loi repr\u00e9sente une formidable occasion d\u2019\u00e9largir leur audience. En l\u2019occurrence, les extr\u00e9mismes se nourrissent mutuellement.<\/p>\n<p style=\"text-align: justify;\">\n<p style=\"text-align: justify;\">\n<p style=\"text-align: justify;\">Cette situation aurait pu \u00eatre \u00e9vit\u00e9e si la classe politique avait pr\u00eat\u00e9 l\u2019oreille \u00e0 quantit\u00e9 d\u2019organisations de d\u00e9fense des droits humains qui ont unanimement d\u00e9nonc\u00e9 comme liberticide et discriminatoire l\u2019interdiction faite aux femmes qui le souhaitent de porter un voile int\u00e9gral sur la voie publique. C\u2019est notamment le cas d\u2019Amnesty International, de Human Rights Watch, de la Ligue des droits de l\u2019homme belge, de son homologue fran\u00e7ais, de la Commission nationale consultative des droits de l\u2019homme et du Commissaire aux droits de l\u2019homme du Conseil de l\u2019Europe. M\u00eame le Conseil d\u2019Etat fran\u00e7ais a \u00e9cart\u00e9 le bien-fond\u00e9 d\u2019une interdiction g\u00e9n\u00e9rale et absolue.<\/p>\n<p style=\"text-align: justify;\">\n<p style=\"text-align: justify;\">Cette situation aurait pu, surtout, \u00eatre \u00e9vit\u00e9e si la classe politique avait retenu la proposition de circulaire rendue publique par <a href=\"http:\/\/www.neutralite.be\/\" target=\"_blank\" rel=\"nofollow\">le groupe de travail neutralite.be<\/a> le 25 mars 2010. Cette proposition juridique a \u00e9t\u00e9 communiqu\u00e9e \u00e0 l\u2019ensemble des parlementaires, avant et apr\u00e8s le renouvellement des Chambres, mais proprement ignor\u00e9e par ceux-ci. Pourtant, sa pertinence est plus criante que jamais : elle permet d\u2019assurer l\u2019\u00e9quilibre entre l\u2019imp\u00e9ratif de s\u00e9curit\u00e9 publique et la protection de la libert\u00e9 individuelle.<\/p>\n<p style=\"text-align: justify;\">\n<p style=\"text-align: justify;\">Pour pr\u00e9server la paix sociale, nous esp\u00e9rons que les recours en annulation de cette loi introduits aupr\u00e8s de la Cour constitutionnelle, notamment par notre <a href=\"http:\/\/www.justicedemocracy.org\/\" target=\"_blank\" rel=\"nofollow\">asbl Justice and Democracy<\/a>, aboutiront et que la gardienne de notre Constitution nous permettra de sortir par le haut de cette pol\u00e9mique, l\u00e0 o\u00f9 le politique, tous partis confondus, aura failli jusqu\u2019au bout.<\/p>\n<p style=\"text-align: justify;\">\n<p style=\"text-align: justify;\">Think tank Vigilance musulmane<\/p>\n<\/div>\n<\/div>\n<\/div>\n","protected":false},"excerpt":{"rendered":"<p>&nbsp; par Think tank Vigilance musulmane, dimanche 3 juin 2012, Communiqu\u00e9 de presse Le 31 mai dernier, un contr\u00f4le d\u2019identit\u00e9 a \u00e9t\u00e9 effectu\u00e9 sur St\u00e9phanie, une jeune femme portant le voile int\u00e9gral, sur la base de la loi du 1er juin 2011 qui interdit le port de tout v\u00eatement qui cache en tout ou en &#8230; <a title=\"Voile int\u00e9gral : ce qui devait arriver, arriva !\" class=\"read-more\" href=\"https:\/\/bruxelles-pantheres.be\/?p=1094\" aria-label=\"En savoir plus sur Voile int\u00e9gral : ce qui devait arriver, arriva !\">Lire la suite<\/a><\/p>\n","protected":false},"author":1,"featured_media":742,"comment_status":"open","ping_status":"open","sticky":false,"template":"","format":"standard","meta":{"footnotes":""},"categories":[4,28],"tags":[14,54],"class_list":["post-1094","post","type-post","status-publish","format-standard","has-post-thumbnail","hentry","category-islamophobie","category-racismes","tag-bruxelles","tag-police"],"_links":{"self":[{"href":"https:\/\/bruxelles-pantheres.be\/index.php?rest_route=\/wp\/v2\/posts\/1094","targetHints":{"allow":["GET"]}}],"collection":[{"href":"https:\/\/bruxelles-pantheres.be\/index.php?rest_route=\/wp\/v2\/posts"}],"about":[{"href":"https:\/\/bruxelles-pantheres.be\/index.php?rest_route=\/wp\/v2\/types\/post"}],"author":[{"embeddable":true,"href":"https:\/\/bruxelles-pantheres.be\/index.php?rest_route=\/wp\/v2\/users\/1"}],"replies":[{"embeddable":true,"href":"https:\/\/bruxelles-pantheres.be\/index.php?rest_route=%2Fwp%2Fv2%2Fcomments&post=1094"}],"version-history":[{"count":1,"href":"https:\/\/bruxelles-pantheres.be\/index.php?rest_route=\/wp\/v2\/posts\/1094\/revisions"}],"predecessor-version":[{"id":1095,"href":"https:\/\/bruxelles-pantheres.be\/index.php?rest_route=\/wp\/v2\/posts\/1094\/revisions\/1095"}],"wp:featuredmedia":[{"embeddable":true,"href":"https:\/\/bruxelles-pantheres.be\/index.php?rest_route=\/wp\/v2\/media\/742"}],"wp:attachment":[{"href":"https:\/\/bruxelles-pantheres.be\/index.php?rest_route=%2Fwp%2Fv2%2Fmedia&parent=1094"}],"wp:term":[{"taxonomy":"category","embeddable":true,"href":"https:\/\/bruxelles-pantheres.be\/index.php?rest_route=%2Fwp%2Fv2%2Fcategories&post=1094"},{"taxonomy":"post_tag","embeddable":true,"href":"https:\/\/bruxelles-pantheres.be\/index.php?rest_route=%2Fwp%2Fv2%2Ftags&post=1094"}],"curies":[{"name":"wp","href":"https:\/\/api.w.org\/{rel}","templated":true}]}}