{"id":1098,"date":"2012-06-02T01:46:59","date_gmt":"2012-06-02T00:46:59","guid":{"rendered":"https:\/\/bruxelles-pantheres.be\/?p=1098"},"modified":"2013-11-12T01:50:06","modified_gmt":"2013-11-12T00:50:06","slug":"anti-antiterrorisme","status":"publish","type":"post","link":"https:\/\/bruxelles-pantheres.be\/?p=1098","title":{"rendered":"Anti Antiterrorisme"},"content":{"rendered":"<p style=\"text-align: center;\">\u00a0<a href=\"https:\/\/bruxelles-pantheres.be\/wp-content\/uploads\/2013\/11\/384500_10150425399188910_773968909_8460359_1905225071_n.jpg\"><img decoding=\"async\" class=\"alignnone size-full wp-image-796\" alt=\"384500_10150425399188910_773968909_8460359_1905225071_n\" src=\"https:\/\/bruxelles-pantheres.be\/wp-content\/uploads\/2013\/11\/384500_10150425399188910_773968909_8460359_1905225071_n.jpg\" width=\"344\" height=\"485\" \/><\/a><\/p>\n<div class=\"entry-content\">\n<p style=\"text-align: center;\"><strong>Anti Antiterrorisme<\/strong><\/p>\n<p>Ne tombe pas dans les mailles de l\u2019anti terrorisme<br \/>\nCar tu iras l\u00e0 o\u00f9 l\u2019on brise, torture et terrorise<!--more--><\/p>\n<p>Ils ont arr\u00eat\u00e9 ton fr\u00e8re il l\u2019ont amen\u00e9 au pays<br \/>\nNomm\u00e9 anti terrorisme o\u00f9 l\u2019on ne sait c qu\u2019on fait payer<br \/>\nEt On brise les \u00eatres \u00e0 mort, nus comme \u00e0 leur naissance<br \/>\nRendus aussi d\u00e9munis que l\u2019homme dans sa petite enfance<br \/>\nInnocent pas innocent l\u00e0 n\u2019est pas la question<br \/>\nL\u2019antiterrorisme : pays o\u00f9 la loi est l\u2019exception,<\/p>\n<p>Au del\u00e0 de la loi, il n\u2019y a plus de nationalit\u00e9<br \/>\nNi de droit qui te prot\u00e8ge, face au crime non d\u00e9limit\u00e9<br \/>\nPlus de sentiments mais la sueur d\u2019une chambre grise<br \/>\nGlauque o\u00f9 on br\u00fble , \u00e9lectrocute, d\u00e9truit les sens, et atomise<br \/>\nl\u2019homme, dans des caves o\u00f9 tu hurles sans un son<br \/>\ndans une cellule sans nuit, sans jour, sans personne<br \/>\noblig\u00e9 de te parler \u00e0 toi. Commence le pays<br \/>\n\u00e9trange o\u00f9 aucune larme n\u2019attendrit , et c\u2019est pire :<br \/>\nelle excite les malades salari\u00e9s \u00e0 frapper<br \/>\nbr\u00fbler, violer celui qui un jour f\u00fbt un nouveau n\u00e9<br \/>\nnu, au del\u00e0 de la nouvelle fronti\u00e8re cr\u00e9\u00e9e par les \u00e9tats<br \/>\ncommence un monde o\u00f9 l\u2019homme n\u2019est pas<br \/>\nou plus m\u00eame un animal, une fronti\u00e8re secr\u00e8te<br \/>\nna\u00eet, dont l\u2019\u00e9vocation nos sueurs gla\u00e7antes s\u00e9cr\u00e8te<br \/>\no\u00f9 il n\u2019y a plus que cave, cris, pleurs, hurlements,<br \/>\ncoups, br\u00fblures, piqures qui d\u00e9truiront tes sens<br \/>\nOn dit Les serial killers voient leur victimes comme des poup\u00e9es<br \/>\nComment les politiques voient l\u2019homme pour qui il n\u2019est<br \/>\nQu\u2019un pion de jeu d\u2019\u00e9chec \u00e0 jouer<br \/>\nDont on entend pas la chaire crier<br \/>\nDont on entend rien, voit rien, pense rien, n\u2019attend rien<\/p>\n<p>L\u2019anti terrorisme nous terrorise, vous terrorise<br \/>\nCoupable ou innocent ou tu interdis ou l\u00e9galises<br \/>\nla mort<br \/>\nta mort<\/p>\n<p>Anti antiterrorisme ! Dites Anti antiterrorisme<\/p>\n<p>C\u2019est devenu l\u00e9gal, on dit \u00ab loi d\u2019exception \u00bb<br \/>\nColoniale par qui \u00e9craser, en disant \u00ab attention<br \/>\nce n\u2019est pas vraiment, nous, ce ne sont pas nos r\u00e8gles<br \/>\nc\u2019est l\u2019exception , allez les malades, soyez terribles \u00bb<br \/>\nContre les pr\u00e9sum\u00e9s terro, vois ce qu\u2019ils veulent faire<br \/>\net m\u00eames s\u2019ils \u00e9taient coupables qui autorisent \u00e0 faire<br \/>\npire que ce dont vous les accusez, est \u00e7a l\u2019\u00e9tat ?<br \/>\nqui nous ins\u00e8re dans la t\u00eate comme une seringue qui l\u2019\u00e9crase<\/p>\n<p>Quand la torture et la terreur sont la r\u00e9ponse au terrorisme<br \/>\nla fronti\u00e8re recule apr\u00e8s laquelle il n\u2019y a que prisme<br \/>\nde mort qui impose ses droits. Vois les orphelinats<br \/>\nd\u2019enfants ultra maltrait\u00e9s utilis\u00e9s pour appliquer la loi<br \/>\nd\u2019exception, non sens, m\u00e9pris de toute voix<br \/>\nM\u00e9pris command\u00e9, organis\u00e9 par des \u00e9tats<br \/>\npresque naturellement, d\u2019o\u00f9 naissent de telles id\u00e9es<br \/>\nd\u2019o\u00f9 notre monde fabrique de tels tar\u00e9s<br \/>\npour faire voter le droit \u00e0 la torture par quelles caves<br \/>\nsont pass\u00e9s, enfants, ceux qui \u00e9crasent sans entraves ?<br \/>\nNotre monde devra r\u00e9pondre \u00e0 ces questions ?<br \/>\nNe disons pas animalit\u00e9, l\u2019animal n\u2019a pas de telles pulsions<\/p>\n<p>A toi qui te tait, sache que ton doux silence<br \/>\nEst la premi\u00e8re marche vers la cellule de torture et souffrances<br \/>\nSi tu l\u2019acceptes pour lui qu\u2019il soit coupable ou innocent<br \/>\nSuspect \u00e0 tes yeux, mais que chaque fait d\u2019enqu\u00eate d\u00e9ment<br \/>\nDemain ce sera un autre que tu crois plus proche de toi<br \/>\nEt apr\u00e8s, on le sait, ce sera sans doute toi<br \/>\nC\u2019est la loi, et tu ne peux rien y faire<br \/>\nLes fronti\u00e8res s\u2019approchent quand elles reculent vers l\u2019enfer<\/p>\n<p>Jhydra<\/p>\n<p><a href=\"http:\/\/www.myspace.com\/hydraorientalrap\">http:\/\/www.myspace.com\/hydraorientalrap<\/a><\/p>\n<p style=\"text-align: center;\"><img decoding=\"async\" class=\"alignright\" alt=\"http:\/\/bxl.attac.be\/spip\/IMG\/jpg_dessin524_titom_antiterrorisme.jpg\" src=\"http:\/\/bxl.attac.be\/spip\/IMG\/jpg_dessin524_titom_antiterrorisme.jpg\" \/><\/p>\n<\/div>\n","protected":false},"excerpt":{"rendered":"<p>\u00a0 Anti Antiterrorisme Ne tombe pas dans les mailles de l\u2019anti terrorisme Car tu iras l\u00e0 o\u00f9 l\u2019on brise, torture et terrorise<\/p>\n","protected":false},"author":1,"featured_media":1042,"comment_status":"open","ping_status":"open","sticky":false,"template":"","format":"standard","meta":{"footnotes":""},"categories":[21,24,28,5],"tags":[],"class_list":["post-1098","post","type-post","status-publish","format-standard","has-post-thumbnail","hentry","category-anti-imperialisme","category-belgique-maroc","category-racismes","category-violence-policiere"],"_links":{"self":[{"href":"https:\/\/bruxelles-pantheres.be\/index.php?rest_route=\/wp\/v2\/posts\/1098","targetHints":{"allow":["GET"]}}],"collection":[{"href":"https:\/\/bruxelles-pantheres.be\/index.php?rest_route=\/wp\/v2\/posts"}],"about":[{"href":"https:\/\/bruxelles-pantheres.be\/index.php?rest_route=\/wp\/v2\/types\/post"}],"author":[{"embeddable":true,"href":"https:\/\/bruxelles-pantheres.be\/index.php?rest_route=\/wp\/v2\/users\/1"}],"replies":[{"embeddable":true,"href":"https:\/\/bruxelles-pantheres.be\/index.php?rest_route=%2Fwp%2Fv2%2Fcomments&post=1098"}],"version-history":[{"count":3,"href":"https:\/\/bruxelles-pantheres.be\/index.php?rest_route=\/wp\/v2\/posts\/1098\/revisions"}],"predecessor-version":[{"id":1101,"href":"https:\/\/bruxelles-pantheres.be\/index.php?rest_route=\/wp\/v2\/posts\/1098\/revisions\/1101"}],"wp:featuredmedia":[{"embeddable":true,"href":"https:\/\/bruxelles-pantheres.be\/index.php?rest_route=\/wp\/v2\/media\/1042"}],"wp:attachment":[{"href":"https:\/\/bruxelles-pantheres.be\/index.php?rest_route=%2Fwp%2Fv2%2Fmedia&parent=1098"}],"wp:term":[{"taxonomy":"category","embeddable":true,"href":"https:\/\/bruxelles-pantheres.be\/index.php?rest_route=%2Fwp%2Fv2%2Fcategories&post=1098"},{"taxonomy":"post_tag","embeddable":true,"href":"https:\/\/bruxelles-pantheres.be\/index.php?rest_route=%2Fwp%2Fv2%2Ftags&post=1098"}],"curies":[{"name":"wp","href":"https:\/\/api.w.org\/{rel}","templated":true}]}}