{"id":1102,"date":"2012-06-01T01:50:44","date_gmt":"2012-06-01T00:50:44","guid":{"rendered":"https:\/\/bruxelles-pantheres.be\/?p=1102"},"modified":"2013-11-12T01:51:48","modified_gmt":"2013-11-12T00:51:48","slug":"cest-resister","status":"publish","type":"post","link":"https:\/\/bruxelles-pantheres.be\/?p=1102","title":{"rendered":"\u00ab c\u2019est r\u00e9sister\u2026 \u00bb"},"content":{"rendered":"<p>&nbsp;<\/p>\n<pre>par <a href=\"https:\/\/www.facebook.com\/manzaabdeslam.eliottness\">Manza Abdeslam Eliott Ness<\/a>, jeudi 31 mai 2012<\/pre>\n<p>&nbsp;<\/p>\n<p><strong>Entre les bruits et les plaies,<\/strong><\/p>\n<p>&nbsp;<\/p>\n<p><strong>mes rires et mes secrets<\/strong><\/p>\n<p>&nbsp;<\/p>\n<p><strong>mes larmes dans mes couplets\u00a0<\/strong><\/p>\n<p>&nbsp;<\/p>\n<p><strong>ma haine dans mon toupet\u00a0<\/strong><\/p>\n<p>&nbsp;<\/p>\n<p><strong>mes cris de guerre pour la paix<\/strong><\/p>\n<p>&nbsp;<\/p>\n<p><strong>mes fr\u00e8res sur les tranch\u00e9es,\u00a0<\/strong><\/p>\n<p>&nbsp;<\/p>\n<p><strong>\u00e9poque de fou, am\u00e8re \u00e0 mort, <\/strong><\/p>\n<p>&nbsp;<\/p>\n<p><strong>\u00e7a va clacher!\u00a0<!--more--><\/strong><\/p>\n<p>&nbsp;<\/p>\n<p><strong>\u00a0Une jeunesse d\u00e9laiss\u00e9e,\u00a0<\/strong><\/p>\n<p>&nbsp;<\/p>\n<p><strong>pr\u00e9viens tes hauts-plac\u00e9s\u00a0<\/strong><\/p>\n<p>&nbsp;<\/p>\n<p><strong>tes cavaliers du pass\u00e9!\u00a0<\/strong><\/p>\n<p>&nbsp;<\/p>\n<p><strong>trop lass\u00e9s de s\u2019effacer<\/strong><\/p>\n<p>&nbsp;<\/p>\n<p><strong>\u00ab\u00a0on laissera plus rien passer\u00a0\u00bb<\/strong><\/p>\n<p>&nbsp;<\/p>\n<p><strong>qu\u2019est ce que tu croyais<\/strong><\/p>\n<p>&nbsp;<\/p>\n<p><strong>le crime se paye la gueule de l\u2019histoire,\u00a0<\/strong><\/p>\n<p>&nbsp;<\/p>\n<p><strong>j\u2019invente rien, c\u2019est prouv\u00e9\u00a0 \u00a0<\/strong><\/p>\n<p>&nbsp;<\/p>\n<p><strong>souvenez-vous que le peuple s\u2019est soulev\u00e9<\/strong><\/p>\n<p>&nbsp;<\/p>\n<p><strong>\u00e0 qui le tour de crever?\u00a0<\/strong><\/p>\n<p>&nbsp;<\/p>\n<p><strong>dictateurs au permis de tuer<\/strong><\/p>\n<p>&nbsp;<\/p>\n<p><strong>St\u00e9phane Hessel indign\u00e9\u00a0<\/strong><\/p>\n<p>&nbsp;<\/p>\n<p><strong>m\u00eame \u00e0 la Une, c\u2019est titr\u00e9:\u00a0<\/strong><\/p>\n<p>&nbsp;<\/p>\n<p><strong>le monde arabe a sa soif de libert\u00e9,\u00a0<\/strong><\/p>\n<p>&nbsp;<\/p>\n<p><strong>les compte \u00e0 rebours sont lanc\u00e9s<\/strong><\/p>\n<p>&nbsp;<\/p>\n<p><strong>la d\u00e9tresse dans nos foyers,\u00a0<\/strong><\/p>\n<p>&nbsp;<\/p>\n<p><strong>le diable pour nous choyer\u00a0<\/strong><\/p>\n<p>&nbsp;<\/p>\n<p><strong>gauche-droite sous les hu\u00e9es, \u00a0<\/strong><\/p>\n<p>&nbsp;<\/p>\n<p><strong>L\u2019 Islam, victime de faux plaidoyers<\/strong><\/p>\n<p>&nbsp;<\/p>\n<p><strong>quartiers aux crocs lac\u00e9r\u00e9s,\u00a0 espoirs broy\u00e9s<\/strong><\/p>\n<p>&nbsp;<\/p>\n<p><strong>la vie, un long fleuve o\u00f9 l\u2019amour s\u2019est noy\u00e9\u2026<\/strong><\/p>\n<p>&nbsp;<\/p>\n<p>&nbsp;<\/p>\n<p>&nbsp;<\/p>\n<p><strong>\u00a0Des \u00e9tats policiers, des bavures, des dossiers class\u00e9s<\/strong><\/p>\n<p>&nbsp;<\/p>\n<p><strong>en veux tu en voil\u00e0,\u00a0<\/strong><strong>de gauche a droite,<\/strong><\/p>\n<p>&nbsp;<\/p>\n<p><strong>on joue touche-touche, c\u2019est la r\u00e9cr\u00e9e!<\/strong><\/p>\n<p>&nbsp;<\/p>\n<p><strong>Pas de quoi se marrer, le monde est mal barr\u00e9\u00a0<\/strong><\/p>\n<p>&nbsp;<\/p>\n<p><strong>c\u2019est la marr\u00e9e \u00e0 merde que je viens t\u2019narrer!<\/strong><\/p>\n<p>&nbsp;<\/p>\n<p><strong>des bouts de moi-m\u00eame dans un cahier\u00a0 \u00a0<\/strong><\/p>\n<p>&nbsp;<\/p>\n<p><strong>la m\u00e9moire de mes p\u00e8res: rep\u00e8res \u00e0 mes avanc\u00e9es\u00a0<\/strong><\/p>\n<p>&nbsp;<\/p>\n<p><strong>\u00a0SARKO s\u2019est fait d\u00e9gager<\/strong><\/p>\n<p>&nbsp;<\/p>\n<p><strong>Eric besson au taquet\u00a0<\/strong><\/p>\n<p>&nbsp;<\/p>\n<p><strong>Kouchner s\u2019est comme \u00e9gar\u00e9\u00a0<\/strong><\/p>\n<p>&nbsp;<\/p>\n<p><strong>Dieudo interdit de t\u00e9l\u00e9s,\u00a0<\/strong><\/p>\n<p>&nbsp;<\/p>\n<p><strong>Kassovits refuse de plier\u00a0<\/strong><\/p>\n<p>&nbsp;<\/p>\n<p><strong>Le Nabe qu\u2019on tente de museler\u00a0<\/strong><\/p>\n<p>&nbsp;<\/p>\n<p><strong>sans Foucolt, y\u2019a sacr\u00e9e soir\u00e9e,\u00a0<\/strong><\/p>\n<p>&nbsp;<\/p>\n<p><strong>Tariq leur fout une sacr\u00e9e branl\u00e9e\u00a0<\/strong><\/p>\n<p>&nbsp;<\/p>\n<p><strong>Semaine critique, le mytho va pas s\u2019g\u00eaner\u00a0<\/strong><\/p>\n<p>&nbsp;<\/p>\n<p><strong>Nico\u2019 Bedos va les malmener\u2026 <img decoding=\"async\" class=\"wp-smiley\" alt=\":-)\" src=\"http:\/\/www.egalite.be\/wp-includes\/images\/smilies\/icon_smile.gif\" \/> <img decoding=\"async\" class=\"wp-smiley\" alt=\":-)\" src=\"http:\/\/www.egalite.be\/wp-includes\/images\/smilies\/icon_smile.gif\" \/> <\/strong><\/p>\n<p>&nbsp;<\/p>\n<p>&nbsp;<\/p>\n<p>&nbsp;<\/p>\n<p><strong>Pour nous, garder la foi, c\u2019est r\u00e9sister\u00a0<\/strong><\/p>\n<p>&nbsp;<\/p>\n<p><strong>esp\u00e9rer encore avoir le choix,\u00a0sans se d\u00e9sister<\/strong><\/p>\n<p>&nbsp;<\/p>\n<p><strong>entre les bruits et les plaies, \u00a0\u00a0<\/strong><\/p>\n<p>&nbsp;<\/p>\n<p><strong>le monde tourne mal,\u00a0\u00e7a va se corser,\u00a0<\/strong><\/p>\n<p>&nbsp;<\/p>\n<p><strong>\u00e7a risque encore de saigner pour le soigner\u2026<\/strong><\/p>\n<p>&nbsp;<\/p>\n<p>&nbsp;<\/p>\n<p>&nbsp;<\/p>\n<p>MANZA ELIOTT NESS<\/p>\n","protected":false},"excerpt":{"rendered":"<p>&nbsp; par Manza Abdeslam Eliott Ness, jeudi 31 mai 2012 &nbsp; Entre les bruits et les plaies, &nbsp; mes rires et mes secrets &nbsp; mes larmes dans mes couplets\u00a0 &nbsp; ma haine dans mon toupet\u00a0 &nbsp; mes cris de guerre pour la paix &nbsp; mes fr\u00e8res sur les tranch\u00e9es,\u00a0 &nbsp; \u00e9poque de fou, am\u00e8re \u00e0 &#8230; <a title=\"\u00ab c\u2019est r\u00e9sister\u2026 \u00bb\" class=\"read-more\" href=\"https:\/\/bruxelles-pantheres.be\/?p=1102\" aria-label=\"En savoir plus sur \u00ab c\u2019est r\u00e9sister\u2026 \u00bb\">Lire la suite<\/a><\/p>\n","protected":false},"author":1,"featured_media":1042,"comment_status":"open","ping_status":"open","sticky":false,"template":"","format":"standard","meta":{"footnotes":""},"categories":[24,18],"tags":[31,14,32],"class_list":["post-1102","post","type-post","status-publish","format-standard","has-post-thumbnail","hentry","category-belgique-maroc","category-resistance-bruxelles","tag-belgique","tag-bruxelles","tag-culture"],"_links":{"self":[{"href":"https:\/\/bruxelles-pantheres.be\/index.php?rest_route=\/wp\/v2\/posts\/1102","targetHints":{"allow":["GET"]}}],"collection":[{"href":"https:\/\/bruxelles-pantheres.be\/index.php?rest_route=\/wp\/v2\/posts"}],"about":[{"href":"https:\/\/bruxelles-pantheres.be\/index.php?rest_route=\/wp\/v2\/types\/post"}],"author":[{"embeddable":true,"href":"https:\/\/bruxelles-pantheres.be\/index.php?rest_route=\/wp\/v2\/users\/1"}],"replies":[{"embeddable":true,"href":"https:\/\/bruxelles-pantheres.be\/index.php?rest_route=%2Fwp%2Fv2%2Fcomments&post=1102"}],"version-history":[{"count":1,"href":"https:\/\/bruxelles-pantheres.be\/index.php?rest_route=\/wp\/v2\/posts\/1102\/revisions"}],"predecessor-version":[{"id":1103,"href":"https:\/\/bruxelles-pantheres.be\/index.php?rest_route=\/wp\/v2\/posts\/1102\/revisions\/1103"}],"wp:featuredmedia":[{"embeddable":true,"href":"https:\/\/bruxelles-pantheres.be\/index.php?rest_route=\/wp\/v2\/media\/1042"}],"wp:attachment":[{"href":"https:\/\/bruxelles-pantheres.be\/index.php?rest_route=%2Fwp%2Fv2%2Fmedia&parent=1102"}],"wp:term":[{"taxonomy":"category","embeddable":true,"href":"https:\/\/bruxelles-pantheres.be\/index.php?rest_route=%2Fwp%2Fv2%2Fcategories&post=1102"},{"taxonomy":"post_tag","embeddable":true,"href":"https:\/\/bruxelles-pantheres.be\/index.php?rest_route=%2Fwp%2Fv2%2Ftags&post=1102"}],"curies":[{"name":"wp","href":"https:\/\/api.w.org\/{rel}","templated":true}]}}