{"id":1104,"date":"2012-05-29T01:52:34","date_gmt":"2012-05-29T00:52:34","guid":{"rendered":"https:\/\/bruxelles-pantheres.be\/?p=1104"},"modified":"2013-11-12T01:55:15","modified_gmt":"2013-11-12T00:55:15","slug":"bon-resume-sur-le-conflit-etudiant-au-quebec","status":"publish","type":"post","link":"https:\/\/bruxelles-pantheres.be\/?p=1104","title":{"rendered":"Bon r\u00e9sum\u00e9 sur le conflit \u00e9tudiant au Qu\u00e9bec."},"content":{"rendered":"<header><\/header>\n<p><img decoding=\"async\" alt=\"https:\/\/fbcdn-profile-a.akamaihd.net\/hprofile-ak-snc4\/592334_446878305325046_1276582463_n.jpg\" src=\"https:\/\/fbcdn-profile-a.akamaihd.net\/hprofile-ak-snc4\/592334_446878305325046_1276582463_n.jpg\" \/><\/p>\n<p><strong>Mercredi 30 MAI 2012: Manifestation de solidarit\u00e9 avec le mouvement \u00e9tudiant Qu\u00e9b\u00e9cois (Place du Luxembourg, Bruxelles)<\/strong><\/p>\n<p>MANIFESTATION DE SOLIDARIT\u00c9 AVEC LE MOUVEMENT \u00c9TUDIANT QU\u00c9B\u00c9COIS !<\/p>\n<p>Au Qu\u00e9bec, plus de 150 000 \u00e9tudiantes et \u00e9tudiants sont en gr\u00e8ve depuis 15 semaines pour contrer la hausse des frais de scolarit\u00e9 universitaire.<!--more--><\/p>\n<p>Le gouvernement lib\u00e9ral de Jean Charest a d\u00e9cid\u00e9 d\u2019augmenter de plus de 75% la facture des \u00e9tudes sup\u00e9rieures. C\u2019est une menace s\u00e9rieuse pour l\u2019acc\u00e8s aux \u00e9tudes universitaires. Des milliers d\u2019\u00e9tudiantes et d\u2019\u00e9tudiants se verront barrer la route vers l\u2019universit\u00e9 parce qu\u2019ils n\u2019auront pas assez d\u2019argent. C\u2019est aussi une mesure qui s\u2019inscrit dans une conception marchande de l\u2019\u00e9ducation qu\u2019il faut combattre.<\/p>\n<p>Apr\u00e8s 15 semaines de gr\u00e8ve, le gouvernement du Qu\u00e9bec refuse toujours de n\u00e9gocier avec les associations \u00e9tudiantes et impose une Loi Sp\u00e9ciale pour forcer la reprise des cours.<\/p>\n<p>Cette loi \u00ab\u00a0matraque\u00a0\u00bb est une atteinte directe \u00e0 la libert\u00e9 d\u2019association , au droit d\u2019agir collectivement, \u00e0 la libert\u00e9 de conscience, \u00e0 la libert\u00e9 d\u2019expression et au droit de manifester pacifiquement. Le m\u00e9pris du gouvernement pour sa population est \u00e0 son comble.<\/p>\n<p>Manifestons contre la hausse des frais de scolarit\u00e9.<br \/>\nManifestons notre soutien \u00e0 ceux et celles qui luttent activement pour une soci\u00e9t\u00e9 plus juste et \u00e9quitable.<br \/>\nManifestons contre la loi sp\u00e9ciale antid\u00e9mocratique que le gouvernement tente d\u2019imposer.<\/p>\n<p>Venez le mercredi 30 mai 2012, \u00e0 16h30, \u00e0 la place du Luxembourg (Bruxelles) pour afficher vos couleurs et supporter les \u00e9tudiantes et les \u00e9tudiants, et plus largement la soci\u00e9t\u00e9 qu\u00e9b\u00e9coise dans son ensemble, qui traversent une p\u00e9riode sombre.<\/p>\n<p>Apportez des pancartes.<br \/>\nApportez des habits rouges.<br \/>\nApportez vos casseroles !<br \/>\nNous ferons \u00e9chos aux quartier de Montr\u00e9al qui s\u2019improvisent orchestres pour mettre en musique leur indignation!<\/p>\n<p>\u00c9tudiants de tous les pays, UNISSONS-NOUS!<\/p>\n<p>Mercredi 30 mai 2012, 16h30, Place du Luxembourg<br \/>\n(Gare Bruxelles-Luxembourg).<\/p>\n<p>Pour plus d\u2019informations sur la Loi 78, vous pouvez consulter le document explicatif \u00e0 l\u2019adresse suivante: <a href=\"http:\/\/www.afea.uqam.ca\/wp-content\/uploads\/2012\/05\/Document-explicatif-Loi-78.pdf\" target=\"_blank\" rel=\"nofollow nofollow\">http:\/\/www.afea.uqam.ca\/<wbr \/>wp-content\/uploads\/2012\/05\/<wbr \/>Document-explicatif-Loi-78.<wbr \/>pdf<\/a><br \/>\n<iframe src=\"\/\/www.youtube.com\/embed\/uCpyjwVroxc\" height=\"315\" width=\"420\" allowfullscreen=\"\" frameborder=\"0\"><\/iframe><\/p>\n<p style=\"text-align: left;\">Commentaire suppl\u00e9mentaire du citoyen interrog\u00e9 :<br \/>\n\u00ab\u00a0Je dois pr\u00e9ciser que j\u2019ai fait cette entrevue sur l\u2019adr\u00e9naline\u2026 on venait de se faire charger par l\u2019anti-\u00e9meute\u2026 et tabasser\u2026 alors oui il manque quelques pr\u00e9cisions \u00e0 mon t\u00e9moignage\u2026 Voil\u00e0 plut\u00f4t le fils de ma pens\u00e9e par \u00e9crit :<\/p>\n<p>Les \u00e9tudiants ne laisseront pas les lib\u00e9raux saboter nos acquis sociaux si facilement.<\/p>\n<p>Dis moi carr\u00e9s \u00abverts\u00bb, dans quel monde une hausse des prix entra\u00eene une hausse de la demande?<\/p>\n<p>Seulement 17% des \u00e9tudiants recevront des bourses. C\u2019est donc dire que 83 % des \u00e9tudiants s\u2019endetteront davantage.<\/p>\n<p>Consid\u00e9rant qu\u2019un emprunt de 28 000 $ rembours\u00e9 pendant 10 ans aura co\u00fbt\u00e9 42 563 $ \u00e0 l\u2019\u00e9tudiant, les banques priv\u00e9es \u00e0 charte f\u00e9d\u00e9rale encaissent un profit de 14 563 $. Le R\u00e9gime de remboursement proportionnel aux revenus permettra, certes, aux \u00e9tudiants de payer moins chaque mois, mais on sait que plus il prendra de temps plus les int\u00e9r\u00eats sur sa dette \u00e9tudiante s\u2019accumuleront.<\/p>\n<p>Les Banques doivent saliver \u00e0 l\u2019id\u00e9e de cette nouvelle niche de titrisation pour des papiers commerciaux adoss\u00e9s \u00e0 des pr\u00eats \u00e9tudiants dont ces derniers ne peuvent m\u00eame pas se d\u00e9partir s\u2019ils font faillite et qui sont garantis par le gouvernement. Pour les Banques, aucun risque, profits \u00e9lev\u00e9s!<\/p>\n<p>\u00c0 l\u2019inverse, un investissement public de 28 000 $ co\u00fbtera \u00e0 l\u2019\u00c9tat par ses recettes fiscales 28 000 $ (aucun int\u00e9r\u00eat ici). En fait, pour les contribuables, la hausse des frais de scolarit\u00e9 \u00e9quivaut \u00e0 1\u00a2 par contribuable par jour (sans vouloir rire de Mme Beauchamp).<\/p>\n<p>Si on se fit \u00e0 la p\u00e9riode lib\u00e9rale de 1990 \u00e0 1996 o\u00f9 les frais ont consid\u00e9rablement augment\u00e9 passant de 563 $ \u00e0 environ 1300 $, il est permis d\u2019estimer la baisse de fr\u00e9quentation scolaire li\u00e9e \u00e0 une hausse des frais \u00e0 7 000 \u00e9tudiants par ann\u00e9e. C\u2019est donc dire que si on ne hausse pas les frais, 7 000 \u00e9tudiants resteront sur les bancs de nos universit\u00e9s.<\/p>\n<p>Sur 25 ans, c\u2019est donc 175 000 \u00e9tudiants (autant d\u2019ing\u00e9nieurs, de cin\u00e9aste, de travailleurs sociaux, d\u2019infirmi\u00e8res, d\u2019agronomes, de g\u00e9ographes, d\u2019historiens, de philosophes, de sociologues, d\u2019anthropologue, de designers industriels, etc.)<\/p>\n<p>N\u00e9anmoins, la vie humaine n\u2019est pas que comptable. Consid\u00e9rant que la valeur sociale de l\u2019\u00e9ducation est encore jeune et fragile chez les Qu\u00e9b\u00e9cois (90 % de la population \u00e9tait analphab\u00e8te en 1963 quand on a construit notre syst\u00e8me d\u2019\u00e9ducation, aujourd\u2019hui 40% de la population est analphab\u00e8te fonctionnel), il est normal que peu d\u2019entre nous y soient d\u00e9j\u00e0 all\u00e9s.<\/p>\n<p>Je suis le premier de toute ma famille \u00e9largie \u00e0 atteindre l\u2019universit\u00e9. \u00c0 l\u2019Universit\u00e9 du Qu\u00e9bec en Outaouais, 70 % des \u00e9tudiants sont les premiers de leurs familles \u00e0 atteindre les \u00e9tudes sup\u00e9rieures. Il est donc permis de dire que nous devons \u00eatre vigilents face \u00e0 nos acquis sociaux.<\/p>\n<p>Ceci \u00e9tant dit, on peut n\u00e9anmoins \u00eatre fier de notre syst\u00e8me d\u2019\u00e9ducation. Et comme le rappelait Guy Rocher, le 11 avril dernier dans Le Devoir : \u00ab Mais la gratuit\u00e9 est-elle possible \u00e0 l\u2019aune de la mondialisation? C\u2019est vrai qu\u2019on vit dans un monde \u00e9largi de comp\u00e9tition, mais il y a d\u2019autres pays qui vivent dans le m\u00eame monde que nous et qui ont adopt\u00e9 de tout autres politiques\u00bb, souligne-t-il en faisant allusion \u00e0 la Scandinavie, o\u00f9 la gratuit\u00e9 est une id\u00e9e plus r\u00e9pandue. \u00abJ\u2019ai l\u2019impression que la Finlande a lu le rapport Parent et qu\u2019elle l\u2019a appliqu\u00e9! \u00bb, conclut-il. [1] Parlant de comp\u00e9tition mondiale, les Qu\u00e9b\u00e9cois se situe au \u00ab 2e rang dans le monde occidental en math\u00e9matique, apr\u00e8s la Finlande; 13e rang mondial en sciences; 6e rang mondial en lecture et compr\u00e9hension (2e en Occident, toujours apr\u00e8s La Finlande) \u00bb. [2]<\/p>\n<p>Selon moi, si l\u2019\u00e9ducation est publique, c\u2019est qu\u2019elle repose sur un pacte interg\u00e9n\u00e9rationnel sacr\u00e9. \u00c0 savoir, les a\u00een\u00e9s paieront par leurs imp\u00f4ts l\u2019\u00e9ducation des plus jeunes qui \u00e0 leur tour leur permettront d\u2019avoir une retraite et des services sociaux ad\u00e9quats en fin de vie.<\/p>\n<p>Il s\u2019agit pour moi de solidarit\u00e9 et de justices sociales.<\/p>\n<p>Jean-Pierre Lord<br \/>\n\u00c9tudiant en travail social \u2014 UQ\u00c0M<br \/>\nPr\u00e9sident de l\u2019association locale de Sainte-Marie-Saint-Jacques<br \/>\nParti Qu\u00e9b\u00e9cois<br \/>\nwww.facebook.com\/SMSJ.PQ<br \/>\nwww.facebook.com\/jeanpierre.lord<\/p>\n<p>Sources :<\/p>\n<p>[1] <a dir=\"ltr\" title=\"http:\/\/www.ledevoir.com\/societe\/education\/347145\/la-lutte-des-etudiants-est-juste-dit-guy-rocher\" href=\"http:\/\/www.ledevoir.com\/societe\/education\/347145\/la-lutte-des-etudiants-est-juste-dit-guy-rocher\" target=\"_blank\" rel=\"nofollow\">http:\/\/www.ledevoir.com\/societe\/education\/347145\/la-lutte-des-etudiants-est-j\u2026<\/a> (diffus\u00e9 le 11 avril 2012)<\/p>\n<p>[2] <a dir=\"ltr\" title=\"http:\/\/www.ledevoir.com\/societe\/education\/312879\/resultats-du-quebec-au-pisa-soyons-fiers-de-notre-systeme-d-education\" href=\"http:\/\/www.ledevoir.com\/societe\/education\/312879\/resultats-du-quebec-au-pisa-soyons-fiers-de-notre-systeme-d-education\" target=\"_blank\" rel=\"nofollow\">http:\/\/www.ledevoir.com\/societe\/education\/312879\/resultats-du-quebec-au-pisa-\u2026<\/a><\/p>\n<p style=\"text-align: left;\"><img decoding=\"async\" alt=\"http:\/\/img.src.ca\/2012\/05\/19\/635x357\/120519_8o74l_graffiti-montreal-loi78_sn635.jpg\" src=\"http:\/\/img.src.ca\/2012\/05\/19\/635x357\/120519_8o74l_graffiti-montreal-loi78_sn635.jpg\" \/><\/p>\n","protected":false},"excerpt":{"rendered":"<p>Mercredi 30 MAI 2012: Manifestation de solidarit\u00e9 avec le mouvement \u00e9tudiant Qu\u00e9b\u00e9cois (Place du Luxembourg, Bruxelles) MANIFESTATION DE SOLIDARIT\u00c9 AVEC LE MOUVEMENT \u00c9TUDIANT QU\u00c9B\u00c9COIS ! Au Qu\u00e9bec, plus de 150 000 \u00e9tudiantes et \u00e9tudiants sont en gr\u00e8ve depuis 15 semaines pour contrer la hausse des frais de scolarit\u00e9 universitaire.<\/p>\n","protected":false},"author":1,"featured_media":1105,"comment_status":"open","ping_status":"open","sticky":false,"template":"","format":"standard","meta":{"footnotes":""},"categories":[21,25,17,5],"tags":[],"class_list":["post-1104","post","type-post","status-publish","format-standard","has-post-thumbnail","hentry","category-anti-imperialisme","category-enseignement","category-video","category-violence-policiere"],"_links":{"self":[{"href":"https:\/\/bruxelles-pantheres.be\/index.php?rest_route=\/wp\/v2\/posts\/1104","targetHints":{"allow":["GET"]}}],"collection":[{"href":"https:\/\/bruxelles-pantheres.be\/index.php?rest_route=\/wp\/v2\/posts"}],"about":[{"href":"https:\/\/bruxelles-pantheres.be\/index.php?rest_route=\/wp\/v2\/types\/post"}],"author":[{"embeddable":true,"href":"https:\/\/bruxelles-pantheres.be\/index.php?rest_route=\/wp\/v2\/users\/1"}],"replies":[{"embeddable":true,"href":"https:\/\/bruxelles-pantheres.be\/index.php?rest_route=%2Fwp%2Fv2%2Fcomments&post=1104"}],"version-history":[{"count":1,"href":"https:\/\/bruxelles-pantheres.be\/index.php?rest_route=\/wp\/v2\/posts\/1104\/revisions"}],"predecessor-version":[{"id":1106,"href":"https:\/\/bruxelles-pantheres.be\/index.php?rest_route=\/wp\/v2\/posts\/1104\/revisions\/1106"}],"wp:featuredmedia":[{"embeddable":true,"href":"https:\/\/bruxelles-pantheres.be\/index.php?rest_route=\/wp\/v2\/media\/1105"}],"wp:attachment":[{"href":"https:\/\/bruxelles-pantheres.be\/index.php?rest_route=%2Fwp%2Fv2%2Fmedia&parent=1104"}],"wp:term":[{"taxonomy":"category","embeddable":true,"href":"https:\/\/bruxelles-pantheres.be\/index.php?rest_route=%2Fwp%2Fv2%2Fcategories&post=1104"},{"taxonomy":"post_tag","embeddable":true,"href":"https:\/\/bruxelles-pantheres.be\/index.php?rest_route=%2Fwp%2Fv2%2Ftags&post=1104"}],"curies":[{"name":"wp","href":"https:\/\/api.w.org\/{rel}","templated":true}]}}