{"id":1107,"date":"2012-05-26T01:56:01","date_gmt":"2012-05-26T00:56:01","guid":{"rendered":"https:\/\/bruxelles-pantheres.be\/?p=1107"},"modified":"2013-11-12T01:57:46","modified_gmt":"2013-11-12T00:57:46","slug":"quand-bruxelles-censure-dieudonne","status":"publish","type":"post","link":"https:\/\/bruxelles-pantheres.be\/?p=1107","title":{"rendered":"Quand Bruxelles censure Dieudonn\u00e9"},"content":{"rendered":"<p>&nbsp;<\/p>\n<div class=\"entry-content\">\n<p style=\"text-align: justify;\"><a href=\"http:\/\/www.egalite.be\/wp-content\/uploads\/2012\/05\/dieudo.jpg\"><img decoding=\"async\" class=\"aligncenter\" title=\"dieudo\" alt=\"\" src=\"http:\/\/www.egalite.be\/wp-content\/uploads\/2012\/05\/dieudo.jpg\" width=\"164\" height=\"223\" \/><\/a><\/p>\n<h3 style=\"text-align: justify;\"><strong>Une premi\u00e8re europ\u00e9enne : la police bruxelloise a emp\u00each\u00e9 <em>manu militari<\/em> le spectacle de l\u2019humoriste Dieudonn\u00e9 ! Malgr\u00e9 l\u2019absence de violences ou\u00a0\u00a0 \u00ab\u00a0<em>d\u2019incitations \u00e0 la haine<\/em>\u00a0\u00bb, des moyens r\u00e9pressifs disproportionn\u00e9s ont \u00e9t\u00e9 d\u00e9ploy\u00e9s : dix fourgons, une autopompe anti-\u00e9meutes, plus d\u2019une centaine de policiers ! A la cl\u00e9 : menaces de tabassage et d\u2019arrestation de 300 spectateurs si la repr\u00e9sentation se poursuivait \u2026\u00a0 A la lumi\u00e8re d\u2019un manifeste censur\u00e9 d\u2019Albert Camus (1), voici l\u2019unique reportage de cette soir\u00e9e hallucinante. En opposition \u00e0 une d\u00e9sinformation m\u00e9diatique qui masque\u00a0 une question centrale : laisserons-nous \u00e9craser nos libert\u00e9s par le lobby pro-isra\u00e9lien et sa police politique ?\u00a0 <!--more--><\/strong><\/h3>\n<p style=\"text-align: center;\">\u00a0<a href=\"http:\/\/www.egalite.be\/wp-content\/uploads\/2012\/05\/DD-chez-les-Belges.jpg\"><img decoding=\"async\" class=\"aligncenter  wp-image-2898\" title=\"DD chez les Belges\" alt=\"\" src=\"http:\/\/www.egalite.be\/wp-content\/uploads\/2012\/05\/DD-chez-les-Belges.jpg\" width=\"576\" height=\"576\" \/><\/a><\/p>\n<p style=\"text-align: justify;\">Bruxelles, 9 mai 2012, 19h00. Une interminable queue patiente le long du Fiesta Club. Situ\u00e9e Quai des usines, la spacieuse bo\u00eete de nuit s\u2019appr\u00eate \u00e0 accueillir plusieurs centaines de personnes pour le dernier spectacle de Dieudonn\u00e9 : \u00ab\u00a0<em>Rendez-nous J\u00e9sus\u00a0<\/em>\u00bb. Initialement pr\u00e9vu la veille, \u00e0 Roosdaal, le one-man-show a \u00e9t\u00e9 annul\u00e9 in extremis par le propri\u00e9taire de la salle. Harcel\u00e9 et menac\u00e9 par la police f\u00e9d\u00e9rale, l\u2019exploitant du <em>Roosdaal Palace<\/em> a finit par jeter l\u2019\u00e9ponge (2). Solution de rechange : le Fiesta Club.<\/p>\n<p style=\"text-align: justify;\">Autour du nouveau lieu, l\u2019air est \u00e9lectrique. Les regards, parfois inquiets. Une question\u00a0 domine toutes les autres : \u00ab\u00a0le spectacle aura-t-il lieu ?\u00a0\u00bb. Depuis 2009, pour assister\u00a0 aux\u00a0 repr\u00e9sentations de Dieudonn\u00e9 \u00e0 Bruxelles, il faut vraiment le vouloir ! Et abandonner toute id\u00e9e de confort. Aucune affiche, Aucune pub, aucun relais m\u00e9diatique. Tout s\u2019apprend via Internet pour, souvent, s\u2019adapter \u00e0 un changement de salle de derni\u00e8re minute impos\u00e9 par des censures politiques, fallacieusement d\u00e9guis\u00e9es en risques de \u00ab <em>troubles \u00e0 l\u2019ordre public<\/em>\u00a0\u00bb (3).<\/p>\n<p style=\"text-align: center;\"><a href=\"http:\/\/www.egalite.be\/wp-content\/uploads\/2012\/05\/Screen-shot-2012-06-06-at-20.33.161.png\"><img decoding=\"async\" class=\"size-large wp-image-2983 aligncenter\" title=\"Screen shot 2012-06-06 at 20.33.16\" alt=\"Dieudo en train de jouer face au premier public \" src=\"http:\/\/www.egalite.be\/wp-content\/uploads\/2012\/05\/Screen-shot-2012-06-06-at-20.33.161-1024x640.png\" width=\"610\" height=\"381\" \/><\/a><\/p>\n<p style=\"text-align: justify;\">20h30. Fiesta Club, bond\u00e9 ! Dieudonn\u00e9 monte sur une sc\u00e8ne improvis\u00e9e sous les applaudissements de 700 spectateurs. Dense, satirique, subversif, le champion de l\u2019humour noir dynamite sujets tabous et injustices comme aucun humoriste francophone n\u2019ose ou ne peut le faire. L\u2019affaire DSK, journalistes, musulmans, juifs, gays, Camerounais, Chinois, Qu\u00e9b\u00e9cois ou Belge : chacun en prend pour son grade. Y compris la vingtaine de policiers en civils dans l\u2019assistance. Une heure quart plus tard, concluant par un paisible et j\u00e9suitique \u00ab\u00a0<em>Aimez-vous les uns les autres\u00a0!<\/em>\u00bb, l\u2019artiste remercie son public. Ovations \u00e0 tout rompre.<\/p>\n<p style=\"text-align: center;\"><a href=\"http:\/\/www.egalite.be\/wp-content\/uploads\/2012\/05\/albert_camus-II.jpg\"><img decoding=\"async\" class=\"aligncenter  wp-image-2899\" title=\"albert_camus II\" alt=\"\" src=\"http:\/\/www.egalite.be\/wp-content\/uploads\/2012\/05\/albert_camus-II.jpg\" width=\"247\" height=\"236\" \/><\/a><\/p>\n<p>&nbsp;<\/p>\n<p style=\"text-align: justify;\" align=\"center\">En \u00e9cho nous revient un manifeste d\u2019<strong>Albert Camus<\/strong>, censur\u00e9 en 1939 et exhum\u00e9 en mars dernier. L\u2019\u00e9crivain, \u00e9galement journaliste, y d\u00e9finissait \u00ab\u00a0<em>les conditions et les moyens par lesquels la libert\u00e9 peut \u00eatre non seulement pr\u00e9serv\u00e9e mais encore manifest\u00e9e. Ces moyens sont au nombre de quatre : la lucidit\u00e9, le refus, l\u2019ironie et l\u2019obstination<\/em>. \u00bb<strong><br \/>\n<\/strong><\/p>\n<h3 align=\"center\"><strong>La lucidit\u00e9 <\/strong><\/h3>\n<p>&nbsp;<\/p>\n<p style=\"text-align: justify;\">Au lieu de retrouver les \u00ab\u00a0coulisses\u00a0\u00bb, Dieudonn\u00e9 ne quitte pas la sc\u00e8ne. Il annonce que la police ne veut pas d\u2019une seconde repr\u00e9sentation. A plusieurs reprises, l\u2019humoriste invite un repr\u00e9sentant des forces de l\u2019ordre \u00e0 venir expliquer les raisons de cette soudaine interdiction. Monte une clameur du public : \u00ab\u00a0<em>Assumez ! Assumez ! Assumez !\u00a0<\/em>\u00bb. Dehors, 300 personnes d\u00e9tentrices d\u2019un billet, patientent pour pouvoir entrer. Aucun pandore ne viendra donner la moindre explication \u2026<\/p>\n<p style=\"text-align: justify;\">Visiblement tr\u00e8s tendu, le propri\u00e9taire du Fiesta Club, <strong>Olivier Da Silva<\/strong>,<strong> <\/strong>rejoint Dieudonn\u00e9 sur sc\u00e8ne. Et prend le micro : \u00ab\u00a0<em>A Bruxelles quand vous faites des one-man-show, vous \u00eates dans l\u2019obligation de transmettre un dossier \u00e0 la Ville de Bruxelles, qui accepte ou qui refuse \u2013 ce que je n\u2019ai pas fait vu qu\u2019on n\u2019avait que 24 heures. Il se fait que les gens qui font leur travail savent que \u00e7a se passait ici : ils sont l\u00e0 ! Gentiment, ils ont accept\u00e9 que M. Dieudonn\u00e9 termine le spectacle, maintenant, et ne donnent pas leur accord pour le deuxi\u00e8me vu que je n\u2019avais d\u00e9j\u00e0 pas l\u2019accord pour le premier<\/em>\u00a0\u00bb. Directement conspu\u00e9 \u00e0 l\u2019\u00e9nonc\u00e9 de ses derniers mots, l\u2019exploitant r\u00e9torque : \u00ab\u00a0<em>\u00c7a ne sert \u00e0 rien de huer : ces gens-l\u00e0 ont laiss\u00e9 le spectacle se terminer<\/em> \u00bb. \u00ab\u00a0<em>J\u2019aurais bien aim\u00e9 voir comment ils auraient pu m\u2019arr\u00eater ?!\u00a0<\/em>\u00bb, interrompt Dieudonn\u00e9, soulevant l\u2019approbation g\u00e9n\u00e9rale.<\/p>\n<p style=\"text-align: center;\"><a href=\"http:\/\/www.egalite.be\/wp-content\/uploads\/2012\/05\/Screen-shot-2012-06-06-at-20.45.10.png\"><img decoding=\"async\" class=\"size-large wp-image-2984 aligncenter\" title=\"Screen shot 2012-06-06 at 20.45.10\" alt=\"Plan large de Dieudo et Da Silva (manager Fiesta club) et le public.\" src=\"http:\/\/www.egalite.be\/wp-content\/uploads\/2012\/05\/Screen-shot-2012-06-06-at-20.45.10-1024x640.png\" width=\"610\" height=\"381\" \/><\/a><\/p>\n<p style=\"text-align: justify;\">Rapport de forces et r\u00e9sistance citoyenne. Totalement solidaire de l\u2019artiste, les 700 spectateurs refusent de quitter les lieux ! Objectif : permettre au second public d\u2019assister au spectacle qu\u2019ils viennent de voir. La tension monte. Des d\u00e9buts d\u2019\u00e9chauffour\u00e9es \u00e9clatent aux deux extr\u00e9mit\u00e9s de la sc\u00e8ne. Les perturbateurs sont rapidement soustraits par la s\u00e9curit\u00e9. Dieudonn\u00e9 r\u00e9it\u00e8re les appels au calme : \u00ab\u00a0<em>Pas de violences, s\u2019il vous pla\u00eet ! Pas de violences !<\/em>\u00a0\u00bb. Et d\u2019ajouter : \u00ab\u00a0 <em>Evidemment, ce sont des agitateurs de l\u2019ext\u00e9rieur qui viennent \u2026\u00a0<\/em>\u00bb. \u00ab\u00a0<em>C\u2019est la police qui fait \u00e7a !\u00a0<\/em>\u00bb, hurle une spectatrice. \u00ab\u00a0<em>Oui, c\u2019est fatiguant\u00a0<\/em>\u00bb, r\u00e9pond Dieudonn\u00e9. \u00ab\u00a0<em>Mais je pense que la r\u00e9sistance veut que, puisqu\u2019ils ne veulent pas laisser entrer, on va attendre un petit peu<strong>\u00a0\u2026<\/strong><\/em>\u00bb. Nouvelle ovation \u00e0 tout rompre ! Et nouvelle intervention \u00ab\u00a0\u00e9l\u00e9gante \u00bb de Da Silva aupr\u00e8s de l\u2019humoriste : \u00ab\u00a0<em>Ou tu marches avec moi et il n\u2019y a pas de probl\u00e8me ou tu les allumes et \u00e7a va partir en couilles!\u00a0<\/em>\u00bb.<\/p>\n<p style=\"text-align: justify;\">A cet instant pr\u00e9cis, pr\u00e8s de dix ann\u00e9es de boycotts, d\u2019annulations, de censures et de harc\u00e8lement judiciaire se cristallisent dans l\u2019esprit de l\u2019artiste. \u00ab\u00a0<em>La meilleure fa\u00e7on pour que tout se passe bien et dans le calme, c\u2019est que je puisse faire cette deuxi\u00e8me repr\u00e9sentation !\u00a0\u00bb, <\/em>objecte Dieudonn\u00e9 \u00e0 Da Silva. \u00ab\u00a0<em>Je suis d\u00e9sol\u00e9 que \u00e7a se passe chez toi, mais est-ce qu\u2019on doit accepter cette injustice ? C\u2019est \u00e7a la question ! Moi, je suis patient. On est patient. Ce peuple est patient : c\u2019est fatiguant ! Y en a m\u00eame pas un <\/em>(policier, ndlr)<em> qui va venir nous parler ! Dans notre dos, encore une fois !\u00a0<\/em>\u00bb, conclut-il, exc\u00e9d\u00e9. Redoublement des cris solidaires du public. Olivier Da Silva dispara\u00eet. Provisoirement.<\/p>\n<p style=\"text-align: justify;\">\u00ab\u00a0<em>La <\/em><em>vertu de l\u2019homme est de se maintenir en face de tout ce qui le nie\u00a0<\/em>\u00bb<em>, <\/em>\u00e9crivait Camus, il y a 73 ans. Devant l\u2019extr\u00eame tension de la situation, d\u2019autres mots du manifeste de l\u2019\u00e9crivain restent furieusement d\u2019actualit\u00e9 : \u00ab\u00a0<em>La lucidit\u00e9 suppose la r\u00e9sistance aux entra\u00eenements de la haine et au culte de la fatalit\u00e9. Dans le monde de notre exp\u00e9rience, il est certain que tout peut \u00eatre \u00e9vit\u00e9. La guerre elle-m\u00eame, qui est un ph\u00e9nom\u00e8ne humain, peut \u00eatre \u00e0 tous les moments \u00e9vit\u00e9e ou arr\u00eat\u00e9e par des moyens humains. <\/em>\u00bb<\/p>\n<h3 style=\"text-align: center;\" align=\"center\"><strong>Le refus <\/strong><\/h3>\n<p>&nbsp;<\/p>\n<p style=\"text-align: justify;\">\u00ab<em>\u00a0Ecoutez, je crois qu\u2019ils veulent que j\u2019aille n\u00e9gocier quelque chose<\/em>\u00a0\u00bb, annonce soudain Dieudonn\u00e9, souriant. \u00ab\u00a0<em>Ce que je vous propose, c\u2019est de rester l\u00e0 jusqu\u2019\u00e0 mon retour<\/em>\u00a0\u00bb. Trois minutes plus tard, l\u2019humoriste remonte sur sc\u00e8ne : \u00ab\u00a0<em>Bon, les amis, vous pouvez y aller, vous pouvez sortir : les gens sont en train de rentrer !<\/em>\u00a0\u00bb. Une cri de victoire retentit \u00e0 travers la salle. Les 700 spectateurs sortent ; 300 autres prennent leurs places. Dieudonn\u00e9 entame sa seconde repr\u00e9sentation. Pour vingt minutes \u2026<\/p>\n<p style=\"text-align: center;\"><a href=\"http:\/\/www.egalite.be\/wp-content\/uploads\/2012\/05\/Screen-shot-2012-06-06-at-20.47.18.png\"><img decoding=\"async\" class=\"size-large wp-image-2985 aligncenter\" title=\"Screen shot 2012-06-06 at 20.47.18\" alt=\"Gros plan de Dieudo et Da Silva s'opposant sur sc\u00e8ne.\" src=\"http:\/\/www.egalite.be\/wp-content\/uploads\/2012\/05\/Screen-shot-2012-06-06-at-20.47.18-1024x640.png\" width=\"610\" height=\"381\" \/><\/a><\/p>\n<p>&nbsp;<\/p>\n<p style=\"text-align: justify;\">Aux cris d\u2019\u00ab\u00a0<em>Arr\u00eatez ! Arr\u00eatez !<\/em>\u00a0\u00bb, Da Silva d\u00e9boule sur sc\u00e8ne flanqu\u00e9 d\u2019un vigile mena\u00e7ant. Proche de la crise de nerfs, le manager du Fiesta Club menace ouvertement l\u2019artiste: \u00ab\u00a0<em>Fais gaffe \u00e0 toi ! J\u2019ai \u00e9t\u00e9 gentil avec toi : fais attention \u00e0 ce que tu vas faire ! Calme tout le monde ou je commence par toi ou par lui ! Ici, t\u2019es chez moi !<\/em>\u00a0\u00bb. Avec sang-froid, Dieudonn\u00e9 ram\u00e8ne son interlocuteur sur terre : \u00ab\u00a0<em>Tu ne peux pas me menacer. Il faut que \u00e7a se fasse calmement. Ce que je veux dire, c\u2019est qu\u2019on est nombreux ici \u2026 Donc il faut vraiment que \u00e7a soit calme, ok ?!<\/em>\u00a0\u00bb. Un ton plus bas, Da Silva implore : \u00ab\u00a0<em>Il y a une demi-heure, j\u2019ai demand\u00e9 de stopper parce qu\u2019on m\u2019oblige \u00e0 stopper. Le probl\u00e8me, c\u2019est que ces gens-l\u00e0 <\/em>(les policiers, ndlr)<em> vont se rebeller sur nous et nous, on n\u2019a rien avoir : on t\u2019a accueilli les bras ouverts <\/em>\u00bb. Charg\u00e9 de la s\u00e9curit\u00e9 de l\u2019humoriste, <strong>Joss Elise<\/strong> encha\u00eene : \u00ab\u00a0<em>Je vais vous demander de respecter. Il a la pression ! Et il y a du monde qui vous attend dehors ! On va sortir calmement\u00a0<\/em>\u00bb. Cris et hu\u00e9es fusent de toutes parts ! Davantage que le public pr\u00e9c\u00e9dent, les spectateurs n\u2019ont aucune intention de se laisser voler leur soir\u00e9e \u2026<\/p>\n<p style=\"text-align: justify;\">Dieudonn\u00e9 reprend alors la parole : \u00ab <em>C\u2019est un spectacle comique : on n\u2019est pas l\u00e0 pour faire autre chose que s\u2019amuser. Ma propre \u00e9quipe me dit que les policiers veulent rentrer et taper sur tout le monde\u2026 On va certainement arr\u00eater pour \u00e9viter\u2026 On pourrait <\/em>\u2026<em> mais vous avez vu l\u2019ambiance g\u00e9n\u00e9rale. On est des r\u00e9sistants. C\u2019est vrai qu\u2019on est face \u00e0 une injustice hallucinante et que j\u2019ai \u00e9t\u00e9, dans le pass\u00e9, plut\u00f4t conciliant. Aujourd\u2019hui, je suis fatigu\u00e9 ! Ces gens-l\u00e0 me fatiguent, ils m\u2019emp\u00eachent de travailler, ils m\u2019emp\u00eachent de m\u2019exprimer. On est l\u00e0 pour rigoler : on m\u2019envoie des cars de policiers. Putain, est-ce qu\u2019il n\u2019ont pas du boulot ces gens-l\u00e0 ?!<\/em>\u00a0\u00bb.<\/p>\n<p style=\"text-align: justify;\">Plus compr\u00e9hensive, la foule est d\u00e9sormais au diapason de l\u2019artiste. Ce qu\u2019elle fera d\u00e9pendra de ce qu\u2019il dira. Dieudonn\u00e9 d\u00e9cide de sauver son public d\u2019une ratonnade programm\u00e9e : \u00ab\u00a0<em>Ce que je vous propose, c\u2019est de terminer ce spectacle \u00e0 un autre moment. Vous allez sur Internet, on vous dira comment \u00e7a se passe. Il va falloir qu\u2019on trouve un endroit. C\u2019est pas facile ! Mais je reviendrai pour vous : \u00e7a , c\u2019est s\u00fbr !<\/em>\u00a0\u00bb. Les 300 spectateurs quittent le Club et se retrouvent nez-\u00e0-nez avec plus d\u2019une centaine de policiers. Une auto-pompes anti-\u00e9meutes \u00e0 50 m\u00e8tres des lieux (4)\u2026<\/p>\n<p style=\"text-align: center;\"><a href=\"http:\/\/www.egalite.be\/wp-content\/uploads\/2012\/05\/Malcolm-X-and-medias.jpg\"><img decoding=\"async\" class=\"aligncenter  wp-image-2901\" title=\"Malcolm X and medias\" alt=\"\" src=\"http:\/\/www.egalite.be\/wp-content\/uploads\/2012\/05\/Malcolm-X-and-medias.jpg\" width=\"324\" height=\"253\" \/><\/a><\/p>\n<p>&nbsp;<\/p>\n<p style=\"text-align: justify;\">Parenth\u00e8se m\u00e9diatique. Except\u00e9 l\u2019auteur de ces lignes, aucun journaliste n\u2019a assist\u00e9 \u00e0 cette premi\u00e8re europ\u00e9enne, <em>made in Belgium<\/em>, consistant \u00e0 censurer un artiste en pleine repr\u00e9sentation. Pour pondre un papier sur cette d\u00e9rive, <strong>Marc Metdepenningen<\/strong>, journaliste au <em>Soir<\/em>, siphonne la propagande frelat\u00e9e des Autorit\u00e9s. Sans peur du ridicule : \u00ab\u00a0<em>Une personne aurait harangu\u00e9 la foule, l\u2019invitant \u00e0 faire le salut nazi. La police a dress\u00e9 un proc\u00e8s-verbal \u00e0 l\u2019encontre de Dieudonn\u00e9 pour incitation \u00e0 la haine raciale\u00a0<\/em>\u00bb. Parmi 700 spectateurs, un illumin\u00e9 l\u00e8ve le bras, poing serr\u00e9; le rabaisse, puis le rel\u00e8ve \u00e0 nouveau, main tendue. Aussi \u00e9trange que regrettable. Mais insinuer que le trublion a invit\u00e9 la foule \u00e0 faire de m\u00eame alors que personne ne l\u2019avait remarqu\u00e9, ce proc\u00e9d\u00e9\u00a0 porte un nom : d\u00e9sinformation.<\/p>\n<p style=\"text-align: justify;\">Metdepenningen conclut avec un historique judiciaire \u00e0 moiti\u00e9 mensonger : \u00ab\u00a0 <em>En mars dernier, il s\u2019\u00e9tait produit \u00e0 Herstal devant pr\u00e8s d\u2019un millier de personnes. Le parquet de Li\u00e8ge a ouvert une enqu\u00eate en raison de propos antis\u00e9mites tenus \u00e0 l\u2019occasion de cette repr\u00e9sentation. Dieudonn\u00e9 a d\u00e9j\u00e0 \u00e9t\u00e9 condamn\u00e9 \u00e0 trois reprises en France pour antis\u00e9mitisme. Son dernier film, parodie d\u2019Auschwitz financ\u00e9 par des fonds iraniens, a \u00e9t\u00e9 interdit de diffusion.<\/em>\u00a0\u00bb.<\/p>\n<p style=\"text-align: justify;\">Le parquet li\u00e9geois accuse effectivement l\u2019humoriste d\u2019antis\u00e9mitisme, sans pour autant divulguer ou \u00e9tablir le moindre \u00e9l\u00e9ment probant. Malgr\u00e9 l\u2019enregistrement policier du spectacle d\u2019Herstal (10 mars 2012) et apr\u00e8s plus deux mois d\u2019enqu\u00eate \u2026 D\u2019autre part, ces huit derni\u00e8res ann\u00e9es, Dieudonn\u00e9 a bien essuy\u00e9 trois condamnations pour antis\u00e9mitisme et a \u00e9t\u00e9 relax\u00e9 pr\u00e8s d\u2019une trentaine de fois de la m\u00eame accusation. Ne comptez pas sur Metdepenningen pour s\u2019interroger sur \u00ab\u00a0l\u2019\u00e9ventualit\u00e9\u00a0\u00bb d\u2019un harc\u00e8lement proc\u00e9durier contre l\u2019artiste provocateur.<\/p>\n<p style=\"text-align: justify;\">Enfin, le premier film r\u00e9alis\u00e9 par Dieudonn\u00e9 n\u2019a pas \u00e9t\u00e9 interdit de diffusion par le Tribunal des r\u00e9f\u00e9r\u00e9s de grande instance de Paris ! Demandant l\u2019interdiction et 10.000 \u20ac de dommages et int\u00e9r\u00eats, la Licra s\u2019est vue d\u00e9bout\u00e9e. La juge, <strong>Anne-Marie Suteraud<\/strong>, a notamment estim\u00e9 que \u00ab\u00a0<em>malgr\u00e9 son caract\u00e8re insidieux et particuli\u00e8rement outrancier, la s\u00e9quence <\/em>(et non\u00a0\u2019<em>le film<\/em>\u2018, ndlr) <em>n\u2019est nullement pr\u00e9sent\u00e9e comme une th\u00e8se scientifique ou s\u00e9rieuse et nul ne peut se tromper sur son aspect parodique\u00a0<\/em>\u00bb (5) \u2026<\/p>\n<p style=\"text-align: justify;\">Ici \u00e9galement, les mots de Camus r\u00e9sonnent au pr\u00e9sent : \u00ab\u00a0<em>En face de la mar\u00e9e montante de la b\u00eatise, il est n\u00e9cessaire d\u2019opposer quelques refus. Toutes les contraintes du monde ne feront pas qu\u2019un esprit un peu propre accepte d\u2019\u00eatre malhonn\u00eate. <\/em><em>Or, et pour peu qu\u2019on connaisse le m\u00e9canisme des informations, il est facile de s\u2019assurer de l\u2019authenticit\u00e9 d\u2019une nouvelle. C\u2019est \u00e0 cela qu\u2019un journaliste libre doit donner toute son attention. Car, s\u2019il ne peut dire tout ce qu\u2019il pense, il lui est possible de ne pas dire ce qu\u2019il ne pense pas ou qu\u2019il croit faux.<\/em> \u00a0\u00bb<\/p>\n<p>&nbsp;<\/p>\n<h3 align=\"center\"><strong>L\u2019ironie <\/strong><\/h3>\n<p>&nbsp;<\/p>\n<p style=\"text-align: justify;\">Certains l\u2019ont compris : inutile de gloser ind\u00e9finiment sur \u00ab\u00a0la dangerosit\u00e9 raciste\u00a0\u00bb de Dieudonn\u00e9, pour les uns, ou \u00ab sa ma\u00eetrise quenelli\u00e8re\u00a0\u00bb, pour les autres. Mais plut\u00f4t de s\u2019interroger sur la diabolisation d\u2019un artiste antisioniste qui conduit \u00e9lites politiques et officines du lobby pro-isra\u00e9lien \u00e0 violer l\u2019article 25 de la Constitution comme les libert\u00e9s individuelles de milliers de citoyens. Le tout, maquill\u00e9 \u00e0 la h\u00e2te par une presse v\u00e9nale, plus enthousiaste \u00e0 coller servilement aux pouvoirs qu\u2019\u00e0 exercer son m\u00e9tier en toute ind\u00e9pendance.<\/p>\n<p style=\"text-align: justify;\">En 2004 et 2009, le Conseil d\u2019Etat belge a consacr\u00e9 la libert\u00e9 d\u2019expression de Dieudonn\u00e9. Jurisprudence syst\u00e9matiquement omise par nombre de journalistes amn\u00e9siques (6). Autrement dit, Dieudonn\u00e9, on l\u2019aime ou on le d\u00e9teste. On court le voir ou on s\u2019enfuit en sens inverse. On le soutient ou on d\u00e9pose plainte. Mais il est ill\u00e9gal d\u2019interdire <em>a priori<\/em> ses spectacles ! En cons\u00e9quence, des bourgmestres censeurs envoient leur polices harceler et menacer tout propri\u00e9taire de salle en contrat avec la soci\u00e9t\u00e9 de production de l\u2019humoriste. Agitant la pure fiction de \u00ab\u00a0<em>bagarres rang\u00e9es\u00a0<\/em>\u00bb ou \u00ab\u00a0<em>d\u2019attentats<\/em>\u00a0\u00bb; leur promettant des amendes administratives de plus de 20.000 \u20ac (7). Et si cela ne suffit pas ? Des bataillons de policiers pour censurer le spectacle en cours feront l\u2019affaire !<\/p>\n<p style=\"text-align: justify;\">Comment justifier ces pratiques liberticides dignes de l\u2019ex-URSS ou de l\u2019Allemagne nazie ?\u00a0 \u00ab\u00a0<em>Apr\u00e8s avoir constat\u00e9 la tenue de propos \u2018x\u00e9nophobes\u2019, les policiers ont exig\u00e9 que l\u2019exploitant interrompe le spectacle en coupant l\u2019\u00e9lectricit\u00e9. Les spectateurs se sont alors dispers\u00e9s dans le calme, selon <strong>Nicolas Dassonville<\/strong>, porte-parole du Bourgmestre de la Ville de Bruxelles<\/em> \u00bb, rapporte <em>La Libre Belgique<\/em>. Et d\u2019ajouter sans la moindre r\u00e9flexion critique : \u00ab\u00a0<em>Le porte-parole n\u2019a pas pr\u00e9cis\u00e9 la nature exacte des propos tenus, mais il a soulign\u00e9 que le \u2018PV de la police avait \u00e9t\u00e9 transmis au parquet\u2019, qui pourra entamer des poursuites.<\/em>\u00bb<\/p>\n<p style=\"text-align: justify;\">Par esprit civique et confraternit\u00e9 professionnelle, aidons ces braves gens \u00e0 rep\u00e9rer les \u00ab\u00a0<em>propos x\u00e9nophobes<\/em>\u00a0\u00bb contre lesquels plus de cent policiers ont boss\u00e9 dur le 9 mai 2012. Nous ne voudrions pas \u00eatre en reste dans cette splendide lutte antiraciste d\u2019une ampleur\u00a0 jamais \u00e9gal\u00e9e en Europe ! Passons en revue quelques extraits de \u00ab\u00a0<em>Rendez-nous J\u00e9sus\u00a0<\/em>\u00bb. Celui-ci nous semble fort suspect : \u00ab\u00a0<em>La premi\u00e8re religion au Cameroun, c\u2019est l\u2019argent ! Faites-vous arr\u00eater par un policier camerounais <\/em>\u2026\u00a0\u00bb ? Non. Ridiculiser la corruption en Afrique, ce n\u2019est pas x\u00e9nophobe. Dans le registre, les inoubliables <strong>Michel Leeb<\/strong> et <strong>Annie Cordy<\/strong> ont commis plus outrageant sans jamais mobiliser une autopompe anti-\u00e9meutes.<\/p>\n<p style=\"text-align: justify;\">Alors, c\u2019est s\u00fbrement celui-l\u00e0 : \u00ab\u00a0<em>Le mollah, il rigole pas comme \u00e7a. Sa nature, c\u2019est de s\u2019\u00e9clater sur des chants religieux. J\u2019ai un copain mollah qui m\u2019a invit\u00e9 dans une soir\u00e9e de mollahs : si t\u2019as pas fait une sieste dans l\u2019apr\u00e8s-midi, on est mal !<\/em>\u00a0\u00bb ? Autant pour moi. Vanner des musulmans, iraniens de surcro\u00eet, c\u2019est plut\u00f4t encourag\u00e9. Attendez ! L\u00e0, on en tiens un : \u00ab\u00a0 <em>J\u00e9sus a sorti cette fameuse phrase : \u2018Il faut chasser les marchands du temple\u2019. L\u00e0, il \u00e9tait mort. C\u2019\u00e9tait fini : antis\u00e9mitisme, etc. Les marchands du temple, ils \u00e9taient pas Congolais, r\u00e9fl\u00e9chis ! C\u2019\u00e9tait d\u00e9j\u00e0 la bande \u00e0 Strauss-Khan. C\u2019est le FMI qui a crucifi\u00e9 J\u00e9sus !<\/em>\u00a0\u00bb \u2026 Pour autant, nous h\u00e9sitons f\u00e9brilement avec cet ultime extrait : \u00ab\u00a0<em>J\u2019ai toutes les associations isra\u00e9liennes sur le dos, jusqu\u2019\u00e0 l\u2019\u00c9lys\u00e9e qui est quand m\u00eame la plus connue<\/em> \u00bb.<\/p>\n<p style=\"text-align: justify;\">On comprend mieux pourquoi des mois d\u2019enqu\u00eate sont n\u00e9cessaires au parquet de Li\u00e8ge. Et pourquoi les policiers bruxellois n\u2019ont pas r\u00e9ussi \u00e0 choisir un exemple \u00ab\u00a0<em>x\u00e9nophobe<\/em>\u00a0\u00bb \u00e0 retranscrire dans leur proc\u00e8s-verbal. Qu\u2019\u00e0 cela ne tienne : pouvions-nous \u00e9prouver plus grande fiert\u00e9 citoyenne que de collaborer avec la police politique de notre pays ? Le devoir accompli, laissons les parquets de Bruxelles et de Li\u00e8ge ficeler le dossier en vue des indispensables proc\u00e8s contre l\u2019insupportable M\u2019Bala M\u2019Bala \u2026<\/p>\n<p style=\"text-align: justify;\">Comme l\u2019\u00e9crivait Albert Camus, visiblement pour l\u2019\u00e9ternit\u00e9 : \u00ab\u00a0<em>Il reste donc que l\u2019ironie demeure une arme sans pr\u00e9c\u00e9dent contre les trop puissants. Elle compl\u00e8te le refus en ce sens qu\u2019elle permet, non plus de rejeter\u00a0ce qui est faux, mais de dire souvent ce qui est vrai.<\/em>\u00a0\u00bb<\/p>\n<h3 align=\"center\"><strong>L\u2019obstination<\/strong><\/h3>\n<p>&nbsp;<\/p>\n<p style=\"text-align: justify;\">Du c\u00f4t\u00e9 de la soci\u00e9t\u00e9 de production de Dieudonn\u00e9, on ne risque pas non plus d\u2019oublier la \u00ab\u00a0super-soir\u00e9e\u00a0\u00bb au Fiesta Club. Pr\u00e9f\u00e9rant conserver l\u2019anonymat vu \u00ab\u00a0l\u2019ambiance\u00a0\u00bb, l\u2019un de ces responsables t\u00e9moigne : \u00ab\u00a0<em>Pendant que Dieudonn\u00e9 jouait sa premi\u00e8re repr\u00e9sentation, j\u2019ai \u00e9t\u00e9 appel\u00e9 dans le bureau d\u2019Olivier Da Silva. En refermant la porte, j\u2019ai vu qu\u2019il \u00e9tait \u2018vert\u00a0\u2019 ! Entour\u00e9 de policiers, une terreur se lisait dans ses yeux. Un pandore m\u2019interpelle <\/em>: \u00ab\u00a0Vous devez arr\u00eatez le spectacle ! Il y a des risques de troubles \u00e0 l\u2019ordre public !\u00a0\u00bb.<\/p>\n<p style=\"text-align: center;\"><a href=\"http:\/\/www.egalite.be\/wp-content\/uploads\/2012\/05\/DD-imp%C3%A9rial.jpg\"><img decoding=\"async\" class=\"aligncenter  wp-image-2902\" title=\"DD imp\u00e9rial\" alt=\"\" src=\"http:\/\/www.egalite.be\/wp-content\/uploads\/2012\/05\/DD-imp%C3%A9rial.jpg\" width=\"372\" height=\"258\" \/><\/a><\/p>\n<p>&nbsp;<\/p>\n<p style=\"text-align: justify;\">\u00ab\u00a0<em>Je lui r\u00e9pond que c\u2019est faux, qu\u2019il n\u2019 y a aucun trouble. Je le renvoie \u00e0 la jurisprudence du Conseil d\u2019Etat belge qui a cass\u00e9 chaque interdiction de spectacle de Dieudonn\u00e9. Je lui fait\u00a0 aussi remarquer que c\u2019est eux, et personne d\u2019autre, qui vont amener des troubles ! L\u00e0, Da Silva m\u2019interrompt<\/em> : \u00ab\u00a0Je suis oblig\u00e9 d\u2019arr\u00eater la seconde repr\u00e9sentation. J\u2019ai des pressions directes du Bourgmestre et celui-ci m\u2019a m\u00eame dit que \u00e7a venait de plus haut\u00a0\u00bb \u2026 <em>Il me raconte ensuite que cela fait neuf ans qu\u2019il est en tr\u00e8s bon termes avec la Ville, qu\u2019il a n\u00e9goci\u00e9 un projet immobilier de six \u00e9tages comprenant notamment une brasserie. Durant\u00a0 l\u2019\u00e9change, je comprends que se trouve, parmi les policiers, un fonctionnaire de l\u2019Urbanisme de la Ville de Bruxelles. Rien n\u2019a \u00e9t\u00e9 laiss\u00e9 au hasard pour mettre la pression maximale sur Da Silva <\/em>\u00bb.<\/p>\n<p style=\"text-align: justify;\">A tel point que le pauvre manager tentera ensuite quelques arrangements avec la v\u00e9rit\u00e9. Au quotidien <em>La Capitale<\/em>, il d\u00e9clare : \u00ab\u00a0<em>J\u2019ai \u00e9t\u00e9 flou\u00e9, je ne savais pas qu\u2019il s\u2019agissait de Dieudonn\u00e9. J\u2019ai re\u00e7u un coup de fil mercredi <\/em>(9 mai, ndlr)<em> dans la journ\u00e9e. On m\u2019a dit qu\u2019on souhaitait r\u00e9server ma salle pour un humoriste, en me donnant le nom de Plume Productions, sans me donner le nom de l\u2019artiste. J\u2019ai pens\u00e9 que ce devait un \u00eatre jeune humoriste ou une soci\u00e9t\u00e9, pour que mon interlocuteur s\u2019y prenne aussi tard. J\u2019ai donc dit OK. Ce n\u2019est que le soir que j\u2019ai compris. J\u2019ai d\u00e9barqu\u00e9 en catastrophe\u00a0<\/em>\u00bb (8).<\/p>\n<p style=\"text-align: justify;\"><strong>\u00a0<\/strong><\/p>\n<p style=\"text-align: justify;\">\u00ab\u00a0<em>Il savait parfaitement qu\u2019il s\u2019agissait du spectacle de Dieudonn\u00e9\u00a0<\/em>\u00bb, r\u00e9plique un autre employ\u00e9 de Plume productions<em>. <\/em>\u00ab\u00a0<em>Nous en avons discut\u00e9 au t\u00e9l\u00e9phone le lundi 7 mai et, ce jour-l\u00e0, vers une heure du matin, il m\u2019a transmis un mail pour les conditions de location\u00a0<\/em>\u00bb. Courriel que nous nous sommes procur\u00e9. Celui-ci est effectivement envoy\u00e9 et sign\u00e9 par Olivier Da Silva. Objet : une location du Club en date du 8 mai, de 14h \u00e0 minuit pour un montant de 5000 \u20ac. Le manager propose \u00e0 son destinataire \u00ab\u00a0<em>de nous rencontrer \u00e0 14h sur place pour le paiement de la salle<\/em>\u00a0\u00bb. Les protagonistes se verront finalement dans l\u2019apr\u00e8s-midi du 9 mai. Mais la date d\u2019envoi comme le contenu de ce courriel d\u00e9montrent que Da Silva ment lorsqu\u2019il affirme qu\u2019il \u00ab\u00a0<em>ignorait<\/em>\u00a0\u00bb qu\u2019il s\u2019agissait de Dieudonn\u00e9.<\/p>\n<p style=\"text-align: justify;\">Au sujet du pro\u00e7\u00e8s-verbal pour \u00ab\u00a0<em>propos x\u00e9nophobes<\/em>\u00a0\u00bb, le responsable fran\u00e7ais se montre formel : \u00ab\u00a0<em>Cette raison n\u2019a jamais \u00e9t\u00e9 invoqu\u00e9e durant la soir\u00e9e. A aucun moment, je n\u2019ai entendu Da Silva ou les policiers reprocher \u00e0 Dieudonn\u00e9 d\u2019avoir tenu des propos x\u00e9nophobes ou d\u2019avoir inciter \u00e0 la haine raciale. Ils r\u00e9p\u00e9taient sans arr\u00eat que nous n\u2019avions pas d\u2019autorisation et qu\u2019il fallait tout arr\u00eater<\/em>\u00a0\u00bb.<\/p>\n<p style=\"text-align: justify;\">Avec Camus, \u00ab <em>il faut convenir qu\u2019il est des obstacles d\u00e9courageants : la constance dans la sottise, la veulerie organis\u00e9e, l\u2019inintelligence agressive, et nous en passons. L\u00e0 est le grand obstacle dont il faut triompher. L\u2019obstination est ici vertu cardinale. Par un paradoxe curieux mais \u00e9vident, elle se met alors au service de l\u2019objectivit\u00e9 et de la tol\u00e9rance.<\/em> \u00bb<\/p>\n<p>&nbsp;<\/p>\n<h3 align=\"center\"><strong>Contre-attaque <\/strong><\/h3>\n<p>&nbsp;<\/p>\n<p style=\"text-align: justify;\">Obstin\u00e9, Dieudonn\u00e9 ne compte pas en rester l\u00e0. Une contre-attaque judiciaire s\u2019organise. Ses avocats belges, Ma\u00eetres <strong>S\u00e9bastien Courtoy<\/strong> et <strong>Henri Laquay,<\/strong> ont tenu une conf\u00e9rence de presse \u00e0 Paris, aux c\u00f4t\u00e9s de l\u2019humoriste, dans son Th\u00e9\u00e2tre de la Main d\u2019Or. Une seconde\u00a0 conf\u00e9rence est annonc\u00e9e \u00e0 Bruxelles\u2026<\/p>\n<p style=\"text-align: justify;\">\u00ab\u00a0<em>Depuis plusieurs ann\u00e9es, on lui a mis des b\u00e2tons dans les roues<\/em> \u00bb, estime Me Courtois. \u00ab\u00a0<em>Comme c\u2019est un type d\u00e9brouillard, intelligent et qu\u2019il reste encore des gens courageux, il finissait toujours par trouver une salle. Depuis le 9 mai, nous sommes entr\u00e9 dans une phase sup\u00e9rieure : l\u2019envoi de la police pour chasser Dieudonn\u00e9 \u00e0 coups de gourdins. Et apr\u00e8s ? Plus rien ! J\u2019ai \u00e9cris un recommand\u00e9 au Bourgmestre de la Ville de Bruxelles, <strong>Freddy Thielemans<\/strong>, et au Ministre de l\u2019Int\u00e9rieur, <strong>Jo\u00eblle Milquet<\/strong>, pour conna\u00eetre le fondement sur lequel les Autorit\u00e9s s\u2019\u00e9taient bas\u00e9es pour poser un acte aussi grave que d\u2019arr\u00eater le spectacle d\u2019un humoriste ? Aucune r\u00e9ponse \u00e0 ce jour\u00a0<\/em>\u00bb<em>. <\/em><\/p>\n<p style=\"text-align: justify;\">Pour autant, un dossier p\u00e9nal contre Dieudonn\u00e9 est ouvert au Parquet de Bruxelles<em>. <\/em>\u00ab\u00a0<em>Celui-ci concerne non seulement la soir\u00e9e du 9 mai\u00a0<\/em>\u00bb, poursuit Me Courtoy, \u00ab <em>mais ils comptent \u00e9galement le poursuivre pour un spectacle ant\u00e9rieur tenu \u00e0 Bruxelles. Un P-V, dress\u00e9 en 2009, a \u00e9t\u00e9 ajout\u00e9 au dossier. En r\u00e9sum\u00e9, il s\u2019agit d\u2019une attaque du parquet pour antis\u00e9mitisme. Action sur laquelle vient se greffer le Centre pour l\u2019Egalit\u00e9 des Chances qui attaque aussi pour incitation \u00e0 l\u2019homophobie\u00a0<\/em>\u00bb.<\/p>\n<p style=\"text-align: justify;\">Directeur-adjoint du Centre pour l\u2019Egalit\u00e9 des chances, <strong>Edouard Delruelle<\/strong> ne manque pas une occasion m\u00e9diatique de diaboliser Dieudonn\u00e9. Suite au spectacle d\u2019Herstal, l\u2019inquisiteur a encore pouss\u00e9 le curseur. Sur les ondes de la RTBF ou sur le plateau de <em>Controverses<\/em> (RTL-TVI), le \u00ab\u00a0philosophe\u00a0\u00bb balance : \u00ab <em>Il n\u2019est pas seulement antis\u00e9mite, il est aussi homophobe. Son spectacle est aussi un spectacle homophobe\u00a0<\/em>\u00bb. Et de promettre que le Centre \u00ab\u00a0<em>va vraiment essayer de le coincer et de faire un proc\u00e8s<\/em>\u00a0\u00bb (9). Pour sa part, S\u00e9bastien Courtoy se dit surpris : \u00ab\u00a0<em>Je m\u2019\u00e9tonne que ce Monsieur, \u00e0 la t\u00eate d\u2019un organe cens\u00e9 lutter contre les incitations \u00e0 la haine, jette en p\u00e2ture une personne dans les m\u00e9dias avant m\u00eame qu\u2019un seul juge, en Belgique, ait statu\u00e9 sur le bien-fond\u00e9 des accusations que ce Monsieur estime pouvoir formuler. J\u2019ai l\u2019impression que celui qui est dans l\u2019incitation \u00e0 la haine, c\u2019est le directeur-adjoint du Centre et non Dieudonn\u00e9<\/em>\u00a0\u00bb \u2026<\/p>\n<p style=\"text-align: center;\"><a href=\"http:\/\/www.egalite.be\/wp-content\/uploads\/2012\/05\/Chanson-Crif-Licra.jpg\"><img decoding=\"async\" class=\"aligncenter  wp-image-2903\" title=\"Chanson Crif- Licra\" alt=\"\" src=\"http:\/\/www.egalite.be\/wp-content\/uploads\/2012\/05\/Chanson-Crif-Licra.jpg\" width=\"340\" height=\"212\" \/><\/a><\/p>\n<p>&nbsp;<\/p>\n<p style=\"text-align: justify;\">Delruelle a-t-il assist\u00e9 \u00e0 la repr\u00e9sentation li\u00e9geoise de \u00ab\u00a0<em>Rendez-nous J\u00e9sus<\/em>\u00a0\u00bb ? On peut en douter. A chacune de ses saillies m\u00e9diatiques, il \u00ab\u00a0oublie\u00a0\u00bb cet extrait du spectacle : \u00ab<em>Je tiens quand m\u00eame \u00e0 pr\u00e9ciser que je ne voudrais pas, par ces quelques plaisanteries, me mettre la communaut\u00e9 homosexuelle \u00e0 dos. M\u00eame si ce n\u2019est pas le gros de ma client\u00e8le. Non, s\u2019il y a des homos dans la salle, bien s\u00fbr, vous \u00eates les bienvenus ! Ai-je besoin de le dire ? Y a-t-il d\u2019ailleurs des homosexuels dans la salle ? Levez la main pour voir. Non, mais c\u2019est vrai que se moquer de la Gay pride, c\u2019est devenu blasph\u00e9matoire. Au m\u00eame titre que la Shoah. Ce sont les deux sujets interdits. Moi, j\u2019ai un copain, un humoriste homo, il m\u2019a dit<\/em> : \u2018Surtout ne fait aucun sketch sur la Gay pride sinon t\u2019es mort !\u2019. <em>Je lui ai dit<\/em> : \u2018Bon, ben, je vais le faire\u2019\u00a0\u00bb \u2026<\/p>\n<p style=\"text-align: justify;\">D\u2019autres feignent aussi d\u2019oublier qu\u2019il est assez rentable d\u2019incriminer l\u2019humoriste antisioniste lorsqu\u2019on souhaite plaire au lobby pro-isra\u00e9lien ou \u00e9viter d\u2019\u00eatre dans sa ligne de mire. Il y a cinq mois, deux de ces ardents lobbyistes, les politiciens <strong>Viviane Teitelbaum<\/strong> (MR) et <strong>Alain Destexhe<\/strong> (MR), ont exig\u00e9 \u00e0 grands cris la d\u00e9mission de Delruelle (10). Ce dernier chercherait-il aujourd\u2019hui \u00e0 prot\u00e9ger son poste en tra\u00eenant Dieudonn\u00e9 en justice ?<\/p>\n<p style=\"text-align: justify;\">A cela, s\u2019ajoute une curieuse co\u00efncidence. \u00ab\u00a0<em>Sur les 127 substituts du procureur que compte le parquet de Bruxelles, il se fait que <strong>Julie Feld<\/strong> s\u2019est vue confier le dossier<\/em>\u00a0\u00bb, nous apprend S\u00e9bastien Courtoy. Ancienne avocate du Centre pour l\u2019Egalit\u00e9 des Chances, Julie Feld a r\u00e9cemment quitt\u00e9 le barreau pour travailler au parquet. \u00ab\u00a0<em>Nous sommes dans une affaire o\u00f9 l\u2019Etat doit apporter un arbitrage sur la question de savoir si quelqu\u2019un attaque la communaut\u00e9 juive<\/em>\u00a0\u00bb, poursuit l\u2019avou\u00e9.<\/p>\n<p style=\"text-align: justify;\">\u00ab\u00a0<em>D\u00e8s lors, je m\u2019\u00e9tonne que la personne cens\u00e9e repr\u00e9sent\u00e9e l\u2019Etat dans cette affaire soit issue de la communaut\u00e9 juive. Cela ne donne pas une apparence d\u2019ind\u00e9pendance de la part du minist\u00e8re public. Je vous le dis comme je le pense : \u00e7a ne va pas ! Dans ces conditions, j\u2019aurais pr\u00e9f\u00e9r\u00e9 qu\u2019on d\u00e9signe un substitut d\u2019origine camerounaise. Encore faudrait-il qu\u2019il y en ait un ? Sommes-nous arriv\u00e9 \u00e0 ce degr\u00e9 d\u2019acception de l\u2019immigration africaine dans notre pays ? Au Tribunal, je vois des pr\u00e9venus d\u2019origine africaine, des avocats d\u2019origine africaine, mais je n\u2019ai jamais vu un membre du minist\u00e8re<\/em><em> public qui soit Africain \u2026 En l\u2019occurrence, le substitut du procureur ne\u00a0devrait \u00eatre issu ni de l\u2019une ni de l\u2019autre des communaut\u00e9s concern\u00e9es. M\u00eame tactiquement, pour le parquet, c\u2019est une erreur ! <\/em>\u00bb.<\/p>\n<p style=\"text-align: center;\"><a href=\"http:\/\/www.egalite.be\/wp-content\/uploads\/2012\/05\/DD-et-ses-2-tourn%C3%A9es-....jpg\"><img decoding=\"async\" class=\"aligncenter  wp-image-2904\" title=\"DD et ses 2 tourn\u00e9es ...\" alt=\"\" src=\"http:\/\/www.egalite.be\/wp-content\/uploads\/2012\/05\/DD-et-ses-2-tourn%C3%A9es-....jpg\" width=\"532\" height=\"332\" \/><\/a><\/p>\n<p>&nbsp;<\/p>\n<p style=\"text-align: justify;\">A ce stade, il n\u2019est pas certain que les poursuites d\u00e9bouchent sur un proc\u00e8s. \u00c9ventualit\u00e9 que refusent fermement Ma\u00eetres Courtoy et Laquay : \u00ab\u00a0<em>Si le parquet abandonne en cours de route, nous nous constituerons parties civiles et nous ferons un proc\u00e8s\u00a0contre la Ville de Bruxelles et les policiers qui se sont rendus coupables de ce fait gravissime<\/em> \u00bb.<\/p>\n<p style=\"text-align: justify;\">Les chances de l\u2019humoriste de l\u2019emporter devant un tribunal ? Nulles en premi\u00e8re instance, selon S\u00e9bastien Courtoy : \u00ab <em>Il va compara\u00eetre devant la 61\u00e8me chambre du Tribunal correctionnel o\u00f9 il est condamn\u00e9 d\u2019avance ! Nous y allons dans le respect de la magistrature, m\u00eame si on ne croit pas en l\u2019issue favorable. Ensuite, nous irons devant la Cour d\u2019appel\u00a0<\/em>\u00bb.<\/p>\n<p style=\"text-align: justify;\">Face au risque d\u2019une longue proc\u00e9dure qui, de fait, interdirait \u00e0 Dieudonn\u00e9 de se produire en Belgique pendant plusieurs ann\u00e9es, l\u2019avocat affiche une d\u00e9termination remarquable : \u00ab\u00a0<em>A partir du moment o\u00f9 l\u2019on envoie 200 policiers avec autopompe pour arr\u00eater un spectacle, cela signifie que, dans le chef des Autorit\u00e9s, ce qu\u2019a fait Dieudonn\u00e9 est d\u2019une gravit\u00e9 absolue. Cette enqu\u00eate, soyons s\u00e9rieux, ne n\u00e9cessite pas d\u2019analyses g\u00e9n\u00e9tiques ni de commissions rogatoires \u00e0 Singapour ! Il s\u2019agit d\u2019un dossier o\u00f9, en un mois, le parquet peut arr\u00eater une argumentation et rassembler des preuves. Avec autant de policiers sur place, cela n\u2019a pas d\u00fb \u00eatre trop difficile d\u2019en r\u00e9unir \u2026 Nous estimons que ce proc\u00e8s doit avoir lieu de mani\u00e8re imminente ! Chaque semaine qui s\u2019\u00e9coulera, sans que le proc\u00e8s ne d\u00e9bute, sera une semaine suppl\u00e9mentaire o\u00f9 le parquet comme la Ville de Bruxelles seront en aveux d\u2019avoir commis un acte ill\u00e9gal<\/em>\u00a0\u00bb.<\/p>\n<p><strong>Olivier Mukuna<\/strong><\/p>\n<p>Notes :<\/p>\n<p style=\"text-align: left;\">(1)\u00a0\u00a0 Lire ici l\u2019enti\u00e8ret\u00e9 du manifeste de Camus ainsi que la fa\u00e7on dont il a \u00e9t\u00e9 exhum\u00e9 : <a href=\"http:\/\/jbonillasaus.blogspot.com\/2012\/03\/un-manifeste-inedit-d-albert-camus-sur.html\">http:\/\/jbonillasaus.blogspot.com\/2012\/03\/un-manifeste-inedit-d-albert-camus-sur.html<\/a><\/p>\n<p style=\"text-align: left;\">(2)\u00a0\u00a0 A cet \u00e9gard, le t\u00e9moignage d\u2019un responsable de la soci\u00e9t\u00e9 de production de Dieudonn\u00e9 : \u00ab\u00a0<em>Une semaine avant le 8 mai, le propri\u00e9taire du <\/em>Roosdaal Palace<em> m\u2019appelle. Il me dit qu\u2019il fait l\u2019objet de pressions de la police f\u00e9d\u00e9rale et de la Bourgmestre de Roosdaal, <strong>Christine Hemerijkx<\/strong><\/em>. <em>Les policiers lui ont affirm\u00e9 qu\u2019il y avait des menaces d\u2019attentats, que sa salle allait br\u00fbler et que ce serait le fait du public de Dieudonn\u00e9. Je lui r\u00e9pond que c\u2019est faux. Et lui demande s\u2019il dispose d\u2019un document officiel ? Il me dit \u2018<\/em>non\u2019<em>. Je l\u2019invite \u00e0 ce qu\u2019il le demande aux Autorit\u00e9s. Rassur\u00e9, souhaitant maintenir notre contrat, il promet de me rappeler. Le lendemain, il me dit que la police a refus\u00e9 de lui envoyer tout document et qu\u2019elle a ajout\u00e9 : \u2018 <\/em>Si votre salle br\u00fble, on ne pourra pas vous prot\u00e9ger\u00a0! \u2018<em>. Suite \u00e0 cela, il s\u2019est finalement d\u00e9sist\u00e9\u00a0<\/em>\u00bb \u2026 S\u2019ajoute \u00e0 cela un courriel de la Fnac envoy\u00e9 aux d\u00e9tenteurs d\u2019un billet achet\u00e9 en pr\u00e9-ventes : \u00a0<a href=\"http:\/\/chrisactu.com\/dieudonne-lettre-de-la-fnac\">http:\/\/chrisactu.com\/dieudonne-lettre-de-la-fnac<\/a><\/p>\n<p style=\"text-align: left;\">(3)\u00a0\u00a0 Sur l\u2019avant-derni\u00e8re censure politique bruxelloise et son contournement citoyen : <a href=\"https:\/\/www.facebook.com\/note.php?note_id=117567471610786\">https:\/\/www.facebook.com\/note.php?note_id=117567471610786<\/a><\/p>\n<p style=\"text-align: left;\">(4)\u00a0\u00a0 Les images du processus de censure polici\u00e8re sont notamment visible ici : <a href=\"http:\/\/www.youtube.com\/watch?v=09Egq2hF84U&amp;feature=related\">http:\/\/www.youtube.com\/watch?v=09Egq2hF84U&amp;feature=related<\/a>. Et l\u00e0, les r\u00e9actions du public expuls\u00e9 du Fiesta Club (3 min 00\u2032) ainsi que les fourgons et autopompe anti-\u00e9meutes en\u00a0 fin de vid\u00e9o (12 min 15\u2032)\u00a0 :\u00a0 <a href=\"http:\/\/www.youtube.com\/watch?v=G4iKr4E-n0s&amp;feature=related\">http:\/\/www.youtube.com\/watch?v=G4iKr4E-n0s&amp;feature=related<\/a><\/p>\n<p style=\"text-align: left;\">(5)\u00a0\u00a0 <a href=\"http:\/\/www.rtl.be\/info\/magazine\/cinema\/870788\/la-justice-n-interdit-pas-le-film-de-dieudonne-l-antisemite-\">http:\/\/www.rtl.be\/info\/magazine\/cinema\/870788\/la-justice-n-interdit-pas-le-film-de-dieudonne-l-antisemite-<\/a><\/p>\n<p style=\"text-align: left;\">(6)\u00a0\u00a0 En 2004 : <a href=\"http:\/\/archives.lesoir.be\/humour-interdit-d-olympia-dieudonne-se-produira-a-quatr_t-20040227-Z0P3FC.html\">http:\/\/archives.lesoir.be\/humour-interdit-d-olympia-dieudonne-se-produira-a-quatr_t-20040227-Z0P3FC.html<\/a> et en 2009 : <a href=\"http:\/\/www.rtl.be\/info\/votreregion\/bruxelles\/228794\/saint-josse-ne-peut-pas-interdire-dieudonne\">http:\/\/www.rtl.be\/info\/votreregion\/bruxelles\/228794\/saint-josse-ne-peut-pas-interdire-dieudonne<\/a><\/p>\n<p style=\"text-align: left;\">(7)\u00a0\u00a0 <a href=\"http:\/\/archives.lesoir.be\/dieudonne-la-facture-envoyee-aux-exploitants-de-la-sall_t-20090326-00MC5K.html\">http:\/\/archives.lesoir.be\/dieudonne-la-facture-envoyee-aux-exploitants-de-la-sall_t-20090326-00MC5K.html<\/a><\/p>\n<p style=\"text-align: left;\">(8)\u00a0\u00a0 <a href=\"http:\/\/www.lacapitale.be\/412267\/article\/regions\/bruxelles\/2012-05-10\/un-spectacle-de-dieudonne-interrompu-par-la-police-a-bruxelles-video\">http:\/\/www.lacapitale.be\/412267\/article\/regions\/bruxelles\/2012-05-10\/un-spectacle-de-dieudonne-interrompu-par-la-police-a-bruxelles-video<\/a><\/p>\n<p style=\"text-align: left;\">(9)\u00a0\u00a0 <a href=\"http:\/\/www.rtl.be\/videos\/video\/395213.aspx\">http:\/\/www.rtl.be\/videos\/video\/395213.aspx<\/a> (\u00e0 partir de 15 min 46\u2032).<\/p>\n<p style=\"text-align: left;\">(10)\u00a0\u00a0\u00a0\u00a0\u00a0\u00a0\u00a0\u00a0\u00a0\u00a0\u00a0\u00a0\u00a0\u00a0\u00a0\u00a0\u00a0\u00a0\u00a0\u00a0\u00a0 <a href=\"http:\/\/www.rtbf.be\/info\/societe\/detail_delruelle-refute-l-accusation-d-antisemitisme?id=7241753\">http:\/\/www.rtbf.be\/info\/societe\/detail_delruelle-refute-l-accusation-d-antisemitisme?id=7241753<\/a><\/p>\n<\/div>\n","protected":false},"excerpt":{"rendered":"<p>&nbsp; Une premi\u00e8re europ\u00e9enne : la police bruxelloise a emp\u00each\u00e9 manu militari le spectacle de l\u2019humoriste Dieudonn\u00e9 ! Malgr\u00e9 l\u2019absence de violences ou\u00a0\u00a0 \u00ab\u00a0d\u2019incitations \u00e0 la haine\u00a0\u00bb, des moyens r\u00e9pressifs disproportionn\u00e9s ont \u00e9t\u00e9 d\u00e9ploy\u00e9s : dix fourgons, une autopompe anti-\u00e9meutes, plus d\u2019une centaine de policiers ! A la cl\u00e9 : menaces de tabassage et d\u2019arrestation &#8230; <a title=\"Quand Bruxelles censure Dieudonn\u00e9\" class=\"read-more\" href=\"https:\/\/bruxelles-pantheres.be\/?p=1107\" aria-label=\"En savoir plus sur Quand Bruxelles censure Dieudonn\u00e9\">Lire la suite<\/a><\/p>\n","protected":false},"author":1,"featured_media":593,"comment_status":"open","ping_status":"open","sticky":false,"template":"","format":"standard","meta":{"footnotes":""},"categories":[18,28],"tags":[31,14,32,23,62],"class_list":["post-1107","post","type-post","status-publish","format-standard","has-post-thumbnail","hentry","category-resistance-bruxelles","category-racismes","tag-belgique","tag-bruxelles","tag-culture","tag-discrimination","tag-olivier-mukuna"],"_links":{"self":[{"href":"https:\/\/bruxelles-pantheres.be\/index.php?rest_route=\/wp\/v2\/posts\/1107","targetHints":{"allow":["GET"]}}],"collection":[{"href":"https:\/\/bruxelles-pantheres.be\/index.php?rest_route=\/wp\/v2\/posts"}],"about":[{"href":"https:\/\/bruxelles-pantheres.be\/index.php?rest_route=\/wp\/v2\/types\/post"}],"author":[{"embeddable":true,"href":"https:\/\/bruxelles-pantheres.be\/index.php?rest_route=\/wp\/v2\/users\/1"}],"replies":[{"embeddable":true,"href":"https:\/\/bruxelles-pantheres.be\/index.php?rest_route=%2Fwp%2Fv2%2Fcomments&post=1107"}],"version-history":[{"count":1,"href":"https:\/\/bruxelles-pantheres.be\/index.php?rest_route=\/wp\/v2\/posts\/1107\/revisions"}],"predecessor-version":[{"id":1108,"href":"https:\/\/bruxelles-pantheres.be\/index.php?rest_route=\/wp\/v2\/posts\/1107\/revisions\/1108"}],"wp:featuredmedia":[{"embeddable":true,"href":"https:\/\/bruxelles-pantheres.be\/index.php?rest_route=\/wp\/v2\/media\/593"}],"wp:attachment":[{"href":"https:\/\/bruxelles-pantheres.be\/index.php?rest_route=%2Fwp%2Fv2%2Fmedia&parent=1107"}],"wp:term":[{"taxonomy":"category","embeddable":true,"href":"https:\/\/bruxelles-pantheres.be\/index.php?rest_route=%2Fwp%2Fv2%2Fcategories&post=1107"},{"taxonomy":"post_tag","embeddable":true,"href":"https:\/\/bruxelles-pantheres.be\/index.php?rest_route=%2Fwp%2Fv2%2Ftags&post=1107"}],"curies":[{"name":"wp","href":"https:\/\/api.w.org\/{rel}","templated":true}]}}