{"id":1111,"date":"2012-05-25T02:00:10","date_gmt":"2012-05-25T01:00:10","guid":{"rendered":"https:\/\/bruxelles-pantheres.be\/?p=1111"},"modified":"2013-11-12T02:01:58","modified_gmt":"2013-11-12T01:01:58","slug":"non-a-la-chasse-aux-sorcieres-de-lulb","status":"publish","type":"post","link":"https:\/\/bruxelles-pantheres.be\/?p=1111","title":{"rendered":"NON \u00e0 la CHASSE aux SORCIERES de l\u2019U(l)B!"},"content":{"rendered":"<header><img decoding=\"async\" alt=\"8970ce5d34b0b7d4a3c81ce7c9b016d1\" src=\"http:\/\/www.egalite.be\/wp-content\/uploads\/2012\/05\/8970ce5d34b0b7d4a3c81ce7c9b016d1.jpg\" width=\"624\" height=\"268\" \/><\/header>\n<p align=\"center\"><strong>NON \u00e0 la CHASSE aux SORCIERES de l\u2019U(l)B! <\/strong><\/p>\n<p><strong>Souhail Chicha doit \u00eatre r\u00e9tabli dans tous ses droits universitaires ! <\/strong><\/p>\n<p>Ce mardi 29 mai 2012, Souhail Chichah risque fort probablement d\u2019\u00eatre exclu de l\u2019universit\u00e9 \u00ab libre \u00bb de Bruxelles. Les pr\u00e9textes \u00e9voqu\u00e9s sont caricaturaux, d\u2019autant plus le chercheur et assistant Souhail Chichah a montr\u00e9 de comp\u00e9tences dans son travail. Le vrai motif de l\u2019exclusion indigne qui le frappe s se trouve dans le fait que Souhail Chichah ne fait pas myst\u00e8re des ses positions antisionistes, qu\u2019il articule un discours critique et d\u00e9complex\u00e9, tout en \u00e9tant issu de l\u2019immigration.<!--more--><\/p>\n<p>Les menaces, et<em> y compris des menaces de mort<\/em>, intimidations, diffamations<em>, assorties de propos racistes et<\/em> le contr\u00f4le id\u00e9ologique, ne sont pas sans rappeler l\u2019\u00e9poque de censure et de terreur du maccarthysme aux Etats-Unis, p\u00e9riode durant laquelle les intellectuels critiques \u00e9taient licenci\u00e9s et musel\u00e9s.<\/p>\n<p>Ce qui est en jeu ici est, en effet, le droit de mettre en d\u00e9bat dans l\u2019espace public, en l\u2019occurrence dans ce lieu symbolique qu\u2019est l\u2019Universit\u00e9, des travaux et des opinions qui m\u00e9ritent d\u2019\u00eatre entendues et qui ne sont en aucun cas r\u00e9pr\u00e9hensibles d\u2019un point de vue l\u00e9gal.<\/p>\n<p>Rappelons ici avec force notre rejet de toutes les discriminations raciales. Qu\u2019elles soient le fait d\u2019antis\u00e9mites ou de sionistes. Rendons \u00e9galement hommage \u00e0 l\u2019une des figures mythiques de l\u2019ULB, le tr\u00e8s regrett\u00e9 Marcel Liebman, en citant un extrait de son t\u00e9moignage autobiographique de la condition juive sous l\u2019occupation allemande : <em>\u00ab Une solution des probl\u00e8mes du Moyen-Orient n\u2019est concevable que si Isra\u00ebl, (\u2026), prend graduellement les mesures propres \u00e0 diminuer toutes les conditions discriminatoires entre Arabes et Juifs qu\u2019il a \u00e9tablies en vertu de sa nature sioniste. Une telle perspective impliquerait certes un abandon des postulats fondamentaux du sionisme. Mais si la survie de millions d\u2019Isra\u00e9liens, comme individus et comme collectivit\u00e9, \u00e9tait \u00e0 ce prix, qui donc prendrait la responsabilit\u00e9 de la rejeter, et m\u00eame, comme cela est si souvent le cas, d\u2019en refuser l\u2019examen? \u00bb<a title=\"\" href=\"http:\/\/www.egalite.be\/?paged=55#_edn1\"><strong>[i]<\/strong><\/a><\/em><\/p>\n<p>Cette atteinte aux libert\u00e9s survient dans un climat g\u00e9n\u00e9ral marqu\u00e9 par la crise \u00e9conomique, l\u2019aust\u00e9rit\u00e9, et la mont\u00e9e inqui\u00e9tante de l\u2019islamophobie \u00e0 travers toute l\u2019Europe.<\/p>\n<p>Rester passif face \u00e0 ces tentatives de criminaliser et diaboliser Souhail Chichah, c\u2019est au final s\u2019attendre \u00e0 ce que ces attaques liberticides se r\u00e9p\u00e8tent plus facilement, et c\u2019est prendre d\u2019\u00e9normes risques pour la libert\u00e9 de tous.<\/p>\n<p>Cette chasse aux sorci\u00e8res tend d\u2019ailleurs \u00e0 d\u00e9border sur l\u2019Europe. Les attaques contre la libert\u00e9 d\u2019expression, d\u2019association, la marchandisation du savoir et des universit\u00e9s, les coups de boutoir frapp\u00e9s par l\u2019id\u00e9ologie n\u00e9olib\u00e9rale et par l\u2019institutionnalisation du racisme, tout cela se structure aujourd\u2019hui et s\u2019illustre par des \u00e9v\u00e8nements dont il faut prendre la mesure si on veut lutter de mani\u00e8re efficace.<\/p>\n<p>Ainsi, dans le m\u00eame temps, on apprend <strong>les \u00e9tudiants qu\u00e9b\u00e9cois manifestent<\/strong> contre une augmentation des frais de scolarit\u00e9 de 75 % sur cinq ans portant d\u2019ici \u00e0 2017 \u00e0 pr\u00e8s de 2900 euros le montant annuel de l\u2019inscription \u00e0 l\u2019universit\u00e9. Par rapport \u00e0 2006, l\u2019augmentation totale de l\u2019inscription serait de 127%<a title=\"\" href=\"http:\/\/www.egalite.be\/?paged=55#_edn2\">[ii]<\/a>. La logique est la m\u00eame dans presque toutes les universit\u00e9s des pays de l\u2019OCDE et ailleurs, l\u2019ULB y compris.<\/p>\n<p>En ce qui concerne la libert\u00e9 d\u2019association et de manifestation, et pour reprendre le cas canadien, on observe que le vendredi 18 mai, l\u2019Assembl\u00e9e au Canada a vot\u00e9 une loi \u00ab sp\u00e9ciale \u00bb. Ce texte encadre rigoureusement le droit \u00e0 manifester, obligeant les manifestants \u00e0 d\u00e9clarer leur parcours, et interdit les rassemblements aux abords des universit\u00e9s pour casser les \u00ab piquets de gr\u00e8ve \u00bb. Des amendes de 1000 \u00e0 5000 dollars sont pr\u00e9vues contre les manifestants et les organisateurs risquent entre 7 000 et 35 000 $ (25 000 \u00e0 125 000 $ pour les associations \u00e9tudiantes).<br \/>\nTout le monde a pu \u00e9galement \u00eatre saisi des entorses \u00e0 la libert\u00e9 de manifester et aux violences polici\u00e8res qui ont jalonn\u00e9 ces derniers mois l\u2019actualit\u00e9 belge.<\/p>\n<p>Il faut saisir ce que ces \u00e9l\u00e9ments disparates et divers ont de commun, et il faut comprendre pourquoi la mobilisation pour le cas de Souhail Chichah est une des cl\u00e9s de la lutte \u00e0 mener. Les censures, diabolisations, menaces, pressions, dont le chercheur en \u00e9conomie est le centre depuis qu\u2019il a, en septembre 2010, os\u00e9 affirmer que l\u2019\u00e9tat isra\u00e9lien est un \u00e9tat raciste, s\u00e9gr\u00e9gationniste et colonial, puis qu\u2019il a, avec d\u2019autres militants, exprim\u00e9 son m\u00e9contentement face \u00e0 la \u00e9ni\u00e8me venue sans contradiction d\u2019une essayiste raciste \u00e0 l\u2019ULB, tout cela fait prendre la mesure du danger qui p\u00e8se sur toutes les voix critiques, indig\u00e8nes et autres.<\/p>\n<p>Que celles et ceux, ulbistes ou pas, qui veulent signifier \u00ab\u00a0l\u2019exclusion et la r\u00e9pression, pas en mon nom!\u00a0\u00bb viennent nombreux ce mardi 29 mai 16h \u00e0 la salle des commissions du b\u00e2timent Blomme (R.4.110- Rectorat).<\/p>\n<p><strong>Et que nous puissions, ensemble, revendiquer :<\/strong><\/p>\n<p><strong>\u00b7 \u00a0\u00a0\u00a0\u00a0\u00a0\u00a0\u00a0\u00a0que le chercheur Souhail Chicha soit r\u00e9tabli dans tous ses titres,<br \/>\n\u00b7 \u00a0\u00a0\u00a0\u00a0\u00a0\u00a0\u00a0\u00a0que les lois d\u2019exception soient supprim\u00e9es,<br \/>\n\u00b7 \u00a0\u00a0\u00a0\u00a0\u00a0\u00a0\u00a0\u00a0que les \u00e9tudiants puissent militer librement partout et que l\u2019extr\u00eame droite soit mise hors d\u2019\u00e9tat de nuire au lieu d\u2019\u00eatre banalis\u00e9e et r\u00e9habilit\u00e9e.<\/strong><\/p>\n<p>Il n\u2019est pas trop tard !<\/p>\n<p>Merci de faire tourner cet appel \u00e0 solidarit\u00e9 et mobilisation.<\/p>\n<p>Nordine Sa\u00efdi<\/p>\n<div><br clear=\"all\" \/><\/p>\n<hr align=\"left\" size=\"1\" width=\"33%\" \/>\n<div>\n<p><a title=\"\" href=\"http:\/\/www.egalite.be\/?paged=55#_ednref1\">[i]<\/a> <a href=\"http:\/\/www.lesoir.be\/debats\/cartes_blanches\/2010-10-07\/est-il-antisemite-de-critiquer-l-etat-juif-797046.php\" target=\"_blank\">http:\/\/www.lesoir.be\/debats\/cartes_blanches\/2010-10-07\/est-il-antisemite-de-critiquer-l-etat-juif-797046.php<\/a><\/p>\n<\/div>\n<div>\n<p><a title=\"\" href=\"http:\/\/www.egalite.be\/?paged=55#_ednref2\">[ii]<\/a> http:\/\/www.bloquonslahausse.com\/tout-sur-la-hausse-des-frais\/la-hausse-des-frais-expliquee\/<\/p>\n<\/div>\n<\/div>\n","protected":false},"excerpt":{"rendered":"<p>NON \u00e0 la CHASSE aux SORCIERES de l\u2019U(l)B! Souhail Chicha doit \u00eatre r\u00e9tabli dans tous ses droits universitaires ! Ce mardi 29 mai 2012, Souhail Chichah risque fort probablement d\u2019\u00eatre exclu de l\u2019universit\u00e9 \u00ab libre \u00bb de Bruxelles. Les pr\u00e9textes \u00e9voqu\u00e9s sont caricaturaux, d\u2019autant plus le chercheur et assistant Souhail Chichah a montr\u00e9 de comp\u00e9tences &#8230; <a title=\"NON \u00e0 la CHASSE aux SORCIERES de l\u2019U(l)B!\" class=\"read-more\" href=\"https:\/\/bruxelles-pantheres.be\/?p=1111\" aria-label=\"En savoir plus sur NON \u00e0 la CHASSE aux SORCIERES de l\u2019U(l)B!\">Lire la suite<\/a><\/p>\n","protected":false},"author":1,"featured_media":37,"comment_status":"open","ping_status":"open","sticky":false,"template":"","format":"standard","meta":{"footnotes":""},"categories":[22,4,18,28],"tags":[14,23,13,15],"class_list":["post-1111","post","type-post","status-publish","format-standard","has-post-thumbnail","hentry","category-emploi","category-islamophobie","category-resistance-bruxelles","category-racismes","tag-bruxelles","tag-discrimination","tag-nordine-saidi","tag-resistance"],"_links":{"self":[{"href":"https:\/\/bruxelles-pantheres.be\/index.php?rest_route=\/wp\/v2\/posts\/1111","targetHints":{"allow":["GET"]}}],"collection":[{"href":"https:\/\/bruxelles-pantheres.be\/index.php?rest_route=\/wp\/v2\/posts"}],"about":[{"href":"https:\/\/bruxelles-pantheres.be\/index.php?rest_route=\/wp\/v2\/types\/post"}],"author":[{"embeddable":true,"href":"https:\/\/bruxelles-pantheres.be\/index.php?rest_route=\/wp\/v2\/users\/1"}],"replies":[{"embeddable":true,"href":"https:\/\/bruxelles-pantheres.be\/index.php?rest_route=%2Fwp%2Fv2%2Fcomments&post=1111"}],"version-history":[{"count":1,"href":"https:\/\/bruxelles-pantheres.be\/index.php?rest_route=\/wp\/v2\/posts\/1111\/revisions"}],"predecessor-version":[{"id":1112,"href":"https:\/\/bruxelles-pantheres.be\/index.php?rest_route=\/wp\/v2\/posts\/1111\/revisions\/1112"}],"wp:featuredmedia":[{"embeddable":true,"href":"https:\/\/bruxelles-pantheres.be\/index.php?rest_route=\/wp\/v2\/media\/37"}],"wp:attachment":[{"href":"https:\/\/bruxelles-pantheres.be\/index.php?rest_route=%2Fwp%2Fv2%2Fmedia&parent=1111"}],"wp:term":[{"taxonomy":"category","embeddable":true,"href":"https:\/\/bruxelles-pantheres.be\/index.php?rest_route=%2Fwp%2Fv2%2Fcategories&post=1111"},{"taxonomy":"post_tag","embeddable":true,"href":"https:\/\/bruxelles-pantheres.be\/index.php?rest_route=%2Fwp%2Fv2%2Ftags&post=1111"}],"curies":[{"name":"wp","href":"https:\/\/api.w.org\/{rel}","templated":true}]}}