{"id":1113,"date":"2012-05-24T02:02:29","date_gmt":"2012-05-24T01:02:29","guid":{"rendered":"https:\/\/bruxelles-pantheres.be\/?p=1113"},"modified":"2013-11-12T02:03:52","modified_gmt":"2013-11-12T01:03:52","slug":"les-belges-entre-guillemets-et-entre-parentheses","status":"publish","type":"post","link":"https:\/\/bruxelles-pantheres.be\/?p=1113","title":{"rendered":"Les \u00ab Belges \u00bb entre guillemets et\u2026 entre parenth\u00e8ses !"},"content":{"rendered":"<div>\n<div align=\"center\"><a href=\"http:\/\/www.egalite.be\/wp-content\/uploads\/2012\/05\/femme-voilee.jpg\"><img decoding=\"async\" title=\"femme-voilee\" alt=\"\" src=\"http:\/\/www.egalite.be\/wp-content\/uploads\/2012\/05\/femme-voilee.jpg\" width=\"246\" height=\"317\" \/><\/a><\/div>\n<div align=\"center\"><strong>Les \u00ab\u00a0Belges\u00a0\u00bb entre guillemets et\u2026 entre parenth\u00e8ses\u00a0!<\/strong><\/div>\n<div align=\"center\"><em>\u00a0<\/em><\/div>\n<div>Amnesty International, organisation non gouvernementale, vient de publier un rapport d\u00e9non\u00e7ant les discriminations subies par les musulmans dans cinq pays europ\u00e9ens dont la Belgique. Marco Perolini, expert anti-discriminations de l\u2019ONG constate que : <em>\u00ab Les femmes musulmanes se voient refuser des emplois et leurs filles sont emp\u00each\u00e9es de suivre les cours dans des \u00e9tablissements d\u2019enseignement, pour la seule raison qu\u2019elles portent des v\u00eatements traditionnels, comme le foulard \u00bb<\/em>.<!--more--><\/div>\n<div>Les r\u00e9sultats de ce rapport ont provoqu\u00e9 un\u00a0tsunami\u00a0de r\u00e9actions hostiles.\u00a0 En effet, on consid\u00e8re que refuser l\u2019acc\u00e8s \u00e0 l\u2019\u00e9cole ou au travail \u00e0 certaines citoyennes europ\u00e9ennes ne peut \u00eatre une discrimination puisqu\u2019elles portent le foulard. On consid\u00e8re que le port du foulard est contraire aux valeurs d\u00e9mocratiques. On consid\u00e8re qu\u2019il faut imposer aux femmes une tenue jug\u00e9e \u00ab\u00a0la\u00efque\u00a0\u00bb. Bref, par pr\u00e9caution, on impose aux femmes le code vestimentaire dominant, au nom de la la\u00efcit\u00e9 et du vivre ensemble.<\/div>\n<div>Aussi, merci \u00e0 Madame Geerts qui, sur son blog, estime que le rapport d\u2019Amnesty International <em>\u00ab\u00a0accuse le pompier d\u2019avoir rep\u00e9r\u00e9 le feu et d\u2019essayer de l\u2019\u00e9teindre\u2026\u00a0\u00bb <\/em>Est-ce que cette philosophe \u00e9clair\u00e9e croit vraiment qu\u2019il suffit d\u2019imposer aux femmes de se d\u00e9voiler pour \u00e9teindre \u00ab\u00a0<em>Le feu de l\u2019int\u00e9grisme religieux, \u00a0\u2026 Le feu du machisme, du sexisme,\u2026<\/em> <em>Le feu de l\u2019islam politique\u2026Le feu de l\u2019antis\u00e9mitisme, de l\u2019homophobie, du communautarisme, du fascisme religieux\u2026\u00bb<\/em>\u00a0?<em>\u00a0 <\/em>Madame, votre discours a la m\u00eame teneur mesquine, inquisitrice et tyrannique que celui que vous d\u00e9noncez. Les femmes ont-elles le droit de choisir librement leur tenue vestimentaire sans \u00eatre syst\u00e9matiquement diabolis\u00e9e\u00a0? Nous refusons les discours misogynes qu\u2019ils soient prof\u00e9r\u00e9s par des \u00ab\u00a0religieux\u00a0\u00bb ou des \u00ab\u00a0la\u00efcs\u00a0\u00a0\u00bb.<\/div>\n<div>Merci \u00e9galement \u00e0 Monsieur Delruelle, Directeur du Centre pour l\u2019\u00e9galit\u00e9 des chances qui, dans une interview accord\u00e9e au Journal Le Soir du 26 avril 2012, reconna\u00eet que les musulmans sont discrimin\u00e9s \u00ab\u00a0d\u2019une fa\u00e7on massive\u00a0\u00bb mais qui n\u00e9anmoins relativise quand il est question du foulard dont il\u00a0: \u00ab\u00a0<em>consid\u00e8re que l\u2019interdiction est l\u00e9gitime et proportionn\u00e9e \u00e0 l\u2019\u00e9cole, dans les services publics ou dans certains secteurs de l\u2019emploi \u2013 comme l\u2019information, la sant\u00e9 ou la culture. Qu\u2019il ne s\u2019agit donc pas de discrimination.\u00a0\u00bb <\/em>Monsieur, tant d\u2019abn\u00e9gation dans le cadre de votre fonction et autant de m\u00e9pris pour le principe de neutralit\u00e9 nous laisse quelque peu expectatives. Fait-il partie de vos attributions d\u2019exposer vos convictions personnelles en supplantant ce que les textes juridiques nationaux et europ\u00e9ens disent \u00e0 ce sujet\u00a0?\u00a0 \u00a0D\u2019ailleurs, en 2001, Madame De Proost, Directrice adjointe du Centre pour l\u2019\u00e9galit\u00e9 des chances, rappelait dans un entretien accord\u00e9 au journal le Soir\u00a0: \u00ab\u00a0Juridiquement, la question est tranch\u00e9e : la<strong><em> Convention Europ\u00e9enne des Droits de l\u2019Homme qui garantit la libert\u00e9 religieuse entra\u00eene l\u2019impossibilit\u00e9 de toute interdiction de principe du port du voile. .\u00bb\u00a0\u00a0 <\/em><\/strong>M. Delruelle si\u00e8gerait-il \u00e0 la Cour europ\u00e9enne des Droits de l\u2019Homme pour affirmer le contraire\u00a0?<\/div>\n<div>Le Collectif Toutes Egales au Travail et \u00e0 l\u2019Ecole<a title=\"\" rel=\"nofollow\" name=\"1377c02c7a065c05__ftnref1\"><\/a>[1] milite pour les droits de toutes \u00a0les femmes, m\u00eame de celles qui sont encercl\u00e9es de guillemets ou mises entre parenth\u00e8ses. Nous militons pour que les citoyennes \u00ab\u00a0visiblement\u00a0\u00bb musulmanes aient acc\u00e8s \u00e0 l\u2019enseignement et au travail tout comme autrefois, des femmes militaient pour obtenir le droit de vote qu\u2019on leur refusait sous pr\u00e9texte qu\u2019elles \u00e9taient sous influence cl\u00e9ricale.<\/div>\n<div>Dans nos engagements sociaux et professionnels, nous vivons les diff\u00e9rences comme des occasions d\u2019en apprendre davantage sur nous-m\u00eames et sur les autres. Nous sommes ouvertes au dialogue avec les hommes et les femmes de toute conviction.\u00a0 Le vivre ensemble bas\u00e9 sur la reconnaissance de l\u2019Autre et le respect mutuel n\u2019est pas une utopie mais un projet ambitieux et difficile parce qu\u2019il n\u00e9cessite dialogue et n\u00e9gociation.<\/div>\n<div>Attach\u00e9es \u00e0 la neutralit\u00e9 inclusive, \u00e0 l\u2019\u00e9galit\u00e9 homme-femme, aux luttes contre le machisme, le sexisme, et l\u2019int\u00e9grisme, nous refusons que ces principes soient sans cesse invoqu\u00e9s pour justifier les discriminations des citoyennes \u00ab\u00a0\u00a0visiblement\u00a0\u00bb musulmanes.<\/div>\n<div>Nos destins de femmes nous appartiennent et c\u2019est avec nos mots et nos choix que nous les \u00e9crivons. Accus\u00e9es d\u2019\u00eatre culturellement moul\u00e9es, on veut nous imposer un autre moule. Quel devoir de loyaut\u00e9, quel serment de fid\u00e9lit\u00e9 exige-t-on pour effacer nos guillemets et nos parenth\u00e8ses?<\/div>\n<div>Les mots libert\u00e9, \u00e9galit\u00e9, solidarit\u00e9, citoyennet\u00e9, diversit\u00e9, responsabilit\u00e9 et pluralit\u00e9 ne doivent pas appartenir \u00e0 une couleur de pens\u00e9e mais \u00e0 tous les citoyens arc-en-ciel de notre pays. Les citoyens et citoyennes de confession musulmane appartiennent \u00e9galement \u00e0 cette \u00e9charpe de v\u00e9nus et c\u2019est avec la diversit\u00e9 des citoyens qu\u2019il faudra dessiner notre azur.<\/div>\n<div>Notre Collectif <strong><em>soutient<\/em><\/strong><em> <\/em>qu\u2019Amnesty International a mis le doigt sur le <strong>r\u00e9el danger qui menace <\/strong>\u00a0nos soci\u00e9t\u00e9s\u00a0d\u00e9mocratiques : la restriction des libert\u00e9s fondamentales ne peut \u00eatre une r\u00e9ponse acceptable \u00a0\u00e0 la crise \u00e9conomique et identitaire que traverse l\u2019Europe.\u00a0 Pour surmonter cette crise, l\u2019Europe doit r\u00e9affirmer ses valeurs d\u00e9mocratiques et ne pas succomber aux d\u00e9rives des extr\u00eames droites europ\u00e9ennes en discriminant et en votant des lois liberticides.<\/div>\n<div>Comme les constats d\u2019Amnesty International sont particuli\u00e8rement <em>alarmants <\/em>pour la Belgique, nous demandons \u00e0 nos \u00e9lus politiques d\u2019accorder \u00e0 ce rapport l\u2019attention qu\u2019il m\u00e9rite.\u00a0 Ils doivent prendre les mesures effectives pour<em> <\/em>que l\u2019Egalit\u00e9 se vive au quotidien et ne se r\u00e9duise plus \u00e0 un v\u0153u pieux.<\/div>\n<div>Le Collectif Toutes Egales au Travail et \u00e0 l\u2019Ecole ainsi que d\u2019autres associations sont pr\u00eates \u00e0 apporter leur pierre \u00e0 l\u2019\u00e9difice d\u2019une soci\u00e9t\u00e9 plurielle o\u00f9 diversit\u00e9 rimera avec \u00e9galit\u00e9. Nous les invitons \u00e0\u00a0 r\u00e9fl\u00e9chir ensemble pour construire des ponts entre les citoyens de toutes convictions.\u00a0 Un mod\u00e8le de vie impos\u00e9 ne peut qu\u2019exploser\u2026<\/div>\n<div>La Belgique, pays connu pour ses compromis, rencontre aujourd\u2019hui le d\u00e9fi d\u2019innover, d\u2019inventer sur le terrain, une vision nouvelle qui puisse donner la place et l\u2019espace \u00e0 la mosa\u00efque de ses citoyens, conform\u00e9ment \u00e0 l\u2019esprit de la Convention Europ\u00e9enne des Droits de l\u2019Homme. Notre pays doit lutter efficacement contre les discriminations en donnant l\u2019exemple. Dans notre royaume, certains employeurs et certains chefs d\u2019\u00e9tablissements scolaires, fid\u00e8les aux valeurs d\u00e9mocratiques, tournent le dos au conformisme aveugle, acceptent les citoyennes portant le foulard et militent ainsi pour plus de diversit\u00e9. Comme disait Rollo May : <strong><em>\u00ab\u00a0Le signe du courage, en cette \u00e9poque de conformisme, est la capacit\u00e9 de rester fid\u00e8le \u00e0 ses convictions -non pas par ent\u00eatement ou par d\u00e9fi (ce qui est un r\u00e9flexe de d\u00e9fense, et non une preuve de courage), ni pour avoir raison envers et contre tout- mais simplement parce quelles repr\u00e9sentent les VALEURS auxquelles on croit\u00a0\u00bb. <\/em><\/strong><\/div>\n<div><strong><em>\u00a0<\/em><\/strong><\/div>\n<div>\n<div align=\"center\"><strong><em>Le Collectif \u00ab\u00a0Toutes Egales au Travail et \u00e0 l\u2019\u00e9cole\u00a0\u00bb ASBL<\/em><\/strong><\/div>\n<div align=\"center\"><em>\u00a0<\/em><\/div>\n<div align=\"center\"><em><a href=\"mailto:toutesegales@gmail.com\" target=\"_blank\" rel=\"nofollow\">toutesegales@gmail.com<\/a><\/em><\/div>\n<div align=\"center\"><em>\u00a0<\/em><\/div>\n<div align=\"center\"><em>Sa\u00efda El KHONSI, Charg\u00e9e de communication \u2013 0484\/768592<\/em><\/div>\n<div align=\"center\"><em>\u00a0<\/em><\/div>\n<div align=\"center\"><em>Farida TAHAR, Pr\u00e9sidente \u2013 0483\/087828<\/em><\/div>\n<\/div>\n<p>&nbsp;<\/p>\n<hr align=\"left\" size=\"1\" width=\"33%\" \/>\n<p><a title=\"\" rel=\"nofollow\" name=\"1377c02c7a065c05__ftn1\"><\/a>[1] \u00a0Collectif T.E.T.E \u00ab\u00a0Toutes Egales au Travail et \u00e0 l\u2019Ecole\u00a0\u00bb : Une Dynamique de citoyennes d\u2019horizons pluriels engag\u00e9es dans la promotion de l\u2019enseignement et du travail, de l\u2019\u00e9galit\u00e9 des chances et\u00a0 de la lutte contre les discriminations pour TOUTES les femmes.<\/p>\n<p><a href=\"http:\/\/www.egalite.be\/wp-content\/uploads\/2012\/05\/muslimwomensrights2.jpg\"><img decoding=\"async\" title=\"muslimwomensrights\" alt=\"\" src=\"http:\/\/www.egalite.be\/wp-content\/uploads\/2012\/05\/muslimwomensrights2.jpg\" width=\"427\" height=\"326\" \/><\/a><\/p>\n<\/div>\n","protected":false},"excerpt":{"rendered":"<p>Les \u00ab\u00a0Belges\u00a0\u00bb entre guillemets et\u2026 entre parenth\u00e8ses\u00a0! \u00a0 Amnesty International, organisation non gouvernementale, vient de publier un rapport d\u00e9non\u00e7ant les discriminations subies par les musulmans dans cinq pays europ\u00e9ens dont la Belgique. Marco Perolini, expert anti-discriminations de l\u2019ONG constate que : \u00ab Les femmes musulmanes se voient refuser des emplois et leurs filles sont emp\u00each\u00e9es &#8230; <a title=\"Les \u00ab Belges \u00bb entre guillemets et\u2026 entre parenth\u00e8ses !\" class=\"read-more\" href=\"https:\/\/bruxelles-pantheres.be\/?p=1113\" aria-label=\"En savoir plus sur Les \u00ab Belges \u00bb entre guillemets et\u2026 entre parenth\u00e8ses !\">Lire la suite<\/a><\/p>\n","protected":false},"author":1,"featured_media":222,"comment_status":"open","ping_status":"open","sticky":false,"template":"","format":"standard","meta":{"footnotes":""},"categories":[22,25,36,4,20,18,28],"tags":[10,31,14,23,9],"class_list":["post-1113","post","type-post","status-publish","format-standard","has-post-thumbnail","hentry","category-emploi","category-enseignement","category-europe","category-islamophobie","category-logement","category-resistance-bruxelles","category-racismes","tag-ecole","tag-belgique","tag-bruxelles","tag-discrimination","tag-voile"],"_links":{"self":[{"href":"https:\/\/bruxelles-pantheres.be\/index.php?rest_route=\/wp\/v2\/posts\/1113","targetHints":{"allow":["GET"]}}],"collection":[{"href":"https:\/\/bruxelles-pantheres.be\/index.php?rest_route=\/wp\/v2\/posts"}],"about":[{"href":"https:\/\/bruxelles-pantheres.be\/index.php?rest_route=\/wp\/v2\/types\/post"}],"author":[{"embeddable":true,"href":"https:\/\/bruxelles-pantheres.be\/index.php?rest_route=\/wp\/v2\/users\/1"}],"replies":[{"embeddable":true,"href":"https:\/\/bruxelles-pantheres.be\/index.php?rest_route=%2Fwp%2Fv2%2Fcomments&post=1113"}],"version-history":[{"count":1,"href":"https:\/\/bruxelles-pantheres.be\/index.php?rest_route=\/wp\/v2\/posts\/1113\/revisions"}],"predecessor-version":[{"id":1114,"href":"https:\/\/bruxelles-pantheres.be\/index.php?rest_route=\/wp\/v2\/posts\/1113\/revisions\/1114"}],"wp:featuredmedia":[{"embeddable":true,"href":"https:\/\/bruxelles-pantheres.be\/index.php?rest_route=\/wp\/v2\/media\/222"}],"wp:attachment":[{"href":"https:\/\/bruxelles-pantheres.be\/index.php?rest_route=%2Fwp%2Fv2%2Fmedia&parent=1113"}],"wp:term":[{"taxonomy":"category","embeddable":true,"href":"https:\/\/bruxelles-pantheres.be\/index.php?rest_route=%2Fwp%2Fv2%2Fcategories&post=1113"},{"taxonomy":"post_tag","embeddable":true,"href":"https:\/\/bruxelles-pantheres.be\/index.php?rest_route=%2Fwp%2Fv2%2Ftags&post=1113"}],"curies":[{"name":"wp","href":"https:\/\/api.w.org\/{rel}","templated":true}]}}