{"id":1115,"date":"2012-05-19T02:04:47","date_gmt":"2012-05-19T01:04:47","guid":{"rendered":"https:\/\/bruxelles-pantheres.be\/?p=1115"},"modified":"2013-11-12T02:10:49","modified_gmt":"2013-11-12T01:10:49","slug":"une-autre-civilisation-simpose","status":"publish","type":"post","link":"https:\/\/bruxelles-pantheres.be\/?p=1115","title":{"rendered":"Une autre civilisation s\u2019impose"},"content":{"rendered":"<pre style=\"text-align: justify;\"><span style=\"font-family: Verdana; font-size: large;\"><strong>Meeting du PIR le 7 mai 2012 \u00e0 Bagnolet\u00a0: <\/strong><\/span><\/pre>\n<pre style=\"text-align: justify;\"> <span style=\"color: #ce1126; font-family: Verdana; font-size: x-small;\"><strong>par le Groupe des Associations de Bagnolet et le Parti des Indig\u00e8nes de la R\u00e9publique<\/strong><\/span><\/pre>\n<p style=\"text-align: justify;\" align=\"justify\">A l\u2019occasion de l\u2019anniversaire de la grande victoire anticolonialiste de Dien Bien Phu, le 7 mai 1954. En souvenir des massacres de S\u00e9tif et Guelma en Alg\u00e9rie le 8 mai 1945, jour de la victoire contre le nazisme. Pour c\u00e9l\u00e9brer le Cinquantenaire de l\u2019Ind\u00e9pendance de l\u2019Alg\u00e9rie. 24h apr\u00e8s l\u2019\u00e9lection d\u2019un nouveau pr\u00e9sident \u00ab\u00a0de tous les Fran\u00e7ais\u00a0\u00bb.<\/p>\n<p style=\"text-align: justify;\" align=\"justify\">Le Parti des indig\u00e8nes de la r\u00e9publique (PIR) organise en collaboration avec le Groupe des Associations de Bagnolet, une conf\u00e9rence\/d\u00e9bat le 7 mai 2012 au Cin\u2019hoche, \u00e0 Bagnolet<!--more--><\/p>\n<p><iframe src=\"\/\/www.youtube.com\/embed\/DWVw-2exPPU\" height=\"315\" width=\"560\" allowfullscreen=\"\" frameborder=\"0\"><\/iframe><br \/>\n<iframe src=\"\/\/www.youtube.com\/embed\/Hz9zvL2dSrc\" height=\"315\" width=\"560\" allowfullscreen=\"\" frameborder=\"0\"><\/iframe><br \/>\n<iframe src=\"\/\/www.youtube.com\/embed\/nlL9C2T5HF8\" height=\"315\" width=\"560\" allowfullscreen=\"\" frameborder=\"0\"><\/iframe><br \/>\n<iframe src=\"\/\/www.youtube.com\/embed\/8E91B1o9DFA\" height=\"315\" width=\"560\" allowfullscreen=\"\" frameborder=\"0\"><\/iframe><br \/>\n<iframe src=\"\/\/www.youtube.com\/embed\/GY9JhogQrr8\" height=\"315\" width=\"560\" allowfullscreen=\"\" frameborder=\"0\"><\/iframe><br \/>\n<iframe src=\"\/\/www.youtube.com\/embed\/mP-FSvHO_m4\" height=\"315\" width=\"560\" allowfullscreen=\"\" frameborder=\"0\"><\/iframe><br \/>\n<iframe src=\"\/\/www.youtube.com\/embed\/bWnJ5Tme3eE\" height=\"315\" width=\"560\" allowfullscreen=\"\" frameborder=\"0\"><\/iframe><br \/>\n<iframe src=\"\/\/www.youtube.com\/embed\/SvIFe13eI9s\" height=\"315\" width=\"560\" allowfullscreen=\"\" frameborder=\"0\"><\/iframe><\/p>\n<div class=\"entry-content\">\n<address><span style=\"font-family: Verdana; font-size: large;\"><strong>Introduction \u00e0 la conf\u00e9rence du 7 mai 2012\u00a0:<\/strong><\/span><\/address>\n<address><span style=\"font-family: Verdana; font-size: large;\"><strong> \u00ab\u00a0Une autre civilisation s\u2019impose\u00a0\u00bb<\/strong><\/span><\/p>\n<p><span style=\"color: #ce1126; font-family: Verdana; font-size: x-small;\"><strong>par Houria Boutedja<\/strong><\/span><br \/>\n<\/address>\n<p align=\"justify\">Nous publions ci-dessous l\u2019introduction faite par notre porte-parole, Houria Bouteldja, \u00e0 la conf\u00e9rence intitul\u00e9e \u00ab\u00a0Une autre civilisation s\u2019impose\u00a0\u00bb organis\u00e9e par le Groupe des associations de Bagnolet (GAP)et le Parti des indig\u00e8nes de la r\u00e9publique (PIR), le 7 mai 2012. Cette conf\u00e9rence \u00e0 laquelle ont particip\u00e9 notamment l\u2019Alliance noire citoyenne (ANC) et le Front uni de l\u2019immigration et des quartiers, a \u00e9t\u00e9 un franc succ\u00e8s. Plus de 400 personnes \u00e9taient pr\u00e9sentes dont un certains nombres ont pu intervenir dans le d\u00e9bat qui a suivi les interventions programm\u00e9es. Au fur et \u00e0 mesure qu\u2019elles parviendront \u00e0 la r\u00e9daction du site, nous publierons les autres interventions.<\/p>\n<div><\/div>\n<p align=\"justify\">Ce soir, nous nous r\u00e9jouissons de la d\u00e9faite de Nicolas Sarkozy. Nous nous r\u00e9jouissons de la d\u00e9faite d\u2019un pr\u00e9sident dont le Premier ministre a d\u00e9clar\u00e9 il y a quelques mois que toutes les civilisations ne se valaient pas. Nous nous r\u00e9jouissons de la d\u00e9faite de l\u2019homme du discours de Dakar, l\u2019homme qui a d\u00e9clar\u00e9 avec toute l\u2019arrogance qui le caract\u00e9rise que l\u2019homme africain n\u2019\u00e9tait pas entr\u00e9 dans l\u2019histoire, l\u2019homme qui nous a trait\u00e9s de racaille, l\u2019homme qui a promis de nous k\u00e4rch\u00e9riser, l\u2019homme de l\u2019interminable succession des lois discriminatoires, anti-immigr\u00e9s et islamophobes. L\u2019homme qui consid\u00e9rait, il y a encore quelques semaines, que la viande halal \u00e9tait le premier sujet de pr\u00e9occupation des Fran\u00e7ais. L\u2019homme de la pers\u00e9cution sans rel\u00e2che des sans-papiers.<\/p>\n<p align=\"justify\">Ce soir, nous sommes soulag\u00e9s, nous sommes heureux.<\/p>\n<p align=\"justify\">Un autre pr\u00e9sident vient d\u2019\u00eatre \u00e9lu. Il est socialiste. Nous ne lui faisons aucune confiance. Enfants de la colonisation, enfants d\u2019immigr\u00e9s, enfants des quartiers, notre histoire et notre pr\u00e9sent nous prouve que jamais nous n\u2019avons pu compter sur les socialistes. La d\u00e9faite de Sarkozy ne peut pas nous faire oublier le pass\u00e9 colonialiste du parti de Fran\u00e7ois Hollande. Nous ne pouvons oublier l\u2019acharnement des diff\u00e9rents pouvoirs socialistes contre toutes les tentatives d\u2019organisation politique des immigr\u00e9s er de leurs enfants. Nous ne pouvons pas oublier sa complicit\u00e9 active dans l\u2019adoption des lois s\u00e9curitaires, islamophobes et liberticides. Nous ne pouvons oublier non plus son implication \u00e9hont\u00e9e dans le syst\u00e8me de la Fran\u00e7afrique comme nous ne pouvons oublier son attachement \u00e0 Isra\u00ebl et \u00e0 sa \u00ab\u00a0s\u00e9curit\u00e9\u00a0\u00bb.<\/p>\n<p align=\"justify\">Aux uns et aux autres, nous ne pardonnons pas leur contribution active \u00e0 la th\u00e9orie du \u00ab\u00a0choc des civilisations\u00a0\u00bb.<\/p>\n<p align=\"justify\">C\u2019est pourquoi cette soir\u00e9e a pour nous une forte port\u00e9e symbolique.<\/p>\n<p align=\"justify\">Elle est symbolique parce qu\u2019elle a lieu le 7 mai, au lendemain de l\u2019\u00e9lection pr\u00e9sidentielle. Cela signifie pour nous que la bataille politique commence d\u00e8s maintenant. Nous n\u2019attendrons pas la veille des prochaines \u00e9lections locales ou nationales pour nous mettre en branle. Forts de notre conscience militante, nous affirmons ainsi notre d\u00e9termination \u00e0 prendre notre destin en main et \u00e0 ne pas nous en remettre \u00e0 la bonne volont\u00e9, aux d\u00e9clarations de principe ou aux promesses de ceux qui nous gouvernent sur le plan local, national ou international. Nous affirmons notre d\u00e9termination \u00e0 construire une organisation politique d\u00e9coloniale.<\/p>\n<p align=\"justify\">Elle est symbolique parce qu\u2019elle a lieu \u00e0 Bagnolet, dans une banlieue populaire qui, comme les autres, n\u2019a pas \u00e9chapp\u00e9 \u00e0 la r\u00e9volte de 2005. Une banlieue ignor\u00e9e au cours de la campagne pr\u00e9sidentielle alors que s\u2019y accumulent toutes les formes de mis\u00e8re\u00a0: mis\u00e8re sociale, ch\u00f4mage end\u00e9mique, s\u00e9gr\u00e9gation spatiale, sociale et raciale, violences polici\u00e8res, syst\u00e8me \u00e9ducatif pr\u00e9caire. C\u2019est l\u00e0 o\u00f9 vivent la grande majorit\u00e9 des classes populaires\u00a0; c\u2019est l\u00e0 o\u00f9 vivent les populations issues d\u2019Afrique, du monde arabo-musulman, des Antilles ou encore d\u2019Asie souvent montr\u00e9es du doigt, stigmatis\u00e9es pour ce qu\u2019elles sont, leurs identit\u00e9s, leurs cultures, leurs croyances\u2026<\/p>\n<p align=\"justify\">Le choix de cette date est symbolique car le 7 mai, c\u2019est aussi l\u2019anniversaire d\u2019une grande victoire anticoloniale\u00a0: celle de Dien Bien Phu, le 7 mai 1954. La r\u00e9publique coloniale conna\u00eet alors l\u2019une de ses plus grandes d\u00e9faites\u00a0; une d\u00e9faite qui est la victoire du peuple vietnamien contre un syst\u00e8me colonial inique. Cette victoire est notre victoire \u00e0 tous, ici. Du moins, je l\u2019esp\u00e8re.<\/p>\n<p align=\"justify\">Elle est symbolique car elle a lieu en 2012, 50 ans apr\u00e8s l\u2019ind\u00e9pendance de l\u2019Alg\u00e9rie, 50 ans apr\u00e8s les ind\u00e9pendances africaines. Un cinquantenaire que nous devons f\u00eater avec tous les \u00e9gards et le respect que devons aux shouhadas, aux martyrs des luttes d\u2019ind\u00e9pendance, mais que nous devons analyser de mani\u00e8re critique et lucide face \u00e0 ce que nous sommes bien oblig\u00e9s de consid\u00e9rer comme des ind\u00e9pendances confisqu\u00e9es par des pouvoirs locaux, complices d\u2019un syst\u00e8me colonial et imp\u00e9rial qui n\u2019a jamais disparu, qui a re\u00e7u des coups, certes, mais qui a su se m\u00e9tamorphoser pour mieux survivre. Le processus r\u00e9volutionnaire qui s\u2019est enclench\u00e9 dans le monde arabe avec le d\u00e9gagement du dictateur Ben Ali et qui se poursuit avec toutes les difficult\u00e9s que l\u2019on conna\u00eet est le signe que l\u2019espoir est toujours permis mais que nous ne sommes pas au bout de nos peines. Nous allons encore devoir compter nos morts, consoler les orphelins et s\u00e9cher les larmes des vivants.<\/p>\n<p align=\"justify\">Elle est symbolique car elle a lieu \u00e0 un moment crucial de l\u2019histoire de l\u2019Occident. Nous connaissons une crise \u00e9conomique sans pr\u00e9c\u00e9dents qui touche en particulier l\u2019Europe et les Etats-Unis. Nous sommes probablement en train de vivre un tournant dans l\u2019histoire de l\u2019humanit\u00e9 depuis que l\u2019Occident domine. Nous assistons \u00e0 l\u2019\u00e9mergence de nouveaux p\u00f4les \u00e9conomiques, politiques et militaires comme la Chine, l\u2019Inde ou le Br\u00e9sil. Une nouvelle g\u00e9ographie des pouvoirs se dessine. C\u2019est le d\u00e9but de la fin de l\u2019h\u00e9g\u00e9monie occidentale. Penser de nouvelles alternatives politiques \u00e0 l\u2019\u00e9chelle mondiale ne peut pas se faire sans int\u00e9grer ces nouveaux param\u00e8tres m\u00eame lorsque l\u2019on pense la politique \u00e0 partir de Bagnolet. Car si les couches moyennes europ\u00e9ennes sont globalement toutes touch\u00e9es par la crise, qu\u2019en est-il des habitants des quartiers les plus pauvres des p\u00e9riph\u00e9ries occidentales\u00a0? Nous sommes sans doute les premiers concern\u00e9s.<\/p>\n<p align=\"justify\">Et s\u2019il nous est apparu aujourd\u2019hui, 7 mai 2012, \u00e0 la crois\u00e9e de toutes ces symboliques, n\u00e9cessaire et imp\u00e9ratif de poser la question de la civilisation, c\u2019est que cette civilisation qui fait la fiert\u00e9 de Monsieur Gu\u00e9ant, nous en sommes les premi\u00e8res victimes, du moins, \u00e0 l\u2019int\u00e9rieur des fronti\u00e8res de l\u2019Europe.<\/p>\n<p align=\"justify\">Cette civilisation est en nous.<\/p>\n<p align=\"justify\">Elle est ici \u00e0 Bagnolet. Un truc aussi banal qu\u2019un contr\u00f4le au faci\u00e8s. A la t\u00eate des humains, en fonction de leur couleur de peau, en fonction de leurs origines. Selon qui est basan\u00e9 et qui ne l\u2019est pas. C\u2019est une des caract\u00e9ristiques de cette civilisation dans sa plus extr\u00eame banalit\u00e9. C\u2019est le signe de la hi\u00e9rarchisation raciale. C\u2019est le signe de la survivance du code noir et du code de l\u2019indig\u00e9nat, abolis pourtant depuis longtemps. C\u2019est le signe de l\u2019existence des races sociales qui ont \u00e9t\u00e9 construites dans l\u2019histoire politique et juridique de l\u2019Europe et qui font que ces codes fonctionnent encore dans le cerveau des policiers.<\/p>\n<p align=\"justify\">Elle est pr\u00e9sente dans le m\u00e9pris qu\u2019affichent les autorit\u00e9s politiques pour les langues et cultures des populations vivant en banlieues, comme les Africains qui ne seraient pas encore rentr\u00e9s dans l\u2019histoire, consid\u00e9r\u00e9es comme pas assez dignes pour \u00eatre reconnues et enseign\u00e9es.<\/p>\n<p align=\"justify\">Elle est pr\u00e9sente dans l\u2019hostilit\u00e9 obsessionnelle de l\u2019islam et de ses expressions dans la soci\u00e9t\u00e9 fran\u00e7aise.<\/p>\n<p align=\"justify\">Elle est pr\u00e9sente dans l\u2019ing\u00e9rence humanitaire, comme elle est pr\u00e9sente dans les discours qui justifient la guerre en Irak ou les interventions militaires en Lybie.<\/p>\n<p align=\"justify\">Cette civilisation est pr\u00e9sente au c\u0153ur du monde arabe. L\u00e0-bas, elle s\u2019appelle Isra\u00ebl.<\/p>\n<p align=\"justify\">Cette civilisation existe depuis 400 ans\u00a0: son acte de naissance fut le g\u00e9nocide des indiens d\u2019Am\u00e9riques, sa mission s\u2019est poursuivie avec la traite n\u00e9gri\u00e8re qui fut dans les faits une d\u00e9portation de plusieurs millions d\u2019Africains et la mort de plusieurs millions d\u2019autres, la colonisation du monde, la destruction voire la disparition de soci\u00e9t\u00e9s enti\u00e8res, ainsi que des guerres fratricides \u00e0 l\u2019int\u00e9rieur m\u00eame des fronti\u00e8res europ\u00e9ennes \u00e0 l\u2019instar des deux guerres dites mondiales qui ont caus\u00e9 des millions de morts et qui furent le th\u00e9\u00e2tre du g\u00e9nocide des juifs, des tziganes et de tant d\u2019autres. Cette civilisation poursuit son \u0153uvre en Irak, en Afghanistan. Sa folie la dirige aujourd\u2019hui contre l\u2019Iran.<\/p>\n<p align=\"justify\">Cette civilisation existe depuis 400 ans\u00a0: elle s\u2019appelle la modernit\u00e9 occidentale. La France est l\u2019un des principaux acteurs de cette civilisation m\u00eame si l\u2019acteur est fatigu\u00e9 et vieillissant.<\/p>\n<p align=\"justify\">Bagnolet appartient \u00e0 cette civilisation.<\/p>\n<p align=\"justify\">Dans cette civilisation, nous y sommes int\u00e9gr\u00e9s. Nous y sommes int\u00e9gr\u00e9s jusqu\u2019au cou.<\/p>\n<p align=\"justify\">Paradoxalement, reproche nous est fait de ne pas \u00eatre int\u00e9gr\u00e9s, pas suffisamment du moins. Int\u00e9grez-vous\u00a0! C\u2019est un imp\u00e9ratif. C\u2019est un ordre, c\u2019est une injonction. Et \u00e0 cet ordre, nous devons ob\u00e9ir. Nous devons nous ex\u00e9cuter. Nous devons obtemp\u00e9rer. Nous devons nous soumettre sans discuter. Mais nous int\u00e9grer \u00e0 quoi exactement\u00a0? Quel est cet autre pas que nous sommes invit\u00e9s \u00e0 franchir\u00a0? Ou que peut-\u00eatre nous avons largement franchi\u00a0? Quel est l\u2019angle mort de cette question\u00a0? Quel est le nom dit de l\u2019injonction \u00e0 l\u2019int\u00e9gration\u00a0? Je me hasarde peut-\u00eatre mais mon point de vue est que c\u2019est \u00e0 cette civilisation qu\u2019on nous demande de nous int\u00e9grer et j\u2019ajouterai qu\u2019on nous demande de nous perdre. Lorsqu\u2019on nous dit l\u2019islam n\u2019a pas fait son aggiornamento, que c\u2019est une religion du pass\u00e9 qui doit se r\u00e9former pour s\u2019adapter \u00e0 la modernit\u00e9, on ne nous dit rien d\u2019autre que cela\u00a0: l\u2019islam doit se soumettre \u00e0 la civilisation occidentale, \u00e0 ses normes et \u00e0 son \u00e9conomie capitaliste\u00a0; l\u2019islam doit se vider de lui-m\u00eame. L\u2019islam doit devenir blanc. L\u2019islam doit s\u2019int\u00e9grer.<\/p>\n<p align=\"justify\">Certes, nous r\u00e9sistons. Mais avec beaucoup d\u2019ambivalences. Car cette civilisation, tous les jours nous la pl\u00e9biscitons, tous les jours nous la ch\u00e9rissons, tous les jours nous la renouvelons, tous les jours nous assurons sa survie. La v\u00e9rit\u00e9, c\u2019est que nous nommes fascin\u00e9s par cette civilisation. Souvent, lorsqu\u2019on est musulman, nous pr\u00e9f\u00e9rons nous revendiquer de la grande civilisation arabo-andalouse, seule capable de rivaliser avec la grandeur suppos\u00e9e de la civilisation occidentale, plut\u00f4t que d\u2019avouer que nos parents viennent d\u2019un petit douar des Aur\u00e8s ou du Rif\u00a0; souvent lorsque nous sommes d\u2019Afrique noire, nous pr\u00e9f\u00e9rons ancrer notre histoire dans l\u2019\u00e9poque des pharaons, civilisation reconnue par les occidentaux, plut\u00f4t que d\u2019avouer que nous venons d\u2019un petit village inconnu du Mali, souvent nous pr\u00e9f\u00e9rons les tr\u00e8s hauts et pr\u00e9tentieux gratte-ciels du Qatar qui veulent rivaliser avec ceux de New-York plut\u00f4t que ceux, ancestraux, de Sanaa au Y\u00e9men. Nous allons chercher dans le Coran la preuve de l\u2019atome pour prouver \u00e0 quel point nous sommes modernes. A quel point nous avons m\u00eame pr\u00e9c\u00e9d\u00e9 les Occidentaux dans la mise au point de la bombe nucl\u00e9aire. Puisque sans l\u2019atome, point de bombe nucl\u00e9aire et sans bombe nucl\u00e9aire, point d\u2019Hiroshima\u2026.<\/p>\n<p align=\"justify\">Au PIR, nous avons un slogan auquel nous sommes tr\u00e8s attach\u00e9s et qui est \u00ab\u00a0Non \u00e0 l\u2019int\u00e9gration par le jambon\u00a0\u00bb. Personnellement, je l\u2019aime beaucoup. Il signifie que nous tenons \u00e0 nous-m\u00eames. Il signifie que nous tenons \u00e0 ce qui nous reste de notre histoire et de nos traditions. Je dis bien \u00ab\u00a0ce qui nous reste\u00a0\u00bb car une grande partie de nous-m\u00eames a disparu dans l\u2019int\u00e9gration, une int\u00e9gration qui n\u2019a pas commenc\u00e9 en France dans les ann\u00e9es 60 mais \u00e0 l\u2019\u00e9poque coloniale o\u00f9 l\u2019ensemble de nos pays a \u00e9t\u00e9 int\u00e9gr\u00e9 dans un grand projet \u00e9conomique et civilisationnel dirig\u00e9 par les forces occidentales.<\/p>\n<p align=\"justify\">Eh, bien ce slogan que j\u2019aime beaucoup est tr\u00e8s faible. Tr\u00e8s faible. Parce qu\u2019on pourrait effectivement r\u00e9sister \u00e0 l\u2019int\u00e9gration par le jambon. C\u2019est ce qu\u2019il y a de plus facile. On peut pr\u00e9server certains modes de vie, fr\u00e9quenter la mosqu\u00e9e, faire ses cinq pri\u00e8res, respecter ses obligations morales et religieuses et dans le m\u00eame temps accepter et \u00eatre complice de la chasse aux sans-papiers, \u00e9prouver du m\u00e9pris pour les derniers arriv\u00e9s. Ca aussi, c\u2019est de l\u2019int\u00e9gration.<\/p>\n<p align=\"justify\">50 ans apr\u00e8s l\u2019ind\u00e9pendance de l\u2019Alg\u00e9rie, alors que Le Pen n\u2019a jamais regrett\u00e9 son usage de la torture, alors que Aussar\u00e8s est toujours vivant et qu\u2019il a avou\u00e9 le crime de Larbi Ben Mhidi, il s\u2019est trouv\u00e9 des musulmans pour faire la campagne de Marine Le Pen, il s\u2019est trouv\u00e9 des musulmans pour justifier que l\u2019on ferme encore plus la forteresse europ\u00e9enne et que l\u2019on expulse les sans-papiers. Ils sont la pointe la plus avanc\u00e9e de notre int\u00e9gration. Outre le caract\u00e8re mis\u00e9rable de ces positions, il est certains que ces \u00e9volutions en notre sein r\u00e9v\u00e8lent une profonde corruption de notre \u00e2me \u00e0 peine 50 ans apr\u00e8s les ind\u00e9pendances africaines. Il ne tient qu\u2019\u00e0 nous de poursuivre ou pas cette int\u00e9gration.<\/p>\n<p align=\"justify\">Je voudrais conclure par une observation de notre ami Ramon Grosfoguel, ici pr\u00e9sent, professeur \u00e0 l\u2019Universit\u00e9 de Berkeley et militant d\u00e9colonial. Il nous invite \u00e0 adopter le point de vue des Indiens d\u2019Am\u00e9riques. Les gauches europ\u00e9ennes ont tendance \u00e0 penser que c\u2019est le syst\u00e8me capitaliste qui a d\u00e9ferl\u00e9 sur le monde en 1492 lorsque l\u2019Am\u00e9rique a \u00e9t\u00e9 \u00ab\u00a0d\u00e9couverte\u00a0\u00bb. Et ils expliquent le monde \u00e0 partir de ce qu\u2019ils appellent l\u2019expansion capitaliste de l\u2019Europe vers les Am\u00e9riques. Ramon Grosfoguel nous dit, non\u00a0! Il faut adopter le point de vue des Indiens d\u2019Am\u00e9rique lorsqu\u2019ils ont vu d\u00e9barquer les Europ\u00e9ens. Ce n\u2019est pas le seul capitalisme qu\u2019ils ont vu arriver. Ils ont vu d\u00e9ferler sur eux un syst\u00e8me de valeur, une nouvelle religion, des armes nouvelles plus destructrices que celles qu\u2019ils connaissaient, des langues qui allaient supplanter les leurs. Ce qui leur est tomb\u00e9 sur la t\u00eate, ca n\u2019est pas le seul capitalisme, c\u2019est-\u00e0-dire un syst\u00e8me \u00e9conomique. C\u2019est une civilisation. C\u2019est la raison pour laquelle, ce soir, nous ne disons pas comme les altermondialistes \u00ab\u00a0un autre monde est possible\u00a0\u00bb mais nous disons, avec je l\u2019esp\u00e8re la bienveillance des Indiens d\u2019Am\u00e9riques\u00a0: une autre civilisation s\u2019impose\u00a0!<\/p>\n<p align=\"justify\"><strong>Houria Bouteldja,<\/strong><\/p>\n<p align=\"justify\">Bagnolet, 7 mai 2012<\/p>\n<p align=\"justify\">Une autre civiliation s\u2019impose \/ The necessity for an other civilization<br \/>\n<a href=\"http:\/\/www.indigenes-republique.fr\/article.php3?id_article=1661\" target=\"_blank\">http:\/\/www.indigenes-<wbr \/>republique.fr\/article.php3?id_<wbr \/>article=1661<\/a><\/p>\n<p>And its translation in english \/ Et sa traduction en anglais<br \/>\n<a href=\"http:\/\/www.decolonialtranslation.com\/english\/\" target=\"_blank\"><span style=\"color: #0066cc;\">http:\/\/www.<wbr \/>decolonialtranslation.com\/<wbr \/>english\/<\/span><\/a><\/p>\n<p>Et en prime, une video et\u00a0des photos de la marche du 8 mai \/ a video and some pctures of our demonstration on may, 8th<br \/>\n<a href=\"http:\/\/www.indigenes-republique.fr\/article.php3?id_article=1664\" target=\"_blank\">http:\/\/www.indigenes-<wbr \/>republique.fr\/article.php3?id_<wbr \/>article=1664<\/a><\/p>\n<\/div>\n","protected":false},"excerpt":{"rendered":"<p>Meeting du PIR le 7 mai 2012 \u00e0 Bagnolet\u00a0: par le Groupe des Associations de Bagnolet et le Parti des Indig\u00e8nes de la R\u00e9publique A l\u2019occasion de l\u2019anniversaire de la grande victoire anticolonialiste de Dien Bien Phu, le 7 mai 1954. En souvenir des massacres de S\u00e9tif et Guelma en Alg\u00e9rie le 8 mai 1945, &#8230; <a title=\"Une autre civilisation s\u2019impose\" class=\"read-more\" href=\"https:\/\/bruxelles-pantheres.be\/?p=1115\" aria-label=\"En savoir plus sur Une autre civilisation s\u2019impose\">Lire la suite<\/a><\/p>\n","protected":false},"author":1,"featured_media":244,"comment_status":"open","ping_status":"open","sticky":false,"template":"","format":"standard","meta":{"footnotes":""},"categories":[1,35,21,36,4,7,6,18,28,37,39,17],"tags":[31,14,23,46,26,15],"class_list":["post-1115","post","type-post","status-publish","format-standard","has-post-thumbnail","hentry","category-non-classe","category-amerique-du-sud","category-anti-imperialisme","category-europe","category-islamophobie","category-negrophobie","category-palestine-moyen-orient","category-resistance-bruxelles","category-racismes","category-romophobie","category-sans-papier","category-video","tag-belgique","tag-bruxelles","tag-discrimination","tag-esclavage","tag-extradition","tag-resistance"],"_links":{"self":[{"href":"https:\/\/bruxelles-pantheres.be\/index.php?rest_route=\/wp\/v2\/posts\/1115","targetHints":{"allow":["GET"]}}],"collection":[{"href":"https:\/\/bruxelles-pantheres.be\/index.php?rest_route=\/wp\/v2\/posts"}],"about":[{"href":"https:\/\/bruxelles-pantheres.be\/index.php?rest_route=\/wp\/v2\/types\/post"}],"author":[{"embeddable":true,"href":"https:\/\/bruxelles-pantheres.be\/index.php?rest_route=\/wp\/v2\/users\/1"}],"replies":[{"embeddable":true,"href":"https:\/\/bruxelles-pantheres.be\/index.php?rest_route=%2Fwp%2Fv2%2Fcomments&post=1115"}],"version-history":[{"count":2,"href":"https:\/\/bruxelles-pantheres.be\/index.php?rest_route=\/wp\/v2\/posts\/1115\/revisions"}],"predecessor-version":[{"id":1117,"href":"https:\/\/bruxelles-pantheres.be\/index.php?rest_route=\/wp\/v2\/posts\/1115\/revisions\/1117"}],"wp:featuredmedia":[{"embeddable":true,"href":"https:\/\/bruxelles-pantheres.be\/index.php?rest_route=\/wp\/v2\/media\/244"}],"wp:attachment":[{"href":"https:\/\/bruxelles-pantheres.be\/index.php?rest_route=%2Fwp%2Fv2%2Fmedia&parent=1115"}],"wp:term":[{"taxonomy":"category","embeddable":true,"href":"https:\/\/bruxelles-pantheres.be\/index.php?rest_route=%2Fwp%2Fv2%2Fcategories&post=1115"},{"taxonomy":"post_tag","embeddable":true,"href":"https:\/\/bruxelles-pantheres.be\/index.php?rest_route=%2Fwp%2Fv2%2Ftags&post=1115"}],"curies":[{"name":"wp","href":"https:\/\/api.w.org\/{rel}","templated":true}]}}