{"id":1123,"date":"2012-05-18T02:16:17","date_gmt":"2012-05-18T01:16:17","guid":{"rendered":"https:\/\/bruxelles-pantheres.be\/?p=1123"},"modified":"2013-11-12T02:17:20","modified_gmt":"2013-11-12T01:17:20","slug":"francfort-repression-et-nombreuses-arrestations","status":"publish","type":"post","link":"https:\/\/bruxelles-pantheres.be\/?p=1123","title":{"rendered":"Francfort. R\u00e9pression et nombreuses arrestations"},"content":{"rendered":"<div class=\"entry-content\">\n<h3 style=\"text-align: justify;\">Francfort. R\u00e9pression et nombreuses arrestations pour prot\u00e9ger la Banque centrale europ\u00e9enne<\/h3>\n<p style=\"text-align: justify;\"><small> 18 mai par <strong>CADTM Europe<!--more--><\/strong> <\/small><\/p>\n<p><img decoding=\"async\" class=\"aligncenter\" alt=\"http:\/\/www.placeaupeuple2012.fr\/wp-content\/uploads\/2012\/05\/bce-francfort.jpg\" src=\"http:\/\/www.placeaupeuple2012.fr\/wp-content\/uploads\/2012\/05\/bce-francfort.jpg\" \/><\/p>\n<div>\n<p style=\"text-align: justify;\">De nombreux manifestants se sont rassembl\u00e9s ce matin devant la gare de Francfort pour se diriger vers la Banque centrale europ\u00e9enne (BCE). Celle-ci fait l\u2019objet d\u2019un quadrillage on ne peut plus serr\u00e9 de la part des forces de l\u2019ordre, police anti-\u00e9meute compris. Ces derni\u00e8res, apr\u00e8s avoir encercl\u00e9 un groupe de plusieurs centaines de manifestant-e-s, ont proc\u00e9d\u00e9 \u00e0 plusieurs dizaines d\u2019arrestations parmi lesquelles figure une dizaine de li\u00e9geois, dont des militant-e-s du CADTM, qui seront a priori rel\u00e2ch\u00e9-e-s samedi 19 mai minuit. Les autorit\u00e9s allemandes ont d\u00e9ploy\u00e9 un dispositif policier consid\u00e9rable, \u00e0 hauteur de la peur qu\u2019elles manifestent envers la contestation de la politique de la BCE et plus g\u00e9n\u00e9ralement celle de la Tro\u00efka (Union europ\u00e9enne, BCE, FMI).<\/p>\n<p style=\"text-align: justify;\">Nous d\u00e9non\u00e7ons cette r\u00e9pression et ces arrestations. La strat\u00e9gie polici\u00e8re d\u2019aujourd\u2019hui constitue une v\u00e9ritable provocation destin\u00e9e \u00e0 tenter de rendre ill\u00e9gale la manifestation du samedi 19 mai \u00e0 Francfort, seule activit\u00e9 l\u00e9gale \u00e0 ce jour de la mobilisation \u00ab\u00a0Blockuppy\u00a0\u00bb.<\/p>\n<p style=\"text-align: justify;\">Nous exigeons la lib\u00e9ration imm\u00e9diate et sans condition de toutes les personnes arr\u00eat\u00e9es, nous condamnons les obligations de quitter le territoire qui ont \u00e9t\u00e9 formul\u00e9es lors de contr\u00f4les d\u2019identit\u00e9. Nous appelons l\u2019ensemble du mouvement social europ\u00e9en \u00e0 rejoindre la manifestation de demain, \u00e0 exprimer tous ensemble le rejet par les peuples europ\u00e9ens des politiques d\u00e9vastatrices de l\u2019Union europ\u00e9enne.<\/p>\n<p style=\"text-align: justify;\"><strong>Francfort, le 18 mai 2012 \u00e0 10h00<\/strong><\/p>\n<header class=\"entry-header\"><img decoding=\"async\" class=\"attachment-post-thumbnail wp-post-image\" alt=\"plan_d_austerite\" src=\"http:\/\/www.egalite.be\/wp-content\/uploads\/2012\/05\/plan_d_austerite1.jpg\" width=\"550\" height=\"304\" \/><\/header>\n<\/div>\n<\/div>\n","protected":false},"excerpt":{"rendered":"<p>Francfort. R\u00e9pression et nombreuses arrestations pour prot\u00e9ger la Banque centrale europ\u00e9enne 18 mai par CADTM Europe<\/p>\n","protected":false},"author":1,"featured_media":1065,"comment_status":"open","ping_status":"open","sticky":false,"template":"","format":"standard","meta":{"footnotes":""},"categories":[21,22,36,5],"tags":[],"class_list":["post-1123","post","type-post","status-publish","format-standard","has-post-thumbnail","hentry","category-anti-imperialisme","category-emploi","category-europe","category-violence-policiere"],"_links":{"self":[{"href":"https:\/\/bruxelles-pantheres.be\/index.php?rest_route=\/wp\/v2\/posts\/1123","targetHints":{"allow":["GET"]}}],"collection":[{"href":"https:\/\/bruxelles-pantheres.be\/index.php?rest_route=\/wp\/v2\/posts"}],"about":[{"href":"https:\/\/bruxelles-pantheres.be\/index.php?rest_route=\/wp\/v2\/types\/post"}],"author":[{"embeddable":true,"href":"https:\/\/bruxelles-pantheres.be\/index.php?rest_route=\/wp\/v2\/users\/1"}],"replies":[{"embeddable":true,"href":"https:\/\/bruxelles-pantheres.be\/index.php?rest_route=%2Fwp%2Fv2%2Fcomments&post=1123"}],"version-history":[{"count":1,"href":"https:\/\/bruxelles-pantheres.be\/index.php?rest_route=\/wp\/v2\/posts\/1123\/revisions"}],"predecessor-version":[{"id":1124,"href":"https:\/\/bruxelles-pantheres.be\/index.php?rest_route=\/wp\/v2\/posts\/1123\/revisions\/1124"}],"wp:featuredmedia":[{"embeddable":true,"href":"https:\/\/bruxelles-pantheres.be\/index.php?rest_route=\/wp\/v2\/media\/1065"}],"wp:attachment":[{"href":"https:\/\/bruxelles-pantheres.be\/index.php?rest_route=%2Fwp%2Fv2%2Fmedia&parent=1123"}],"wp:term":[{"taxonomy":"category","embeddable":true,"href":"https:\/\/bruxelles-pantheres.be\/index.php?rest_route=%2Fwp%2Fv2%2Fcategories&post=1123"},{"taxonomy":"post_tag","embeddable":true,"href":"https:\/\/bruxelles-pantheres.be\/index.php?rest_route=%2Fwp%2Fv2%2Ftags&post=1123"}],"curies":[{"name":"wp","href":"https:\/\/api.w.org\/{rel}","templated":true}]}}