{"id":1128,"date":"2012-04-17T02:21:49","date_gmt":"2012-04-17T01:21:49","guid":{"rendered":"https:\/\/bruxelles-pantheres.be\/?p=1128"},"modified":"2013-11-15T15:54:16","modified_gmt":"2013-11-15T14:54:16","slug":"17-avril-journee-internationale-des-prisonniers-palestiniens","status":"publish","type":"post","link":"https:\/\/bruxelles-pantheres.be\/?p=1128","title":{"rendered":"17 Avril journ\u00e9e internationale des prisonniers Palestiniens"},"content":{"rendered":"<div class=\"entry-content\">\n<address><a title=\"17 Avril journ\u00e9e internationale des prisonniers Palestiniens\" href=\"http:\/\/mcpalestine.canalblog.com\/archives\/2012\/05\/18\/24291220.html\" rel=\"bookmark\">17 Avril journ\u00e9e internationale des prisonniers Palestiniens<\/a><\/address>\n<p><strong><img decoding=\"async\" class=\"aligncenter\" alt=\"\" src=\"http:\/\/storage.canalblog.com\/26\/46\/217331\/73911832.png\" \/><\/strong><\/p>\n<p lang=\"nl-BE\"><strong>Appel \u00e0 l\u2019occasion de la journ\u00e9e internationale <\/strong><\/p>\n<p lang=\"nl-BE\"><strong>pour les prisonniers palestiniens du 17 avril 2012.<\/strong><\/p>\n<p>Nous exigeons la lib\u00e9ration imm\u00e9diate de tous les prisonniers politiques palestiniens d\u00e9tenus par Isra\u00ebl, car ils sont victimes d\u2019un syst\u00e8me judiciaire ill\u00e9gal et injuste qui d\u00e9coule du syst\u00e8me de discrimination raciale mis en place par Isra\u00ebl. En particulier, nous exigeons la fin des pratiques suivantes :<!--more--><\/p>\n<ul>\n<li>\n<p lang=\"en-US\">La d\u00e9tention administrative,<\/p>\n<\/li>\n<li>\n<p lang=\"en-US\">La torture et les mauvais traitements,<\/p>\n<\/li>\n<li>\n<p lang=\"en-US\">La d\u00e9tention en isolement,<\/p>\n<\/li>\n<li>\n<p lang=\"en-US\">L\u2019usage, dans les territoires occup\u00e9s palestiniens, de tribunaux militaires qui jugent ill\u00e9galement des civils.<\/p>\n<\/li>\n<li>\n<p lang=\"en-US\">L\u2019usage des \u00ab \u00e9l\u00e9ments de preuves \u00e0 caract\u00e8re secret \u00bb qui est une atteinte flagrante au droit \u00e0 une proc\u00e9dure judiciaire r\u00e9guli\u00e8re et \u00e9quitable.<\/p>\n<\/li>\n<li>\n<p lang=\"en-US\">Les arrestations op\u00e9r\u00e9es au sein de cat\u00e9gories vuln\u00e9rables de la population incluant les enfants, les handicap\u00e9s, les personnes \u00e2g\u00e9es et les malades.\u00a0\u00bb<\/p>\n<\/li>\n<\/ul>\n<p>&nbsp;<\/p>\n<p lang=\"nl-BE\">Depuis le 17 avril 2011, la r\u00e9sistance inou\u00efe de la part des prisonniers palestiniens et l\u2019engagement des organisations de r\u00e9sistance et de solidarit\u00e9, ont remis la lutte pour la lib\u00e9ration des prisonniers palestiniens au centre de l\u2019attention mondiale.<\/p>\n<p lang=\"nl-BE\">Le 27 septembre 2011, des centaines de prisonniers palestiniens dans les prisons isra\u00e9liennes ont commenc\u00e9 une gr\u00e8ve de la faim contre la d\u00e9tention en isolement, dont celle de Ahmad Saadat, dirigeant du PFLP, et contre le refus de visites familiales et l\u2019humiliation des prisonniers pendant les transferts.<\/p>\n<p lang=\"nl-BE\">Fin 2011, 1027 prisonniers palestiniens ont \u00e9t\u00e9 rel\u00e2ch\u00e9s en \u00e9change d\u2019un soldat isra\u00e9lien dans un accord conclu entre Isra\u00ebl et le Hamas.<\/p>\n<p lang=\"nl-BE\">Le 17 d\u00e9cembre 2011, Khader Adnan, 34 ans, a commenc\u00e9 une gr\u00e8ve de la faim qui a dur\u00e9 66 jours apr\u00e8s son arrestation et sa mise en d\u00e9tention administrative.<\/p>\n<p lang=\"nl-BE\">Hana Shalabi, 30 ans, une des prisonni\u00e8res rel\u00e2ch\u00e9es en \u00e9change du soldat isra\u00e9lien, a \u00e9t\u00e9 \u00e0 nouveau arr\u00eat\u00e9e le 16 f\u00e9vrier dernier, moins que quatre mois apr\u00e8s sa lib\u00e9ration. Elle a a commenc\u00e9 une gr\u00e8ve de la faim qui continue jusqu\u2019\u00e0 ce jour contre sa d\u00e9tention administrative.<\/p>\n<p lang=\"nl-BE\">Par l\u2019arme de la gr\u00e8ve de la faim, l\u2019arme de leur corps comme seul arme qui leur reste, et autres actions, les prisonniers palestiniens ont d\u00e9clench\u00e9 une vague de solidarit\u00e9 mondiale et ont rejoint les exemples h\u00e9ro\u00efques les plus connus en Europe\u00a0: celui de l\u2019irlandais Bobby Sands et de ses camarades en 1981. Plus que jamais, les prisonniers palestiniens et leur lutte repr\u00e9sentent l\u2019unit\u00e9 et le droit et le devoir \u00e0 la r\u00e9sistance du peuple.<\/p>\n<p>Notre action \u00e0 Bruxelles s\u2019inscrit dans l\u2019Appel lanc\u00e9 par les organisations Addameer Prisoner Support and Human Rights Association, Defence for Children International \u2013 Palestine Section, UFree Network, Samidoun Palestinian Prisoner Solidarity Network, Free Ameer Makhoul Campaign et Campaign to Free Ahmad Sa\u2019adat : \u00ab\u00a0<em>Le monde doit \u00e9couter et r\u00e9agir \u00e0 l\u2019appel de Khader Adnan\u00a0<\/em>\u00bb. Nous demandons aux parlementaires europ\u00e9ens de faire entendre leur voix face \u00e0 ce constat alarmant : \u201c\u00a0<em>Au 4 janvier 2012, 4417 prisonniers politiques palestiniens sont d\u00e9tenus dans les prisons isra\u00e9liennes, incluant 170 enfants et 6 femmes. De la m\u00eame fa\u00e7on que Khader Adnan, 310 prisonniers sont d\u00e9tenus sans proc\u00e8s ni accusation sous le r\u00e9gime de la d\u00e9tention administrative avec parmi eux 20 \u00e9lus l\u00e9gislatifs<\/em> \u201d.<\/p>\n<p>&nbsp;<\/p>\n<div><em><br \/>\n<\/em><\/div>\n<p>&nbsp;<\/p>\n<div>\n<div>\n<div>\n<div>\n<div><img decoding=\"async\" title=\"\" alt=\"\" src=\"http:\/\/www.kifkif.be\/sites\/default\/files\/imagecache\/quote\/images\/foto_2.jpg\" width=\"220\" height=\"146\" \/><\/div>\n<\/div>\n<\/div>\n<div>\n<div>\n<div>Foto: Palestina Solidariteit<\/div>\n<\/div>\n<\/div>\n<div>\n<div>\n<div>\n<p>Manifestatie in Brussel, dinsdag 17 april 2012, 12u00-14u00, Europese Commissie te Brussel (Schuman-Rotonde)<\/p>\n<\/div>\n<\/div>\n<\/div>\n<\/div>\n<\/div>\n<p>&nbsp;<\/p>\n<p>OPROEP voor 17 april 2012, de internationale dag voor de Palestijnse gevangenen.<br \/>\n<strong>Manifestatie in Brussel, dinsdag 17 april 2012, 12u00-14u00, Europese Commissie te Brussel (Schuman-Rotonde)<\/strong><\/p>\n<p>&nbsp;<\/p>\n<p>Wij eisen de onmiddellijke vrijlating van alle Palestijnse politieke gevangenen die door Isra\u00ebl worden vastgehouden. Zij zijn het slachtoffer van een onwettig en onrechtvaardig rechtssysteem, dat voortkomt uit het systeem van racisme en discriminatie in Isra\u00ebl.<\/p>\n<p>&nbsp;<\/p>\n<p>In het bijzonder eisen we dat een einde gemaakt wordt aan volgende praktijken:<\/p>\n<p>&nbsp;<\/p>\n<ul>\n<li>Administratieve detentie,<\/li>\n<li>Marteling en mishandeling,<\/li>\n<li>Eenzame opsluiting,<\/li>\n<li>Het illegale gebruik, in de bezette Palestijnse gebieden, van militaire rechtbanken om burgers te veroordelen.<\/li>\n<li>Het gebruik van \u00ab\u00a0geheime bewijzen\u00a0\u00bb, hetgeen een flagrante schending betekent van het recht op een normale en eerlijke rechtspraak<\/li>\n<li>De arrestaties onder de kwetsbare groepen van de bevolking, zoals kinderen, gehandicapten, ouderen en zieken.<\/li>\n<\/ul>\n<p>&nbsp;<\/p>\n<p>Op 4 januari 2012, bevonden zich 4417 Palestijnse politieke gevangenen in Isra\u00eblische gevangenissen, waaronder 170 kinderen en zes vrouwen. Net zoals dat het geval is voor Khader Adnan of Hana Shalabi, worden 310 gevangenen vastgehouden zonder proces of enige vorm van aanklacht, maar op basis van de wet op de administratieve detentie . Onder hen bevinden zich 20 parlementairen\u2026<\/p>\n<p>&nbsp;<\/p>\n<p>Sinds 17 april 2011 bracht het ongezien verzet van de Palestijnse gevangenen en de inzet van verzets- en solidariteitsorganisaties de strijd voor de vrijlating van Palestijnse gevangenen opnieuw in het centrum van de wereldbelangstelling.<\/p>\n<p>&nbsp;<\/p>\n<p>Op 27 september 2011 begonnen honderden Palestijnse gevangenen in Isra\u00eblische gevangenissen een hongerstaking tegen de eenzame opsluiting, waaronder die van Ahmed Saadat, leider van de PFLP, en tegen het ontzeggen van familiebezoek en de vernedering van gevangenen tijdens de gevangenistranferts.<\/p>\n<p>&nbsp;<\/p>\n<p>Eind 2011 werden 1.027 Palestijnse gevangenen vrijgelaten in ruil voor een Isra\u00eblische soldaat via een overeenkomst tussen Isra\u00ebl en Hamas. Inmiddels zijn een aantal van hen opnieuw gevangen genomen en duizenden andere Palestijnen gearresteerd.<\/p>\n<p>&nbsp;<\/p>\n<p>Op 17 december 2011, na zijn arrestatie en zijn plaatsing in administratieve detentie, begon Khader Adnan een hongerstaking, die 66 dagen heeft geduurd. Hana al-Shalabi, een van de gevangenen die was vrijgelaten in ruil voor de Isra\u00eblische soldaat, werd opnieuw gearresteerd op 16 februari 2012, minder dan vier maanden na haar vrijlating. Ze is begonnen met een hongerstaking, die tot op de dag van vandaag doorgaat, tegen haar administratieve detentie.<\/p>\n<p>&nbsp;<\/p>\n<p>Door het inzetten van het wapen van de hongerstaking, het wapen van hun lichaam, als enige dat hen nog rest, en het ondernemen van andere acties, hebben de Palestijnse gevangenen een golf van wereldwijde solidariteit losgemaakt. Niet voor niets groeide Khader Adnan uit tot de Palestijnse Bobby Sands. Meer dan ooit staan de Palestijnse gevangenen en hun strijd symbool voor de eenheid van het volk en voor het recht en de plicht om weerstand te bieden aan de onderdrukking.<\/p>\n<p>&nbsp;<\/p>\n<p>Onze actie in Brussel onderschrijft de oproep voor 17 april 2012 van Addameer Prisoner Support and Human Rights Association, Defence for Children International \u2013 afdeling Palestina, UFREE Network, Samidoun Palestinian Prisoners Solidarity Network, Campaign Free Ameer Makhoul en Campaign Free Ahmad Sa\u2019adat. Die oproep draagt de titel \u00ab\u00a0De wereld moet luisteren en de oproep van Khader Adnan beantwoorden\u00a0\u00bb.<\/p>\n<p>Luk Vervaet, Prisoner\u2019s Family &amp; Friends Association (PFFA), <a href=\"http:\/\/familiesfriendsassociation.blogspot.com\/\" target=\"_blank\">http:\/\/familiesfriendsassociation.blogspot.com\/<\/a><br \/>\nMarijke Kruyt, Talliq \u2013 Recht voor Palestijnse Kinderen, <a href=\"http:\/\/www.talliq.nl\/\" target=\"_blank\">www.talliq.nl<\/a><br \/>\nAn Peeters, Palestina Solidariteit, <a href=\"http:\/\/www.palestinasolidariteit.be\/\" target=\"_blank\">www.palestinasolidariteit.be<\/a><br \/>\nNordine Saidi, Mouvement Citoyen Palestine (MCP), <a href=\"http:\/\/mcpalestine.canalblog.com\/\" target=\"_blank\">http:\/\/mcpalestine.canalblog.com\/<\/a><br \/>\nInge Neefs, activiste voor Palestina,<br \/>\nChris Den hond en Mireille Court, journalistes militants<br \/>\nLudo De Brabander, Vrede, <a href=\"http:\/\/vrede.be\/\" target=\"_blank\">http:\/\/vrede.be\/<\/a><br \/>\nLieven De Cauter, BRussells Tribunal, <a href=\"http:\/\/www.brussellstribunal.org\/\" target=\"_blank\">http:\/\/www.brussellstribunal.org\/<\/a><br \/>\nMireille Rumeau, ISM-France, <a href=\"http:\/\/www.ism-france.org\/\" target=\"_blank\">http:\/\/www.ism-france.org\/<\/a><br \/>\nNadia Boumazzoughe, BDS-Belgium, <a href=\"http:\/\/bds-belgium.be\/\" target=\"_blank\">http:\/\/bds-belgium.be\/<\/a><br \/>\nYvonne Steur, Stop de Bezetting, <a href=\"http:\/\/www.stopdebezetting.com\/\" target=\"_blank\">http:\/\/www.stopdebezetting.com\/<\/a><br \/>\nMarc Leblanc, Association Amiti\u00e9 Lille Naplouse (France),<br \/>\n<a href=\"http:\/\/lillenaplouse.unblog.fr\/\" target=\"_blank\">http:\/\/lillenaplouse.unblog.fr\/<\/a><\/p>\n<\/div>\n<p><iframe src=\"\/\/www.youtube.com\/embed\/zVYqiZMy1uk\" height=\"315\" width=\"560\" allowfullscreen=\"\" frameborder=\"0\"><\/iframe><\/p>\n","protected":false},"excerpt":{"rendered":"<p>17 Avril journ\u00e9e internationale des prisonniers Palestiniens Appel \u00e0 l\u2019occasion de la journ\u00e9e internationale pour les prisonniers palestiniens du 17 avril 2012. Nous exigeons la lib\u00e9ration imm\u00e9diate de tous les prisonniers politiques palestiniens d\u00e9tenus par Isra\u00ebl, car ils sont victimes d\u2019un syst\u00e8me judiciaire ill\u00e9gal et injuste qui d\u00e9coule du syst\u00e8me de discrimination raciale mis en &#8230; <a title=\"17 Avril journ\u00e9e internationale des prisonniers Palestiniens\" class=\"read-more\" href=\"https:\/\/bruxelles-pantheres.be\/?p=1128\" aria-label=\"En savoir plus sur 17 Avril journ\u00e9e internationale des prisonniers Palestiniens\">Lire la suite<\/a><\/p>\n","protected":false},"author":1,"featured_media":1129,"comment_status":"open","ping_status":"open","sticky":false,"template":"","format":"standard","meta":{"footnotes":""},"categories":[21,36,6,8,18,17,5],"tags":[31,14,13,15],"class_list":["post-1128","post","type-post","status-publish","format-standard","has-post-thumbnail","hentry","category-anti-imperialisme","category-europe","category-palestine-moyen-orient","category-prisons","category-resistance-bruxelles","category-video","category-violence-policiere","tag-belgique","tag-bruxelles","tag-nordine-saidi","tag-resistance"],"_links":{"self":[{"href":"https:\/\/bruxelles-pantheres.be\/index.php?rest_route=\/wp\/v2\/posts\/1128","targetHints":{"allow":["GET"]}}],"collection":[{"href":"https:\/\/bruxelles-pantheres.be\/index.php?rest_route=\/wp\/v2\/posts"}],"about":[{"href":"https:\/\/bruxelles-pantheres.be\/index.php?rest_route=\/wp\/v2\/types\/post"}],"author":[{"embeddable":true,"href":"https:\/\/bruxelles-pantheres.be\/index.php?rest_route=\/wp\/v2\/users\/1"}],"replies":[{"embeddable":true,"href":"https:\/\/bruxelles-pantheres.be\/index.php?rest_route=%2Fwp%2Fv2%2Fcomments&post=1128"}],"version-history":[{"count":2,"href":"https:\/\/bruxelles-pantheres.be\/index.php?rest_route=\/wp\/v2\/posts\/1128\/revisions"}],"predecessor-version":[{"id":1131,"href":"https:\/\/bruxelles-pantheres.be\/index.php?rest_route=\/wp\/v2\/posts\/1128\/revisions\/1131"}],"wp:featuredmedia":[{"embeddable":true,"href":"https:\/\/bruxelles-pantheres.be\/index.php?rest_route=\/wp\/v2\/media\/1129"}],"wp:attachment":[{"href":"https:\/\/bruxelles-pantheres.be\/index.php?rest_route=%2Fwp%2Fv2%2Fmedia&parent=1128"}],"wp:term":[{"taxonomy":"category","embeddable":true,"href":"https:\/\/bruxelles-pantheres.be\/index.php?rest_route=%2Fwp%2Fv2%2Fcategories&post=1128"},{"taxonomy":"post_tag","embeddable":true,"href":"https:\/\/bruxelles-pantheres.be\/index.php?rest_route=%2Fwp%2Fv2%2Ftags&post=1128"}],"curies":[{"name":"wp","href":"https:\/\/api.w.org\/{rel}","templated":true}]}}