{"id":1161,"date":"2012-05-11T22:07:35","date_gmt":"2012-05-11T21:07:35","guid":{"rendered":"https:\/\/bruxelles-pantheres.be\/?p=1161"},"modified":"2013-11-15T22:11:45","modified_gmt":"2013-11-15T21:11:45","slug":"hier-bobby-sands-aujourdhui-khader-adnan-video","status":"publish","type":"post","link":"https:\/\/bruxelles-pantheres.be\/?p=1161","title":{"rendered":"Hier Bobby Sands aujourd\u2019hui Khader Adnan (video)"},"content":{"rendered":"<hr \/>\n<div id=\"article-chapo\">Au terme d\u2019une gr\u00e8ve de la faim m\u00e9morable, qui fut suivie par de tr\u00e8s nombreux m\u00e9dias internationaux, au terme de cette lutte, lutte \u00e0 mort, h\u00e9las, Bobby Sands et ses compagnons de lutte sont devenus de v\u00e9ritables symbole du combat des militants politiques contre l\u2019emprisonnement, l\u2019arbitraire policier, la r\u00e9tention, (a fortiori sans statut de d\u00e9tenu politique mais le plus souvent selon le r\u00e9gime des \u00ab\u00a0droits communs\u00a0\u00bb).<\/div>\n<p>C\u2019est avec encore plus d\u2019actualit\u00e9 que nous appara\u00eet aujourd\u2019hui le souvenir de la mort de Bobby Sands et de ses compagnons irlandais au terme d\u2019une gr\u00e8ve de la faim de plus de deux mois.<\/p>\n<p>Et le lien entre Bobby Sands et ses compagnons, et les prisonniers palestiniens, est \u00e9galement historique, au c\u0153ur m\u00eame de leurs histoires\u00a0: ce sont tous et toutes des victimes du \u00ab\u00a0glorieux\u00a0\u00bb Empire britannique, de part et d\u2019autre de la M\u00e9diterran\u00e9e\u2026 L\u2019Irlande ici et la Palestine l\u00e0-bas, tous, \u00ab\u00a0dommages collat\u00e9raux\u00a0\u00bb de l\u2019imp\u00e9rialisme britannique et de son inf\u00e2me politique.<!--more--><\/p>\n<p style=\"text-align: left;\"><a href=\"https:\/\/bruxelles-pantheres.be\/wp-content\/uploads\/2013\/11\/Khader_Adnan_and_Bobby_Sands-832ec.jpg\"><img decoding=\"async\" class=\"alignnone size-full wp-image-1162\" alt=\"Khader_Adnan_and_Bobby_Sands-832ec\" src=\"https:\/\/bruxelles-pantheres.be\/wp-content\/uploads\/2013\/11\/Khader_Adnan_and_Bobby_Sands-832ec.jpg\" width=\"480\" height=\"432\" srcset=\"https:\/\/bruxelles-pantheres.be\/wp-content\/uploads\/2013\/11\/Khader_Adnan_and_Bobby_Sands-832ec.jpg 480w, https:\/\/bruxelles-pantheres.be\/wp-content\/uploads\/2013\/11\/Khader_Adnan_and_Bobby_Sands-832ec-300x270.jpg 300w\" sizes=\"(max-width: 480px) 100vw, 480px\" \/><\/a><\/p>\n<p>&nbsp;<\/p>\n<p>Pour \u00eatre un prisonnier politique, est-il n\u00e9cessaire d\u2019\u00eatre militant au sens \u00ab\u00a0actif\u00a0\u00bb du terme\u00a0? Rien n\u2019est moins s\u00fbr. Il faut, mais il suffit, qu\u2019un \u00c9tat vous arr\u00eate et vous incarc\u00e8re en se fondant sur certains crit\u00e8res (culturels ,ethniques, religieux, politiques\u2026), parce que vous repr\u00e9sentez une communaut\u00e9 ou un groupe que cet \u00c9tat a d\u00e9cid\u00e9 de combattre, d\u2019exterminer, de traiter comme quantit\u00e9 n\u00e9gligeable, il faut, mais il suffit, d\u2019\u00eatre ouvertement victime d\u2019un certain type de politique de la part d\u2019un Etat.<\/p>\n<p>Ainsi, aujourd\u2019hui, sans que les m\u00e9dias mainstream semblent s\u2019en pr\u00e9occuper, sans que \u00ab\u00a0l\u2019opinion publique\u00a0\u00bb s\u2019en pr\u00e9occupe, ailleurs dans le monde, en Isra\u00ebl, d\u2019autres prisonniers politiques protestent contre leurs ge\u00f4liers, protestent contre le sort qui leur est r\u00e9serv\u00e9, notamment plusieurs centaines, voire m\u00eame plusieurs milliers de prisonniers palestiniens (selon Le Monde soit pr\u00e8s d\u2019un tiers des d\u00e9tenus officiellement d\u00e9clar\u00e9s par Isra\u00ebl).<\/p>\n<p>Une dizaine d\u2019entre eux seraient d\u00e9sormais aux portes de la mort, au bord du d\u00e9c\u00e8s, apr\u00e8s pr\u00e8s de deux mois de gr\u00e8ve de la faim soutenue (A la prison de Ramleh).<\/p>\n<p>C\u2019est donc avec une \u00e9motion et une attention toutes particuli\u00e8res aujourd\u2019hui que nous pensons \u00e0 Bobby Sands, Patsy O\u2019Hara, Michael Devine\u2026 et plusieurs autres militants de l\u2019IRA, qui n\u2019avaient pas 30 ans et qui ont d\u00e9fendu leurs droits et leurs libert\u00e9s, leurs id\u00e9es jusqu\u2019au bout, c\u2019est \u00e0 dire jusqu\u2019\u00e0 l\u2019extr\u00eame limite de ce que leurs corps leur a permis de supporter.<\/p>\n<p>Et en songeant \u00e0 ces jeunes combattants d\u2019Irlande du Nord, nos esprits et nos c\u0153urs se tournent de toutes leurs forces vers ces prisons isra\u00e9liennes et vers la Palestine occup\u00e9e o\u00f9 des \u00eatres humains poussent \u00e0 leur tour leur combat pour la dignit\u00e9 et la libert\u00e9 jusqu\u2019au bout de leurs limites.<\/p>\n<p>Honte aux \u00c9tats et aux gouvernements qui laissent mourir des prisonniers politiques en prison.<\/p>\n<p>mardi 8 mai 2012 \u2013 09h:08<\/p>\n<p>Collectif Bellaciao<\/p>\n<p>&nbsp;<\/p>\n<p>Ouvrez les centres de r\u00e9tention, ouvrez les prisons isra\u00e9liennes et lib\u00e9rez les prisonniers palestiniens.<br \/>\n<iframe src=\"\/\/www.youtube.com\/embed\/Cr3JDEM-Y8Q\" height=\"315\" width=\"420\" allowfullscreen=\"\" frameborder=\"0\"><\/iframe><\/p>\n<div id=\"article-ligne-haut\">\n<div id=\"article-coll-gauche\">\n<h3 style=\"text-align: center;\">Khader Adnan\u00a0: le Bobby Sands de Cisjordanie<\/h3>\n<p>lundi 20 f\u00e9vrier 2012<\/p>\n<p>Donald Macintyre<\/p>\n<\/div>\n<hr \/>\n<\/div>\n<p>&nbsp;<\/p>\n<div id=\"article-chapo\" style=\"text-align: justify;\">La gr\u00e8ve de la faim de deux mois de Khader Adnan a fait de lui un h\u00e9ros parmi les Palestiniens indign\u00e9s par les d\u00e9tentions arbitraires de la police isra\u00e9lienne.<\/div>\n<p>&nbsp;<\/p>\n<div id=\"article-ligne-mediane\">\n<div style=\"text-align: justify;\"><img decoding=\"async\" alt=\"(JPG)\" src=\"http:\/\/www.info-palestine.net\/IMG\/jpg\/A0-440.jpg\" width=\"480\" height=\"297\" \/><\/p>\n<div>L\u2019\u00e9pouse et les enfants de Khader Adnan participent \u00e0 une manifestation devant l\u2019h\u00f4pital Ziy \u00e0 Safed \u2013 Photo\u00a0: Oren Ziv\/ Activestills<\/div>\n<\/div>\n<p style=\"text-align: justify;\">Ce n\u2019est qu\u2019apr\u00e8s avoir parl\u00e9 avec lucidit\u00e9 et animation pendant une heure de la gr\u00e8ve de la faim, depuis 61 jours, de son \u00e9poux que les yeux de Randa Jihad Adnan, visibles par l\u2019ouverture de son niqab, se sont remplis de larmes. Jusque-l\u00e0, s\u2019exprimant parfaitement, cette femme de 31 ans, dipl\u00f4m\u00e9e en droit de la sharia de l\u2019universit\u00e9 Al Najar de Naplouse, enceinte et maman de deux petites filles \u00e2g\u00e9es de quatre ans et un an et demi, a d\u00e9crit avec une aisance d\u00e9concertante les deux mois qui ont suivi l\u2019arrestation de son \u00e9poux, Khader Adnan, le 17 d\u00e9cembre.<\/p>\n<p style=\"text-align: justify;\">Il a \u00e9t\u00e9 enlev\u00e9 \u00e0 3 h 30 ce matin-l\u00e0 par une vingtaine de soldats et membres de la s\u00e9curit\u00e9 d\u2019Isra\u00ebl qui avaient encercl\u00e9 le domicile familial, dans un village de Cisjordanie, au sud de J\u00e9nine, et il est aujourd\u2019hui d\u00e9tenu dans l\u2019h\u00f4pital isra\u00e9lien de Rebecca Ziv \u00e0 Safed. Mercredi, elle a \u00e9t\u00e9 autoris\u00e9e \u00e0 le visiter, avec leurs enfants et son beau-p\u00e8re.<\/p>\n<p style=\"text-align: justify;\">Ils l\u2019ont trouv\u00e9 affaibli et extr\u00eamement amaigri, la barbe \u00e9bouriff\u00e9e et les ongles longs. Il \u00e9tait menott\u00e9 des deux jambes et d\u2019un bras \u00e0 son lit, et \u00e9tait reli\u00e9 \u00e0 un moniteur de fr\u00e9quence cardiaque. Bien que d\u2019esprit alerte, il ne parlait qu\u2019avec difficult\u00e9s. \u00ab\u00a0<em>J\u2019ai \u00e9t\u00e9 choqu\u00e9e<\/em>\u00a0\u00bb a-t-elle dit hier. \u00ab\u00a0<em>Je n\u2019ai pas pu parler pendant trois minutes, et c\u2019\u00e9tait pareil pour mes filles<\/em>\u00a0\u00bb.<\/p>\n<p style=\"text-align: justify;\">Mme\u00a0Adnan est convaincue que les autorit\u00e9s isra\u00e9liennes ont autoris\u00e9 sa visite simplement parce qu\u2019elles voulaient que la famille fasse pression sur le mari pour qu\u2019il mette fin \u00e0 sa gr\u00e8ve de la faim. Cette gr\u00e8ve, il l\u2019a commenc\u00e9e le 18 d\u00e9cembre en protestation de son arrestation, de son traitement et de l\u2019ordonnance de d\u00e9tention qui a suivi \u00e0 son encontre.<\/p>\n<p style=\"text-align: justify;\">\u00ab\u00a0<em>Mon beau-p\u00e8re lui a dit\u00a0:\u00a0\u00bb<\/em>Nous voulons que tu restes vivant. Tu ne peux pas vaincre cet \u00c9tat \u00e0 toi tout seul<em>\u00ab\u00a0. Il lui a dit vouloir qu\u2019il arr\u00eate sa gr\u00e8ve. Moi je lui ai dit que je souhaitais qu\u2019il boive une tasse de lait. Mais lui a r\u00e9pondu\u00a0: \u00ab\u00a0<\/em>Je ne m\u2019attendais pas \u00e0 cela de vous. Je sais que vous \u00eates avec moi tout le temps. S\u2019il vous pla\u00eet, arr\u00eatez.\u00a0\u00bb Mme\u00a0Adnan a dit hier\u00a0: \u00ab\u00a0<em>Je connais mon \u00e9poux. Il ne changera pas d\u2019id\u00e9e. Je m\u2019attends \u00e0 ce qu\u2019il meure.<\/em>\u00a0\u00bb<\/p>\n<p style=\"text-align: justify;\">La veille de la visite, une d\u00e9l\u00e9gation de la Croix-Rouge est venue chez elle pour l\u2019avertir que le c\u0153ur de son \u00e9poux pouvait l\u00e2cher \u00ab\u00a0<em>\u00e0 tout instant<\/em>\u00a0\u00bb. Ils lui ont dit qu\u2019il souffrait d\u2019atrophie musculaire, ce qui affectait son c\u0153ur et son estomac, que son pouls \u00e9tait faible, et que sa vie \u00e9tait d\u00e9sormais en extr\u00eame danger.<\/p>\n<p style=\"text-align: justify;\">L\u2019organisation M\u00e9decins pour les droits de l\u2019homme a produit un rapport m\u00e9dical cette semaine \u00e0 l\u2019appui d\u2019un dossier devant la Cour supr\u00eame pour le faire lib\u00e9rer. Dans ce rapport, le groupe affirme que m\u00eame si Mr\u00a0Adnan avait accept\u00e9 des injections de liquides et de sels min\u00e9raux, augment\u00e9s de glucoses et de vitamines, il avait refus\u00e9 de mettre fin \u00e0 sa gr\u00e8ve de la faim et qu\u2019il \u00e9tait \u00ab\u00a0<em>en danger de mort imm\u00e9diat<\/em>\u00a0\u00bb. Le rapport ajoute qu\u2019un je\u00fbne \u00ab\u00a0<em>qui d\u00e9passe les 70 jours ne permettait pas la survie<\/em>\u00a0\u00bb.<\/p>\n<p style=\"text-align: justify;\"><img decoding=\"async\" alt=\"(JPG)\" src=\"http:\/\/www.info-palestine.net\/IMG\/jpg\/Pg-30-west-bank-qk.jpg\" width=\"200\" height=\"267\" \/><\/p>\n<p style=\"text-align: justify;\">Le dossier devant la Cour supr\u00eame, qui n\u2019a fix\u00e9 aucune date d\u2019audience, est l\u2019ultime chance pour lui sauver la vie, Mr\u00a0Adnan ayant d\u00e9clar\u00e9 qu\u2019il n\u2019arr\u00eaterait son je\u00fbne que lorsqu\u2019il serait dispens\u00e9 de ses quatre mois de d\u00e9tention administrative. Une cour d\u2019appel militaire a d\u00e9cid\u00e9 cette semaine qu\u2019il devait rester en d\u00e9tention jusqu\u2019au mois de mai.<\/p>\n<p style=\"text-align: justify;\">Mr\u00a0Adnan, 33 ans, dipl\u00f4m\u00e9 en math\u00e9matique et g\u00e9rant d\u2019une boulangerie pr\u00e8s de Qabatya, a longtemps \u00e9t\u00e9 actif en politique. Il a \u00e9t\u00e9 accus\u00e9 d\u2019\u00eatre le porte-parole du Jihad islamique, l\u2019une des factions palestiniennes les plus militantes. Et il a \u00e9t\u00e9 arr\u00eat\u00e9 \u00e0 plusieurs reprises par Isra\u00ebl, et une fois au moins, par l\u2019Autorit\u00e9 palestinienne, alors qu\u2019il menait une manifestation d\u2019\u00e9tudiants en 1999 \u00e0 l\u2019universit\u00e9 de Bir Zeit contre la venue du Premier ministre fran\u00e7ais, Lionel Jospin.<\/p>\n<p style=\"text-align: justify;\">Mais sa famille insiste sur le fait qu\u2019il n\u2019a jamais \u00e9t\u00e9 impliqu\u00e9 dans la violence\u00a0; jamais il n\u2019a \u00e9t\u00e9 inculp\u00e9 pour cela. D\u2019ailleurs, dans le cas pr\u00e9sent, il n\u2019est m\u00eame accus\u00e9 d\u2019aucun crime. Sa gr\u00e8ve de la faim attire une attention grandissante sur la pratique des d\u00e9tentions administratives, par lesquelles les Palestiniens peuvent \u00eatre gard\u00e9s en d\u00e9tention, sans jugement, et sur la base de dossiers des services secrets non communiqu\u00e9s au d\u00e9fendeur et \u00e0 ses avocats.<\/p>\n<p style=\"text-align: justify;\">Avec des groupes internationaux comme Human Rights Watch exigeant sa lib\u00e9ration, et des manifestations quasi quotidiennes qui le soutiennent devant le tribunal militaire d\u2019Ofer pr\u00e8s de Ramallah, son cas a vite pris certaines des r\u00e9sonances politiques de Bobby Sands, le plus c\u00e9l\u00e8bre des dix prisonniers de l\u2019IRA morts apr\u00e8s une gr\u00e8ve de la faim dans une prison d\u2019Irlande du Nord, au d\u00e9but des ann\u00e9es quatre-vingt. Sands, d\u00e9put\u00e9 \u00e9lu, est d\u00e9c\u00e9d\u00e9 apr\u00e8s 66 jours sans nourriture.<\/p>\n<p style=\"text-align: justify;\">Avec sa plus grande fille, Maali, devant une affiche de son \u00e9poux qui proclame, \u00ab\u00a0<em>Je rejette la d\u00e9tention administrative et je continuerai la gr\u00e8ve de la faim jusqu\u2019\u00e0 ce que je sois lib\u00e9r\u00e9<\/em>\u00a0\u00bb, Mme\u00a0Adnan le dit d\u00e9termin\u00e9 \u00e0 poursuivre son je\u00fbne. Sa d\u00e9termination s\u2019est renforc\u00e9e, dit-elle, non seulement \u00e0 cause de son arrestation sommaire et ses circonstances (il a \u00e9t\u00e9 enlev\u00e9 dans les toilettes) mais aussi de son traitement durant son interrogatoire. Elle affirme que son \u00e9poux a \u00e9t\u00e9 maintenu pendant des p\u00e9riodes de sept heures \u2013 entrecoup\u00e9es d\u2019une pause d\u2019une heure \u2013 sur une petite chaise avec les mains attach\u00e9es derri\u00e8re le dos ce qui lui causait une g\u00eane intense, et que des touffes de barbe lui avaient \u00e9t\u00e9 arrach\u00e9es par ceux qui l\u2019interrogeaient.<\/p>\n<p style=\"text-align: justify;\">Elle dit aussi qu\u2019il a \u00e9t\u00e9 soumis \u00e0 des pressions psychologiques, que ses avocats lui ont dit \u00e0 elle qu\u2019il avait protest\u00e9 lors de l\u2019une de ses comparutions devant le tribunal militaire. \u00ab\u00a0<em>Ils lui ont tenu de mauvais propos \u00e0 mon sujet. Ils disaient, \u00ab\u00a0<\/em>Votre femme n\u2019est pas pure<em>\u00ab\u00a0. Ils lui disaient, \u00ab\u00a0<\/em>Maintenant que vous avez \u00e9t\u00e9 arr\u00eat\u00e9, elle est libre de faire n\u2019importe quoi<em>\u00ab\u00a0<\/em>\u00a0\u00bb. Elle affirme qu\u2019il lui a dit qu\u2019au tribunal militaire, l\u2019un des interrogateurs avait reconnu devant lui par la suite, \u00ab\u00a0<em>Nous savons que vous aimez votre femme et qu\u2019elle vous aime. C\u2019est pour cela que nous avons dit ces choses contre elle<\/em>\u00a0\u00bb.<\/p>\n<p style=\"text-align: justify;\">Mme\u00a0Adnan, qui dit que son \u00e9poux a d\u00e9clar\u00e9 \u00e0 plusieurs reprises, \u00ab\u00a0<em>Mon honneur est plus pr\u00e9cieux que la nourriture<\/em>\u00a0\u00bb, a ajout\u00e9 que son seul espoir maintenant \u00e9tait qu\u2019Isra\u00ebl d\u00e9cide de \u00ab\u00a0<em>redorer son image dans le monde en le lib\u00e9rant<\/em>\u00a0\u00bb. Elle dit que c\u2019est \u00e0 lui, Khader, de prendre la d\u00e9cision ultime, et que quand elle l\u2019exhorte \u00e0 boire du lait, elle lui transmet surtout \u00ab\u00a0<em> un message de sa m\u00e8re<\/em>.\u00a0\u00bb<\/p>\n<p style=\"text-align: justify;\">La s\u0153ur d\u2019Adnan, qui s\u2019appelle aussi Maali, a timidement reconnu que, peut-\u00eatre, son fr\u00e8re pourrait encore \u00eatre persuad\u00e9 qu\u2019il avait fait assez pour transmettre au monde son message de protestation contre l\u2019usage de la d\u00e9tention administrative, sans jugement ni inculpation. Mais, en disant que Mr\u00a0Adnan est un p\u00e8re mod\u00e8le qui \u00ab\u00a0<em>aime la vie<\/em>\u00a0\u00bb, elle ajoute, \u00ab\u00a0<em>Je ne suis pas certaine qu\u2019il veuille juste d\u00e9livrer un message. Il veut aussi en finir avec la d\u00e9tention administrative. Nous avons tellement foi en Allah pour qu\u2019il le sorte de cette situation. Nous croyons que Dieu ne l\u2019abandonnera pas<\/em>\u00a0\u00bb.<\/p>\n<p style=\"text-align: justify;\">Randa Adnan a rappel\u00e9 que son \u00e9poux a d\u00e9clar\u00e9 \u00e0 l\u2019un de ses avocats\u00a0: \u00ab\u00a0<em>je ne veux aller ni au n\u00e9ant ni \u00e0 la mort. Mais je suis un homme qui d\u00e9fend sa libert\u00e9. Si je meurs, ce sera mon destin<\/em>\u00a0\u00bb.<\/p>\n<p><img decoding=\"async\" alt=\"(JPG)\" src=\"http:\/\/www.info-palestine.net\/IMG\/jpg\/Macintyre.jpg\" width=\"130\" height=\"164\" \/> * <strong>Donald Macintyre<\/strong> est correspondant \u00e0 J\u00e9rusalem pour <em>The Independent<\/em> depuis 2004, dont il est le r\u00e9dacteur en chef pour la rubrique politique, ainsi que pour <em>The Independent<\/em> du dimanche. Il a \u00e9crit pour le <em>Daily Express<\/em>, le <em>Sunday Times<\/em>, le <em>Times<\/em> et le <em>Sunday Telegraph<\/em>.<\/p>\n<\/div>\n<p><img decoding=\"async\" alt=\"-\" src=\"http:\/\/www.info-palestine.net\/puce.gif\" \/>\u00a0\u00a0<a href=\"http:\/\/www.independent.co.uk\/news\/world\/middle-east\/khader-adnan-the-west-banks-bobby-sands-6988943.html\">The Independent<\/a> \u2013 traduction\u00a0: <a href=\"http:\/\/www.info-palestine.net\/article.php3?id_article=11817\">Info-Palestine.net<\/a>\/JPP<\/p>\n","protected":false},"excerpt":{"rendered":"<p>Au terme d\u2019une gr\u00e8ve de la faim m\u00e9morable, qui fut suivie par de tr\u00e8s nombreux m\u00e9dias internationaux, au terme de cette lutte, lutte \u00e0 mort, h\u00e9las, Bobby Sands et ses compagnons de lutte sont devenus de v\u00e9ritables symbole du combat des militants politiques contre l\u2019emprisonnement, l\u2019arbitraire policier, la r\u00e9tention, (a fortiori sans statut de d\u00e9tenu &#8230; <a title=\"Hier Bobby Sands aujourd\u2019hui Khader Adnan (video)\" class=\"read-more\" href=\"https:\/\/bruxelles-pantheres.be\/?p=1161\" aria-label=\"En savoir plus sur Hier Bobby Sands aujourd\u2019hui Khader Adnan (video)\">Lire la suite<\/a><\/p>\n","protected":false},"author":1,"featured_media":1162,"comment_status":"open","ping_status":"open","sticky":false,"template":"","format":"standard","meta":{"footnotes":""},"categories":[21,36,4,6,8,17],"tags":[12,38],"class_list":["post-1161","post","type-post","status-publish","format-standard","has-post-thumbnail","hentry","category-anti-imperialisme","category-europe","category-islamophobie","category-palestine-moyen-orient","category-prisons","category-video","tag-gaza","tag-guerre"],"_links":{"self":[{"href":"https:\/\/bruxelles-pantheres.be\/index.php?rest_route=\/wp\/v2\/posts\/1161","targetHints":{"allow":["GET"]}}],"collection":[{"href":"https:\/\/bruxelles-pantheres.be\/index.php?rest_route=\/wp\/v2\/posts"}],"about":[{"href":"https:\/\/bruxelles-pantheres.be\/index.php?rest_route=\/wp\/v2\/types\/post"}],"author":[{"embeddable":true,"href":"https:\/\/bruxelles-pantheres.be\/index.php?rest_route=\/wp\/v2\/users\/1"}],"replies":[{"embeddable":true,"href":"https:\/\/bruxelles-pantheres.be\/index.php?rest_route=%2Fwp%2Fv2%2Fcomments&post=1161"}],"version-history":[{"count":1,"href":"https:\/\/bruxelles-pantheres.be\/index.php?rest_route=\/wp\/v2\/posts\/1161\/revisions"}],"predecessor-version":[{"id":1163,"href":"https:\/\/bruxelles-pantheres.be\/index.php?rest_route=\/wp\/v2\/posts\/1161\/revisions\/1163"}],"wp:featuredmedia":[{"embeddable":true,"href":"https:\/\/bruxelles-pantheres.be\/index.php?rest_route=\/wp\/v2\/media\/1162"}],"wp:attachment":[{"href":"https:\/\/bruxelles-pantheres.be\/index.php?rest_route=%2Fwp%2Fv2%2Fmedia&parent=1161"}],"wp:term":[{"taxonomy":"category","embeddable":true,"href":"https:\/\/bruxelles-pantheres.be\/index.php?rest_route=%2Fwp%2Fv2%2Fcategories&post=1161"},{"taxonomy":"post_tag","embeddable":true,"href":"https:\/\/bruxelles-pantheres.be\/index.php?rest_route=%2Fwp%2Fv2%2Ftags&post=1161"}],"curies":[{"name":"wp","href":"https:\/\/api.w.org\/{rel}","templated":true}]}}