{"id":1165,"date":"2012-05-09T22:14:23","date_gmt":"2012-05-09T21:14:23","guid":{"rendered":"https:\/\/bruxelles-pantheres.be\/?p=1165"},"modified":"2013-11-15T22:19:05","modified_gmt":"2013-11-15T21:19:05","slug":"pourquoi-les-palestiniens-ont-ils-entame-une-greve-de-la-faim","status":"publish","type":"post","link":"https:\/\/bruxelles-pantheres.be\/?p=1165","title":{"rendered":"Pourquoi les Palestiniens ont-ils entam\u00e9 une gr\u00e8ve de la faim ?"},"content":{"rendered":"<div class=\"entry-content\">\n<address><a title=\"Pourquoi les Palestiniens ont-ils entam\u00e9 une gr\u00e8ve de la faim ?\" href=\"http:\/\/mcpalestine.canalblog.com\/archives\/2012\/05\/08\/24217258.html\" rel=\"bookmark\">Pourquoi les Palestiniens ont-ils entam\u00e9 une gr\u00e8ve de la faim ?<\/a><\/address>\n<div id=\"article-ligne-haut\">\n<div id=\"article-coll-gauche\">\n<div><img decoding=\"async\" class=\"alignleft\" alt=\"(JPG)\" src=\"http:\/\/www.info-palestine.net\/IMG\/jpg\/A0-631.jpg\" width=\"500\" height=\"352\" \/><\/div>\n<\/div>\n<div id=\"article-coll-droite\">\n<div><\/div>\n<div><\/div>\n<div><\/div>\n<div><\/div>\n<div><\/div>\n<div><\/div>\n<div><\/div>\n<div><\/div>\n<div><\/div>\n<div><\/div>\n<div><\/div>\n<div><\/div>\n<div><\/div>\n<div><\/div>\n<div><\/div>\n<div><\/div>\n<div>Une manifestation, le 16 avril 2012, pr\u00e8s de J\u00e9nine, en Cisjordanie, pour la lib\u00e9ration des Palestiniens d\u00e9tenus en Isra\u00ebl \u2013 Photo\u00a0: AFP\/Saif Dahlan<!--more--><\/div>\n<\/div>\n<hr \/>\n<hr \/>\n<hr \/>\n<\/div>\n<div id=\"article-chapo\" style=\"text-align: justify;\"><strong>1.1.<\/strong> La question relative aux prisonniers Palestiniens est l\u2019une des cons\u00e9quences les plus f\u00e2cheuses de l\u2019occupation isra\u00e9lienne. Depuis 1967, plus de 700.000 Palestiniens, soit 20% de la population de Ramallah et de la Bande de Gaza Occup\u00e9es ont \u00e9t\u00e9 emprisonn\u00e9s. Ce taux repr\u00e9sente 40% de l\u2019ensemble de la population masculine dans les Territoires Occup\u00e9s.<\/div>\n<div id=\"article-ligne-mediane\" style=\"text-align: justify;\">\n<p><strong>1.2.<\/strong> Il y a aujourd\u2019hui environ 6000 prisonniers enferm\u00e9s dans 17 prisons isra\u00e9liennes et centres de d\u00e9tention. Ce nombre comprend 6 femmes et 200 mineurs.<\/p>\n<p><strong>1.3.<\/strong> Pas moins de 330 Palestiniens sont en d\u00e9tention administrative sans qu\u2019ils ne soient officiellement inculp\u00e9s devant le tribunal. Cette cat\u00e9gorie compte 28 parlementaires et 3 anciens ministres.<\/p>\n<p><strong>1.4.<\/strong> Ces prisonniers Palestiniens sont actuellement d\u00e9tenus dans des endroits tr\u00e8s \u00e9loign\u00e9s de leurs maisons et en dehors des Territoires Occup\u00e9s. Ce point constitue une violation manifeste de la Quatri\u00e8me Convention de Gen\u00e8ve, relative \u00e0 la Protection des Personnes Civiles en Temps de Guerre. L\u2019Article 76 de la\u00a0Convention stipule\u00a0:<\/p>\n<p>\u00ab\u00a0Les personnes prot\u00e9g\u00e9es inculp\u00e9es seront d\u00e9tenues dans le pays occup\u00e9 et si elles sont condamn\u00e9es, elles devront y purger leur peine\u00a0\u00bb<\/p>\n<p>L\u2019Article 49 stipule\u00a0:<\/p>\n<p>\u00ab\u00a0Les transferts forc\u00e9s, en masse ou individuels, ainsi que les d\u00e9portations de personnes prot\u00e9g\u00e9es hors du territoire occup\u00e9 dans le territoire de la Puissance occupante ou dans celui de tout autre Etat, occup\u00e9 ou non, sont interdits, quel qu\u2019en soit le motif\u00a0\u00bb<\/p>\n<p><strong>1.5.<\/strong> L\u2019Article 32 interdit express\u00e9ment \u00ab\u00a0le meurtre, la torture, les peines corporelles, les mutilations et\u2026toutes autres brutalit\u00e9s, qu\u2019elles soient le fait d\u2019agents civils ou d\u2019agents militaires\u00a0\u00bb Depuis 1967, 202 prisonniers Palestiniens sont d\u00e9c\u00e9d\u00e9s des suites des tortures subies dans les prisons isra\u00e9liennes.<\/p>\n<p><strong>1.6.<\/strong> Isra\u00ebl traduit syst\u00e9matiquement les Palestiniens devant les tribunaux militaires qui, faut-il le signaler, ne r\u00e9pondent pas aux normes les plus fondamentales du droit international\u00a0; notamment les lois relatives au traitement des prisonniers de guerre et des personnes vivant sous occupation.<\/p>\n<p><strong>1.7.<\/strong> A la lumi\u00e8re de ce qui pr\u00e9c\u00e8de, des appels sont lanc\u00e9s pour la poursuite judiciaire des officiels isra\u00e9liens devant un tribunal international.<\/p>\n<p><strong>Isolement cellulaire<\/strong><\/p>\n<p><strong>2.0.<\/strong> L\u2019isolement cellulaire reste la m\u00e9thode pr\u00e9f\u00e9r\u00e9e des autorit\u00e9s p\u00e9nitentiaires isra\u00e9liennes dans le but de punir les prisonniers Palestiniens. Plus de 1600 prisonniers se sont engag\u00e9s, le 17 avril, dans une gr\u00e8ve de la faim sous le slogan\u00a0\u00ab\u00a0Nous vivrons dans la dignit\u00e9\u00a0\u00bb Ils revendiquent la fin de la tourmente qui est devenue une partie int\u00e9grante du vocabulaire de l\u2019existence Palestinienne.<\/p>\n<p><strong>2.1.<\/strong> La gr\u00e8ve de la faim massive a commenc\u00e9 le 17 avril 2012 pour marquer la Journ\u00e9e des Prisonniers Palestiniens. Cependant, plusieurs prisonniers avaient auparavant entam\u00e9 une gr\u00e8ve de la faim\u00a0; certains ont m\u00eame d\u00e9pass\u00e9 le cap des 50 jours.<\/p>\n<p><strong>2.2.<\/strong> Deux cas ont \u00e9t\u00e9 largement m\u00e9diatis\u00e9s durant cette p\u00e9riode de gr\u00e8ve. Il s\u2019agit de Khader Adnan et de Hanan Al Shalabi.<\/p>\n<p><strong>2.3.<\/strong> Certains prisonniers ont, vers la fin de l\u2019ann\u00e9e 2011, entam\u00e9 une gr\u00e8ve de la faim de 20 jours. Du fait de la m\u00e9diation \u00e9gyptienne, les prisonniers et les autorit\u00e9s isra\u00e9liennes sont parvenus \u00e0 un accord stipulant la suspension de l\u2019isolement cellulaire.<\/p>\n<p><strong>2.4.<\/strong> Peu de temps apr\u00e8s, Isra\u00ebl a rompu le contrat et a de nouveau eu recours \u00e0 l\u2019isolement cellulaire, en imposant cette fois-ci aux prisonniers des mesures encore plus strictes.<\/p>\n<p><strong>2.5.<\/strong> Les prisonniers sont enferm\u00e9s dans des cellules minuscules de 1.8 m sur 2.7 m. Cet espace r\u00e9duit ne permet pas aux prisonniers de bouger ni de ranger leurs effets personnels.<\/p>\n<p><strong>2.6.<\/strong> Les cellules d\u2019isolement sont sp\u00e9cialement con\u00e7ues pour resserrer l\u2019\u00e9tau sur les prisonniers en les soumettant \u00e0 des pressions physiques et psychologiques. Les cellules sont constitu\u00e9es de murs en ciment, sans finitions, peints avec des couleurs ternes, et un faible \u00e9clairage. Dans un petit coin du mur, il y a souvent une petite ouverture qui permet \u00e0 peine la p\u00e9n\u00e9tration de l\u2019air \u00e0 l\u2019int\u00e9rieur. De plus, les cellules sont tr\u00e8s humides, ce qui favorise la transmission des maladies, notamment les probl\u00e8mes respiratoires et les maladies de la peau.<\/p>\n<p><strong>2.7.<\/strong> Outre les coupures d\u2019\u00e9lectricit\u00e9, les prisonniers se voient souvent refuser le droit \u00e0 la visite des proches et des avocats.<\/p>\n<p><strong>2.8.<\/strong> Isra\u00ebl se sert de l\u2019isolement cellulaire comme mesure punitive contre les leaders de la r\u00e9sistance les plus influents et ce, dans le but d\u2019an\u00e9antir leur d\u00e9termination et d\u2019affaiblir leur endurance physique et morale.<\/p>\n<p><strong>2.9.<\/strong> Le gouvernement actuel de Netanyahu a vot\u00e9 une loi dite \u00ab\u00a0loi Shalit\u00a0\u00bb, suite \u00e0 laquelle les conditions de d\u00e9tention se sont remarquablement d\u00e9t\u00e9rior\u00e9es. Cette loi est intervenue avant la lib\u00e9ration du soldat isra\u00e9lien captur\u00e9, Gilad Shalit.<\/p>\n<p><strong>2.10.<\/strong> Les prisonniers qui ne sont pas en isolement cellulaire ouvrent g\u00e9n\u00e9ralement droit \u00e0 une sortie en plein air, une heure par jour dans le but de b\u00e9n\u00e9ficier des rayons du soleil\u00a0; un moment de r\u00e9pit l\u00e9gal qui n\u2019est pas accord\u00e9 aux prisonniers en isolement. Toutefois, il leur arrive d\u2019en b\u00e9n\u00e9ficier suivant l\u2019humeur des ge\u00f4liers qui peuvent d\u00e9cider \u00e0 n\u2019importe quel moment de faire sortir les prisonniers. Parfois, la sortie est programm\u00e9e \u00e0 6h du matin, m\u00eame s\u2019il pleut ou s\u2019il fait tr\u00e8s froid. Bien entendu, le prisonnier n\u2019a pas le droit de demander le report de la pause, et si tel est le cas, il risque de perdre l\u2019occasion de sortir pendant toute la journ\u00e9e.<\/p>\n<p><strong>2.11.<\/strong> S\u2019agissant de la nourriture, la r\u00e8gle fait qu\u2019elle soit affreusement de qualit\u00e9 m\u00e9diocre et immangeable. Par voie de cons\u00e9quence, les prisonniers, lorsque l\u2019occasion s\u2019offre \u00e0 eux, font souvent des achats de la cantine de la prison. Cette mesure p\u00e8se davantage sur la situation financi\u00e8re du prisonnier et de sa famille.<\/p>\n<p><strong>2.12.<\/strong> Quant aux prisonniers en isolement, les cantines leur sont interdites ainsi que l\u2019argent ou les cadeaux re\u00e7us de leurs familles ou autres. Ils sont cependant oblig\u00e9s de consommer la nourriture qui leur est propos\u00e9e, et souffrent constamment de malnutrition, de troubles de la vision et d\u2019an\u00e9mies. Les diff\u00e9rentes carences sont le r\u00e9sultat des repas insuffisants en quantit\u00e9 et en qualit\u00e9. En effet, les prisonniers ont seulement le droit de demander de l\u2019eau \u00e0 des moments pr\u00e9cis, ce qui n\u2019arrange pas trop les choses, notamment pendant l\u2019\u00e9t\u00e9 o\u00f9 ils ont le plus besoin de consommer de grandes quantit\u00e9s d\u2019eau.<\/p>\n<p><strong>2.13.<\/strong> Les autorit\u00e9s isra\u00e9liennes utilisent une forme de punition exceptionnellement rigoureuse. Il s\u2019agit du principe du \u00ab\u00a0sunduq\u00a0\u00bb (bo\u00eete), une cellule de 180 cm de long sur 150 cm de large. Inutile de pr\u00e9ciser que cet espace suffit \u00e0 peine \u00e0 dormir ou \u00e0 faire la pri\u00e8re et contient deux r\u00e9cipients, le premier pour boire de l\u2019eau et le second pour uriner. Ceux qui ont eu la malchance de se retrouver l\u00e0 ne sont autoris\u00e9s \u00e0 aller aux toilettes qu\u2019une fois par jour. Pour surmonter cet obstacle, les prisonniers essaient de manger le minimum afin de r\u00e9duire le besoin d\u2019aller aux toilettes.<\/p>\n<p><strong>2.14.<\/strong> Les prisonniers du \u00ab\u00a0sunduq\u00a0\u00bb n\u2019ont pas le droit d\u2019avoir des montres, des horloges, des radios, des journaux ou des t\u00e9l\u00e9visions. Ils n\u2019ont pas le droit d\u2019acheter ce dont ils ont besoin et ne sont m\u00eame pas autoris\u00e9s \u00e0 avoir des oreillers.<\/p>\n<p><strong>Revendications fondamentales \u2013 Vivre dans la dignit\u00e9 et\u00a0:<\/strong><\/p>\n<p>Mettre un terme \u00e0 la pratique arbitraire qu\u2019est la d\u00e9tention administrative.<\/p>\n<p>Mettre un terme \u00e0 l\u2019isolement cellulaire.<\/p>\n<p>All\u00e9ger les cellules encombr\u00e9es.<\/p>\n<p>Lever les restrictions impos\u00e9es aux visites des proches.<\/p>\n<p>Am\u00e9liorer les soins m\u00e9dicaux.<\/p>\n<p>Mettre un terme \u00e0 l\u2019humiliation que subissent les proches des prisonniers au niveau des checkpoints, qu\u2019ils soient sur le chemin de la prison ou sur celui du retour.<\/p>\n<\/div>\n<div id=\"article-ps\">\n<p style=\"text-align: justify;\">Le 26 avril 2012 \u2013 Article disponible \u00e0\u00a0:<br \/>\n<a href=\"http:\/\/www.middleeastmonitor.org.uk\/downloads\/factsheets\/why-palestinian-prisoners-are-on-hunger-strike.pdf\">http:\/\/www.middleeastmonitor.org.uk\u2026<\/a><br \/>\n<a href=\"http:\/\/www.info-palestine.net\/article.php3?id_article=12137\">Traduction\u00a0: Info-Palestine.net<\/a> \u2013 Niha<\/p>\n<p style=\"text-align: right;\"><a href=\"https:\/\/bruxelles-pantheres.be\/wp-content\/uploads\/2013\/11\/addameer-040512.jpg\"><img decoding=\"async\" class=\"alignnone size-full wp-image-1166\" alt=\"addameer-040512\" src=\"https:\/\/bruxelles-pantheres.be\/wp-content\/uploads\/2013\/11\/addameer-040512.jpg\" width=\"500\" height=\"500\" srcset=\"https:\/\/bruxelles-pantheres.be\/wp-content\/uploads\/2013\/11\/addameer-040512.jpg 500w, https:\/\/bruxelles-pantheres.be\/wp-content\/uploads\/2013\/11\/addameer-040512-300x300.jpg 300w, https:\/\/bruxelles-pantheres.be\/wp-content\/uploads\/2013\/11\/addameer-040512-150x150.jpg 150w\" sizes=\"(max-width: 500px) 100vw, 500px\" \/><\/a><\/p>\n<\/div>\n<\/div>\n","protected":false},"excerpt":{"rendered":"<p>Pourquoi les Palestiniens ont-ils entam\u00e9 une gr\u00e8ve de la faim ? Une manifestation, le 16 avril 2012, pr\u00e8s de J\u00e9nine, en Cisjordanie, pour la lib\u00e9ration des Palestiniens d\u00e9tenus en Isra\u00ebl \u2013 Photo\u00a0: AFP\/Saif Dahlan<\/p>\n","protected":false},"author":1,"featured_media":1166,"comment_status":"open","ping_status":"open","sticky":false,"template":"","format":"standard","meta":{"footnotes":""},"categories":[21,6,8],"tags":[29],"class_list":["post-1165","post","type-post","status-publish","format-standard","has-post-thumbnail","hentry","category-anti-imperialisme","category-palestine-moyen-orient","category-prisons","tag-torture"],"_links":{"self":[{"href":"https:\/\/bruxelles-pantheres.be\/index.php?rest_route=\/wp\/v2\/posts\/1165","targetHints":{"allow":["GET"]}}],"collection":[{"href":"https:\/\/bruxelles-pantheres.be\/index.php?rest_route=\/wp\/v2\/posts"}],"about":[{"href":"https:\/\/bruxelles-pantheres.be\/index.php?rest_route=\/wp\/v2\/types\/post"}],"author":[{"embeddable":true,"href":"https:\/\/bruxelles-pantheres.be\/index.php?rest_route=\/wp\/v2\/users\/1"}],"replies":[{"embeddable":true,"href":"https:\/\/bruxelles-pantheres.be\/index.php?rest_route=%2Fwp%2Fv2%2Fcomments&post=1165"}],"version-history":[{"count":2,"href":"https:\/\/bruxelles-pantheres.be\/index.php?rest_route=\/wp\/v2\/posts\/1165\/revisions"}],"predecessor-version":[{"id":1168,"href":"https:\/\/bruxelles-pantheres.be\/index.php?rest_route=\/wp\/v2\/posts\/1165\/revisions\/1168"}],"wp:featuredmedia":[{"embeddable":true,"href":"https:\/\/bruxelles-pantheres.be\/index.php?rest_route=\/wp\/v2\/media\/1166"}],"wp:attachment":[{"href":"https:\/\/bruxelles-pantheres.be\/index.php?rest_route=%2Fwp%2Fv2%2Fmedia&parent=1165"}],"wp:term":[{"taxonomy":"category","embeddable":true,"href":"https:\/\/bruxelles-pantheres.be\/index.php?rest_route=%2Fwp%2Fv2%2Fcategories&post=1165"},{"taxonomy":"post_tag","embeddable":true,"href":"https:\/\/bruxelles-pantheres.be\/index.php?rest_route=%2Fwp%2Fv2%2Ftags&post=1165"}],"curies":[{"name":"wp","href":"https:\/\/api.w.org\/{rel}","templated":true}]}}