{"id":1174,"date":"2012-05-08T22:26:02","date_gmt":"2012-05-08T21:26:02","guid":{"rendered":"https:\/\/bruxelles-pantheres.be\/?p=1174"},"modified":"2013-11-15T22:27:51","modified_gmt":"2013-11-15T21:27:51","slug":"bds-legalite-ou-rien","status":"publish","type":"post","link":"https:\/\/bruxelles-pantheres.be\/?p=1174","title":{"rendered":"BDS : \u00ab L\u2019\u00e9galit\u00e9 ou rien ! \u00bb"},"content":{"rendered":"<p>&nbsp;<\/p>\n<div class=\"entry-content\">\n<div><strong><a href=\"http:\/\/storage.canalblog.com\/78\/85\/217331\/75456588.gif\" target=\"_blank\"><img decoding=\"async\" class=\"aligncenter\" alt=\"Global BDS Movement\" src=\"http:\/\/storage.canalblog.com\/78\/85\/217331\/75456588_p.gif\" width=\"200\" height=\"120\" border=\"0\" \/><\/a><\/strong><\/div>\n<div style=\"text-align: justify;\"><strong><br \/>\n<\/strong><\/div>\n<div style=\"text-align: justify;\"><strong>BDS pour les droits des Palestiniens\u00a0: \u00ab\u00a0L\u2019\u00e9galit\u00e9 ou rien\u00a0!\u00a0\u00bb<\/strong><\/div>\n<p style=\"text-align: justify;\">dimanche 6 mai 2012 \u2013 Omar Barghouti<br \/>\nThe Nation<\/p>\n<div style=\"text-align: justify;\">\n<div>\n<div><img decoding=\"async\" alt=\"(JPG)\" src=\"http:\/\/www.info-palestine.net\/IMG\/jpg\/A0-337-2.jpg\" width=\"480\" height=\"337\" \/><\/div>\n<p>Le droit des Palestiniens \u00e0 l\u2019\u00e9galit\u00e9 n\u2019est ni n\u00e9gociable ni relatif\u00a0; il est la condition sine qua non d\u2019une paix juste en Palestine et dans la r\u00e9gion. Comme <a href=\"http:\/\/www.amazon.fr\/Isra%C3%ABl-Palestine-l%C3%A9galit%C3%A9-ou-rien\/dp\/2913372031\">Edward Sa\u00efd le disait<\/a>\u00a0: <strong>\u00ab\u00a0<em>L\u2019\u00e9galit\u00e9 ou rien\u00a0!<\/em>\u00a0\u00bb.<\/strong><\/p>\n<p>Quiconque soutient l\u2019autod\u00e9termination des Palestiniens en appelant <em>simplement<\/em> \u00e0 la fin d\u2019une occupation isra\u00e9lienne de 45 ans de la bande de Gaza et de la Cisjordanie dont J\u00e9rusalem-Est, ne fait que d\u00e9fendre <em>beaucoup<\/em> des droits de seulement 38 % des Palestiniens, comptant sur les autres pour qu\u2019ils acceptent l\u2019injustice comme une fatalit\u00e9. <strong>D\u2019apr\u00e8s les <a href=\"http:\/\/english.wafa.ps\/index.php?action=detail&amp;id=18485\">statistiques 2011<\/a>, sur les 11,2 millions de Palestiniens, 50 % vivent en exil,<\/strong> beaucoup \u00e9tant priv\u00e9s de leur droit \u00e9nonc\u00e9 par les Nations-Unies au retour dans leurs foyers d\u2019origine, et 12 % sont des citoyens palestiniens d\u2019Isra\u00ebl qui vivent sous un syst\u00e8me de \u00ab\u00a0<em>discrimination institutionnelle, juridique et soci\u00e9tale<\/em>\u00a0\u00bb, selon le <a href=\"http:\/\/www.state.gov\/j\/drl\/rls\/hrrpt\/2010\/nea\/154463.htm\">D\u00e9partement d\u2019\u00c9tat US<\/a>. <strong>Plus des deux tiers des Palestiniens sont des r\u00e9fugi\u00e9s ou des personnes d\u00e9plac\u00e9es \u00e0 l\u2019int\u00e9rieur.<\/strong><\/p>\n<p><strong>L\u2019\u00e9galit\u00e9 des droits pour les Palestiniens, cela signifie, au minimum\u00a0:<\/strong><\/p>\n<p><strong><img decoding=\"async\" alt=\"-\" src=\"http:\/\/www.info-palestine.net\/puce.gif\" \/>\u00a0\u00a0la fin de l\u2019occupation et de la colonisation de 1967 par Isra\u00ebl, <\/strong><br \/>\n<strong><img decoding=\"async\" alt=\"-\" src=\"http:\/\/www.info-palestine.net\/puce.gif\" \/>\u00a0\u00a0la fin du syst\u00e8me de discrimination raciale en Isra\u00ebl, <\/strong><br \/>\n<strong><img decoding=\"async\" alt=\"-\" src=\"http:\/\/www.info-palestine.net\/puce.gif\" \/>\u00a0\u00a0et le respect du droit des r\u00e9fugi\u00e9s palestiniens au retour sur leurs terres d\u2019o\u00f9 ils ont \u00e9t\u00e9 chass\u00e9s par le nettoyage ethnique qu\u2019ils ont subi durant la Nakba de 1948.<!--more--><\/strong><\/p>\n<p>L\u2019<a href=\"http:\/\/www.info-palestine.net\/article.php3?id_article=11504\">appel palestinien de juillet 2005 au Boycott, D\u00e9sinvestissement et Sanctions (BDS)<\/a> a \u00e9t\u00e9 approuv\u00e9 par une majorit\u00e9 \u00e9crasante de Palestiniens, parce qu\u2019il soutient les trois. En faisant appel aux personnes de conscience de par le monde pour aider \u00e0 mettre fin \u00e0 ce syst\u00e8me d\u2019oppression isra\u00e9lien \u00e0 trois niveaux, le mouvement BDS ne leur demande rien d\u2019h\u00e9ro\u00efque. Il leur demande simplement de cesser toute complicit\u00e9 dans l\u2019oppression.<\/p>\n<p>En outre, avec les milliards de dollars g\u00e9n\u00e9reusement distribu\u00e9s chaque ann\u00e9e par les \u00c9tats-Unis \u00e0 Isra\u00ebl, les contribuables \u00e9tats-uniens subventionnent les violations du droit international par Isra\u00ebl \u00e0 un moment o\u00f9 les programmes sociaux am\u00e9ricains subissent de s\u00e9rieuses coupes budg\u00e9taires. <strong>S\u2019efforcer de mettre fin \u00e0 la complicit\u00e9 US avec l\u2019occupation est bon pour les Palestiniens, et aussi pour les 99 % qui se battent pour la justice sociale et contre la guerre perp\u00e9tuelle.<\/strong><\/p>\n<p>S\u2019appuyant sur son ascendance mondiale, <strong>le mouvement BDS \u2013 dirig\u00e9 par la coalition la plus large dans la soci\u00e9t\u00e9 civile palestinienne<\/strong>, le <a href=\"http:\/\/www.bdsmovement.net\/BNC#.T6U24ujnA-1\">Comit\u00e9 national BDS<\/a> \u2013 se r\u00e9pand \u00e0 travers les \u00c9tats-Unis, sp\u00e9cialement sur les campus et dans les \u00c9glises, remportant des victoires significatives comme celle de l\u2019<a href=\"http:\/\/www.info-palestine.net\/article.php3?id_article=12107\">Olympia Food Co-op<\/a>. Mondialement, les <a href=\"http:\/\/www.info-palestine.net\/recherche.php3?recherche=+syndicat\">f\u00e9d\u00e9rations syndicales<\/a> ayant des millions d\u2019adh\u00e9rents ont approuv\u00e9 BDS. <a href=\"http:\/\/www.info-palestine.net\/article.php3?id_article=11093\">Veolia<\/a> et <a href=\"http:\/\/www.info-palestine.net\/article.php3?id_article=11366\">Alstom<\/a>, deux soci\u00e9t\u00e9s complices de l\u2019occupation isra\u00e9lienne, ont perdu pour des milliards de dollars de contrats. <a href=\"http:\/\/www.info-palestine.net\/article.php3?id_article=11116\">Deutsche Bahn<\/a>, compagnie ferroviaire contr\u00f4l\u00e9e par le gouvernement allemand, s\u2019est retir\u00e9e d\u2019un projet isra\u00e9lien qui empi\u00e9tait sur la terre palestinienne occup\u00e9e. L\u2019<a href=\"http:\/\/www.info-palestine.net\/article.php3?id_article=10384\">universit\u00e9 de Johannesburg<\/a> a coup\u00e9 tout lien avec l\u2019universit\u00e9 Ben Gourion \u00e0 cause des violations des droits humains. Des artistes de renomm\u00e9e mondiale \u2013 notamment, pour les plus r\u00e9cents, <a href=\"http:\/\/www.bdsfrance.org\/index.php?option=com_content&amp;view=article&amp;id=708%3Avictoire-cat-power-annule-son-concert-en-israel-&amp;catid=10%3Aactualites-bds-dans-le-monde&amp;Itemid=1&amp;lang=fr\">Cat Power<\/a> et <a href=\"http:\/\/www.bdsfrance.org\/index.php?option=com_content&amp;view=article&amp;id=754%3Alettre-de-remerciements-collective-a-cassandra-wilson&amp;catid=35%3Aactions&amp;Itemid=77&amp;lang=fr\">Cassandra Wilson<\/a> \u2013 ont annul\u00e9 leurs repr\u00e9sentations en Isra\u00ebl, respectant le boycott culturel et faisant de Tel Aviv en un nouveau <a href=\"http:\/\/en.wikipedia.org\/wiki\/Sun_City,_North_West\">Sun City<\/a>.<\/p>\n<p><strong>BDS d\u00e9fend l\u2019\u00e9galit\u00e9 des droits pour tous et s\u2019oppose \u00e0 toutes les formes de racisme, y compris l\u2019antis\u00e9mitisme.<\/strong> Cet engagement universaliste a gagn\u00e9 des c\u0153urs et des esprits dans le monde, d\u00e9clenchant la panique et les <a href=\"http:\/\/electronicintifada.net\/blogs\/ali-abunimah\/bds-nazism-and-omar-barghouti-hitler-says-upenn-professor-shocking-smear\">tentatives d\u2019intimidation les plus outranci\u00e8res<\/a> pour \u00e9craser le BDS aux \u00c9tats-Unis, comme en ont t\u00e9moign\u00e9 la conf\u00e9rence nationale BDS \u00e0 l\u2019universit\u00e9 de Pennsylvanie et le vote de la Co-op de Park Slope sur le boycott des produits isra\u00e9liens, o\u00f9 pr\u00e8s de 40 % ont vot\u00e9 pour le BDS. Peut-\u00eatre incit\u00e9 par cette int\u00e9gration du BDS, le Pr\u00e9sident Obama l\u2019a attaqu\u00e9 pour la premi\u00e8re fois dans son r\u00e9cent discours \u00e0 l\u2019AIPAC, se joignant \u00e0 de nombreux politiciens US qui se mettent, avec leurs v\u00e9h\u00e9mentes diffamations contre BDS, sur le m\u00eame plan moral que ces Am\u00e9ricains blancs qui s\u2019opposaient au boycott des bus de Montgomery et\/ou au boycott de l\u2019Afrique du Sud de l\u2019apartheid.<\/p>\n<p><strong>Avec ses succ\u00e8s impressionnants dans les domaines \u00e9conomiques et culturels, et avec l\u2019impact grandissant de ses <a href=\"http:\/\/boycottisrael.info\/\">partisans isra\u00e9liens<\/a>, BDS est consid\u00e9r\u00e9 par l\u2019establishment d\u2019Isra\u00ebl comme une \u00ab\u00a0menace strat\u00e9gique\u00a0\u00bb pour son syst\u00e8me d\u2019oppression \u2013 \u00e0 savoir, l\u2019occupation, le colonialisme et l\u2019apartheid.<\/strong> Ceci explique le vote \u00e0 la Knesset de la loi draconienne anti-boycott, l\u2019an dernier, un vote qui met bas le dernier masque de la pr\u00e9tendue d\u00e9mocratie d\u2019Isra\u00ebl. Mais les campagnes de plusieurs millions de dollars du minist\u00e8re des Affaires \u00e9trang\u00e8res isra\u00e9lien contre le BDS, pour relooker l\u2019image d\u2019Isra\u00ebl par l\u2019art et les sciences et en utilisant cyniquement les droits des LGBT (Lesbiennes, gays, bisexuels et transgenres) pour <a href=\"http:\/\/www.info-palestine.net\/article.php3?id_article=12131\"><em>pinkwasher<\/em><\/a> le d\u00e9ni d\u2019Isra\u00ebl des droits fondamentaux palestiniens, ces campagnes ont largement \u00e9chou\u00e9.<\/p>\n<p>De tous les partisans internationaux du BDS, l\u2019<a href=\"http:\/\/www.info-palestine.net\/article.php3?id_article=4484\">archev\u00eaque Desmond Tutu<\/a> est parmi les plus \u00e9loquents quand il argumente sur les pratiques d\u2019apartheid d\u2019Isra\u00ebl. Le Tribunal Russel sur la Palestine, dans sa r\u00e9cente <a href=\"http:\/\/www.info-palestine.net\/article.php3?id_article=11063\">session au Cap<\/a>, a constat\u00e9 qu\u2019Isra\u00ebl pratiquait l\u2019apartheid contre l\u2019ensemble du peuple palestinien. De m\u00eame, <strong>des dirigeants chr\u00e9tiens d\u2019Afrique du Sud ont condamn\u00e9 l\u2019apartheid d\u2019Isra\u00ebl comme \u00e9tant \u00ab\u00a0<em>encore pire que l\u2019apartheid sud-africain<\/em>\u00a0\u00bb.<\/strong> Et l\u2019\u00e9diteur de <a href=\"http:\/\/www.haaretz.com\/opinion\/the-necessary-elimination-of-israeli-democracy-1.397625\"><em>Ha\u2019aretz<\/em><\/a>, quotidien influent isra\u00e9lien, a r\u00e9cemment d\u00e9crit une id\u00e9ologie isra\u00e9lienne fanatique de \u00ab\u00a0<em>saisie territoriale et d\u2019apartheid<\/em>\u00a0\u00bb.<\/p>\n<p><strong>Avec son si\u00e8ge de Gaza qui se poursuit\u00a0; ses constructions sauvages dans les colonies ill\u00e9gales et le mur en Cisjordanie occup\u00e9e\u00a0; sa strat\u00e9gie de <a href=\"http:\/\/www.info-palestine.net\/article.php3?id_article=11790\">\u00ab\u00a0juda\u00efsation\u00a0\u00bb<\/a> \u00e0 J\u00e9rusalem, en Galil\u00e9e, dans la vall\u00e9e du Jourdain et au Naqab (N\u00e9guev)\u00a0; son adoption de nouvelles lois racistes et son d\u00e9ni des droits des r\u00e9fugi\u00e9s, Isra\u00ebl s\u2019est embarqu\u00e9 dans une phase plus agressive pour tenter d\u2019\u00e9touffer la question de la Palestine en faisant \u00ab\u00a0dispara\u00eetre\u00a0\u00bb litt\u00e9ralement les Palestiniens, comme le dirait Sa\u00efd.<\/strong><\/p>\n<p>Isra\u00ebl et ses groupes lobbyistes bien rod\u00e9s, que <a href=\"http:\/\/www.nytimes.com\/2011\/12\/14\/opinion\/friedman-newt-mitt-bibi-and-vladimir.html\">Thomas Friedman<\/a> accuse d\u2019avoir achet\u00e9 l\u2019all\u00e9geance du Congr\u00e8s, ont essay\u00e9 de d\u00e9l\u00e9gitimer la volont\u00e9 des Palestiniens pour l\u2019\u00e9galit\u00e9 des droits en pr\u00e9tendant que si l\u2019appel non violent du BDS insistait sur l\u2019\u00e9galit\u00e9 des droits et le droit au retour, c\u2019\u00e9tait dans l\u2019objectif de \u00ab\u00a0<em>d\u00e9truire Isra\u00ebl<\/em>\u00a0\u00bb. Mais si l\u2019\u00e9galit\u00e9 et la justice d\u00e9truisent Isra\u00ebl, alors que dire d\u2019Isra\u00ebl\u00a0? L\u2019\u00e9galit\u00e9 et la justice ont-elles d\u00e9truit l\u2019Afrique du Sud\u00a0? Ont-elles d\u00e9truit l\u2019Alabama\u00a0? La justice et l\u2019\u00e9galit\u00e9 n\u2019ont fait que d\u00e9truire leur n\u00e9gation, leur injustice et l\u2019in\u00e9galit\u00e9. La contestation efficace par le mouvement BDS de l\u2019apartheid et du joug colonial isra\u00e9liens p\u00e9trifie Isra\u00ebl et ses lobbies.<\/p>\n<p>Pr\u00eats \u00e0 tout pour \u00ab\u00a0sauver Isra\u00ebl\u00a0\u00bb, surtout en tant qu\u2019\u00c9tat apartheid, et motiv\u00e9s par une crainte r\u00e9elle de la disparition du sionisme, les sionistes \u00ab\u00a0lib\u00e9raux\u00a0\u00bb sont sous une pression exceptionnelle \u00e9tant donn\u00e9 la rapidit\u00e9 avec laquelle s\u2019\u00e9tend le BDS. Conscients de l\u2019impact de son appel sur un nombre de plus en plus grand de militants juifs plus jeunes, certains veulent brouiller les cartes en faisant la promotion d\u2019un boycott sioniste conciliant, pour saper le mouvement. Mais <strong>BDS est un mouvement moralement coh\u00e9rent, bas\u00e9 sur le droit, qui ne peut coexister avec aucune sorte de racisme, dont le sionisme. Un \u00ab\u00a0BDS sioniste\u00a0\u00bb est aussi logique qu\u2019une \u00ab\u00a0\u00e9galit\u00e9 raciste\u00a0\u00bb\u00a0!<\/strong><\/p>\n<p>BDS concerne les droits palestiniens dans leur ensemble, pas pour simplement mettre fin \u00e0 l\u2019occupation isra\u00e9lienne de quelque territoire palestinien dens\u00e9ment peupl\u00e9 afin de sauver Isra\u00ebl et qu\u2019il soit un apartheid \u00ab\u00a0plus pur\u00a0\u00bb. <strong>M\u00eame ceux qui visent \u00e0 la fin de l\u2019occupation, sans plus s\u2019occuper des droits fondamentaux du plus grand nombre de Palestiniens, se battent pour expliquer leur opposition \u00e0 un boycott total d\u2019Isra\u00ebl, puissance occupante qui en vertu du droit international porte l\u2019enti\u00e8re responsabilit\u00e9 de l\u2019occupation et de ses manifestations.<\/strong> Le mouvement BDS appelle \u00e0 boycotter Isra\u00ebl, comme l\u2019Afrique du Sud a \u00e9t\u00e9 la cible de boycotts \u00e0 cause de son r\u00e9gime d\u2019apartheid, la Chine de son occupation du Tibet, et le Soudan de ses crimes au Darfour.<\/p>\n<p>Pourtant, BDS n\u2019est pas un mouvement dogmatique ou centralis\u00e9 \u2013 tout est li\u00e9 \u00e0 la sensibilit\u00e9 du contexte et \u00e0 la cr\u00e9ativit\u00e9. <strong>Les partisans du BDS, dans leur contexte particulier, d\u00e9cident de leurs cibles et des moyens pour mobiliser et organiser leurs campagnes locales. Tant qu\u2019ils respectent les droits fondamentaux de <em>tous<\/em> les Palestiniens, les partenaires internationaux peuvent d\u00e9cider de cibler s\u00e9lectivement les soci\u00e9t\u00e9s impliqu\u00e9es dans l\u2019occupation ou la colonisation isra\u00e9liennes \u00e0 partir de seules consid\u00e9rations pragmatiques, plut\u00f4t que d\u2019approuver les autres injustices d\u2019Isra\u00ebl.<\/strong><\/p>\n<p>Un mouvement qui habite la conscience des citoyens, qui puise ses racines dans les acquis du combat du peuple opprim\u00e9 pour la justice, et qui<strong> s\u2019inspire de l\u2019h\u00e9ritage riche et vari\u00e9 de Nelson Mandela et Martin Luther King Jr, ce mouvement ne peut \u00eatre ni vaincu ni r\u00e9cup\u00e9r\u00e9.<\/strong><\/p>\n<p>Notre moment Afrique du Sud est arriv\u00e9.<br \/>\n<em>Note du r\u00e9dacteur en chef\u00a0: celui-ci est le premier des deux articles qui seront publi\u00e9s sur le Forum sur le BDS. <\/em><\/p>\n<p><img decoding=\"async\" alt=\"(JPG)\" src=\"http:\/\/www.info-palestine.net\/IMG\/jpg\/A0-228.jpg\" width=\"100\" height=\"89\" \/><\/p>\n<p><strong>Omar Barghouti<\/strong> est un militant des droits humains, membre fondateur du mouvement de boycott mondial contre Isra\u00ebl \u00e0 direction palestinienne, et auteur de <em>Boycott, d\u00e9sinvestissement, sanctions. (BDS) contre l\u2019apartheid et l\u2019occupation de la Palestine<\/em> (\u00c9ditions La Fabrique).<\/p>\n<\/div>\n<div>3 mai 2012 \u2013 <a href=\"http:\/\/www.thenation.com\/blog\/167708\/opinionnation-forum-boycott-divestment-sanctions-bds\">The Nation<\/a> et lettre d\u2019Omar Barghouti \u2013 Omar Barghouti \u2013 <a href=\"mailto:omar.barghouti@gmail.com\">omar.barghouti@gmail.com<\/a> \u2013 du 4 mai 2012 \u2013 traduction\u00a0: JPP<\/div>\n<\/div>\n<div style=\"text-align: justify;\"><a href=\"http:\/\/www.info-palestine.net\/article.php3?id_article=12132\">Source<\/a><\/div>\n<\/div>\n","protected":false},"excerpt":{"rendered":"<p>&nbsp; BDS pour les droits des Palestiniens\u00a0: \u00ab\u00a0L\u2019\u00e9galit\u00e9 ou rien\u00a0!\u00a0\u00bb dimanche 6 mai 2012 \u2013 Omar Barghouti The Nation Le droit des Palestiniens \u00e0 l\u2019\u00e9galit\u00e9 n\u2019est ni n\u00e9gociable ni relatif\u00a0; il est la condition sine qua non d\u2019une paix juste en Palestine et dans la r\u00e9gion. Comme Edward Sa\u00efd le disait\u00a0: \u00ab\u00a0L\u2019\u00e9galit\u00e9 ou rien\u00a0!\u00a0\u00bb. Quiconque &#8230; <a title=\"BDS : \u00ab L\u2019\u00e9galit\u00e9 ou rien ! \u00bb\" class=\"read-more\" href=\"https:\/\/bruxelles-pantheres.be\/?p=1174\" aria-label=\"En savoir plus sur BDS : \u00ab L\u2019\u00e9galit\u00e9 ou rien ! \u00bb\">Lire la suite<\/a><\/p>\n","protected":false},"author":1,"featured_media":852,"comment_status":"open","ping_status":"open","sticky":false,"template":"","format":"standard","meta":{"footnotes":""},"categories":[21,6,28],"tags":[66],"class_list":["post-1174","post","type-post","status-publish","format-standard","has-post-thumbnail","hentry","category-anti-imperialisme","category-palestine-moyen-orient","category-racismes","tag-boycott"],"_links":{"self":[{"href":"https:\/\/bruxelles-pantheres.be\/index.php?rest_route=\/wp\/v2\/posts\/1174","targetHints":{"allow":["GET"]}}],"collection":[{"href":"https:\/\/bruxelles-pantheres.be\/index.php?rest_route=\/wp\/v2\/posts"}],"about":[{"href":"https:\/\/bruxelles-pantheres.be\/index.php?rest_route=\/wp\/v2\/types\/post"}],"author":[{"embeddable":true,"href":"https:\/\/bruxelles-pantheres.be\/index.php?rest_route=\/wp\/v2\/users\/1"}],"replies":[{"embeddable":true,"href":"https:\/\/bruxelles-pantheres.be\/index.php?rest_route=%2Fwp%2Fv2%2Fcomments&post=1174"}],"version-history":[{"count":1,"href":"https:\/\/bruxelles-pantheres.be\/index.php?rest_route=\/wp\/v2\/posts\/1174\/revisions"}],"predecessor-version":[{"id":1175,"href":"https:\/\/bruxelles-pantheres.be\/index.php?rest_route=\/wp\/v2\/posts\/1174\/revisions\/1175"}],"wp:featuredmedia":[{"embeddable":true,"href":"https:\/\/bruxelles-pantheres.be\/index.php?rest_route=\/wp\/v2\/media\/852"}],"wp:attachment":[{"href":"https:\/\/bruxelles-pantheres.be\/index.php?rest_route=%2Fwp%2Fv2%2Fmedia&parent=1174"}],"wp:term":[{"taxonomy":"category","embeddable":true,"href":"https:\/\/bruxelles-pantheres.be\/index.php?rest_route=%2Fwp%2Fv2%2Fcategories&post=1174"},{"taxonomy":"post_tag","embeddable":true,"href":"https:\/\/bruxelles-pantheres.be\/index.php?rest_route=%2Fwp%2Fv2%2Ftags&post=1174"}],"curies":[{"name":"wp","href":"https:\/\/api.w.org\/{rel}","templated":true}]}}