{"id":1176,"date":"2012-05-08T22:28:45","date_gmt":"2012-05-08T21:28:45","guid":{"rendered":"https:\/\/bruxelles-pantheres.be\/?p=1176"},"modified":"2013-11-15T22:30:35","modified_gmt":"2013-11-15T21:30:35","slug":"palestine-ces-prisonniers-ignores-en-greve-de-la-faim","status":"publish","type":"post","link":"https:\/\/bruxelles-pantheres.be\/?p=1176","title":{"rendered":"Palestine, ces prisonniers ignor\u00e9s en gr\u00e8ve de la faim"},"content":{"rendered":"<div class=\"entry-content\">\n<div>\n<div style=\"text-align: center;\">\n<h1><strong><img decoding=\"async\" alt=\"\" src=\"http:\/\/storage.canalblog.com\/77\/17\/217331\/75501581.png\" \/><\/strong><\/h1>\n<address><strong>Palestine, ces prisonniers ignor\u00e9s en gr\u00e8ve de la faim<\/strong><\/address>\n<\/div>\n<p><abbr title=\"2012-05-08T10:41:16Z\">mardi 8 mai 2012<\/abbr>, par <a href=\"http:\/\/blog.mondediplo.net\/2012-05-08-Palestine-ces-prisonniers-ignores-en-greve-de-la\">Alain Gresh<\/a><\/p>\n<\/div>\n<p style=\"text-align: justify;\">Imaginons un instant deux mille prisonniers politiques en Chine engag\u00e9s dans une gr\u00e8ve de la fin depuis plusieurs semaines\u00a0; ou bien deux mille autres, mobilis\u00e9s dans un mouvement similaire en Russie. Il y a peu de doute que les t\u00e9l\u00e9visions et les radios, si promptes \u00e0 se mobiliser sur les atteintes aux droits humains dans de lointains pays, ouvriraient leurs bulletins d\u2019information sur cette nouvelle, s\u2019indigneraient de cette violation des droits \u00e9l\u00e9mentaires, appelleraient nos autorit\u00e9s \u00e0 r\u00e9agir et m\u00eame \u00e0 intervenir, \u00e0 imposer des sanctions \u00e0 P\u00e9kin ou \u00e0 Moscou.<\/p>\n<p style=\"text-align: justify;\"><strong>Il y a bien deux mille prisonniers politiques qui font la gr\u00e8ve de la faim, mais en Palestine. Et l\u2019information ne semble pas int\u00e9resser grand-monde. Mais nous le savons depuis longtemps, les Palestiniens, les Arabes, les musulmans ne sont pas vraiment <a href=\"http:\/\/blog.mondediplo.net\/2011-10-12-Gilad-Shalit-et-1-027-autres-etres-humains\">des \u00eatres humains<\/a> comme les autres.<!--more--><\/strong><\/p>\n<p style=\"text-align: justify;\">Revenons d\u2019abord sur les faits, rapport\u00e9s par le correspondant du <em>Monde<\/em> (<a href=\"http:\/\/www.france-palestine.org\/Le-mouvement-de-greve-de-la-faim\" rel=\"external\">\u00ab\u00a0Le mou\u00advement de gr\u00e8ve de la faim des pri\u00adson\u00adniers pales\u00adti\u00adniens en Isra\u00ebl s\u2019\u00e9tendrait \u00e0 2\u00a0000\u00a0d\u00e9tenus\u00a0\u00bb<\/a>, Lemonde.fr, 6\u00a0mai)\u00a0:<\/p>\n<p style=\"text-align: justify;\"><em>\u00ab\u00a0Isra\u00ebl \u00e9prouve des dif\u00adfi\u00adcult\u00e9s crois\u00adsantes \u00e0 contr\u00f4ler le mou\u00advement de gr\u00e8ve de la faim des pri\u00adson\u00adniers pales\u00adti\u00adniens, qui ne cesse de s\u2019\u00e9tendre. Com\u00admenc\u00e9e le 17\u00a0avril pour pro\u00adtester contre la pra\u00adtique de la d\u00e9tention admi\u00adnis\u00adtrative (qui permet de main\u00adtenir un suspect en prison sans jugement, pendant une p\u00e9riode de six mois renou\u00adve\u00adlable), cette action regrou\u00adperait aujourd\u2019hui quelque 2\u00a0000\u00a0d\u00e9tenus, selon Addameer, l\u2019association pales\u00adti\u00adnienne de d\u00e9fense des droits des prisonniers.\u00a0\u00bb<\/em> (\u2026)<\/p>\n<p style=\"text-align: justify;\"><em>\u00ab\u00a0Deux pri\u00adson\u00adniers au moins sont dans un \u00e9tat cri\u00adtique\u00a0: Bilal Diab, \u00e2g\u00e9 de 27\u00a0ans, est ori\u00adgi\u00adnaire de J\u00e9nine, et Thaer Halahla, \u00e2g\u00e9 de 33\u00a0ans, ori\u00adgi\u00adnaire de H\u00e9bron (tous deux membres du Djihad isla\u00admique), ont com\u00admenc\u00e9 leur gr\u00e8ve de la faim le 29\u00a0f\u00e9vrier. Apr\u00e8s soixante-six jours sans ali\u00admen\u00adtation, ils sont entr\u00e9s dans ce que les m\u00e9decins appellent \u201cune phase al\u00e9a\u00adtoire de survie\u201d. Les deux hommes ont comparu, jeudi 3\u00a0mai, sur une chaise rou\u00adlante, devant le Cour supr\u00eame d\u2019Isra\u00ebl, mais celle-ci a renvoy\u00e9 sa d\u00e9cision sur une \u00e9ven\u00adtuelle remise en libert\u00e9 \u00e0 une date ult\u00e9rieure.\u00a0\u00bb<\/em><\/p>\n<p style=\"text-align: justify;\"><em>\u00ab\u00a0Au moins six autres pri\u00adson\u00adniers sont dans un \u00e9tat de sant\u00e9 jug\u00e9 alarmant. Ce mou\u00advement de gr\u00e8ve s\u2019est \u00e9tendu aux prin\u00adcipaux centres de d\u00e9tention en Isra\u00ebl, et plu\u00adsieurs chefs de file de la r\u00e9sis\u00adtance pales\u00adti\u00adnienne, comme Ahmad Saadat, chef du Front popu\u00adlaire pour la lib\u00e9\u00adration de la Palestine (FPLP), l\u2019ont rejoint. Alors que les mani\u00adfes\u00adta\u00adtions de soli\u00addarit\u00e9 se mul\u00adti\u00adplient dans plu\u00adsieurs villes pales\u00adti\u00adniennes, le gou\u00adver\u00adnement du premier ministre isra\u00e9lien, Benyamin N\u00e9ta\u00adnyahou, h\u00e9site sur la conduite \u00e0 adopter.\u00a0\u00bb<\/em><\/p>\n<p style=\"text-align: justify;\"><strong>Cette gr\u00e8ve pose d\u2019abord la question des d\u00e9tentions administratives (c\u2019est-\u00e0-dire sans preuve et sans jugement), une pratique h\u00e9rit\u00e9e de l\u2019\u00e9poque du mandat britannique, quand Londres luttait (1944-1948) contre le \u00ab\u00a0terrorisme sioniste\u00a0\u00bb.<\/strong> Comme je le rappelle dans <a href=\"http:\/\/boutique.monde-diplomatique.fr\/boutique\/livres\/de-quoi-la-palestine-est-elle-le-nom.html\" rel=\"external\"><em>De quoi la Palestine est-elle le nom\u00a0?<\/em><\/a>, ces lois d\u2019exception avaient \u00e9t\u00e9 d\u00e9nonc\u00e9es par nombre de juristes, dont <strong>le docteur Moshe Dunkelblum, qui devait si\u00e9ger plus tard \u00e0 la Cour supr\u00eame d\u2019Isra\u00ebl. Le 7\u00a0f\u00e9vrier 1946, il d\u00e9clarait\u00a0: \u00ab\u00a0Ces ordonnances constituent une menace constante contre les citoyens. Nous, juristes, voyons en elles une violation flagrante des principes fondamentaux de la l\u00e9galit\u00e9, de la justice, de la discipline. Elles l\u00e9galisent le plus parfait arbitraire des autorit\u00e9s militaires et administratives. (\u2026) Elles d\u00e9pouillent les citoyens de leurs droits et conf\u00e8rent aux autorit\u00e9s des pouvoirs illimit\u00e9s.\u00a0\u00bb<\/strong> Mais, une fois arriv\u00e9s au pouvoir, les sionistes oubli\u00e8rent ces critiques et retourn\u00e8rent ces lois contre les Arabes.<\/p>\n<p style=\"text-align: justify;\">La Cour supr\u00eame d\u2019Isra\u00ebl, que certains pr\u00e9sentent comme le garant de la d\u00e9mocratie dans ce pays, a rejet\u00e9 l\u2019appel de deux prisonniers administratifs en gr\u00e8ve de la faim depuis deux mois (<a href=\"http:\/\/www.haaretz.com\/news\/diplomacy-defense\/court-rejects-petition-by-palestinian-hunger-strikers-against-detention-1.428857\" rel=\"external\">\u00ab\u00a0Court rejects petition by Palestinian hunger strikers against detention\u00a0\u00bb<\/a>, <em>Haaretz<\/em>, 8\u00a0mai 2012). En toute hypocrisie, elle a not\u00e9 que cette pratique de la d\u00e9tention administrative \u00e9tait <em>\u00ab\u00a0une aberration dans le domaine juridique\u00a0\u00bb<\/em> et devait donc \u00eatre utilis\u00e9e <em>\u00ab\u00a0aussi peu que possible\u00a0\u00bb<\/em>, mais les prisonniers qui avaient fait appel \u00e9taient d\u00e9bout\u00e9s. <strong>Il fut un temps o\u00f9 Isra\u00ebl autorisait officiellement des <em>\u00ab\u00a0pressions physiques mod\u00e9r\u00e9es\u00a0\u00bb<\/em> contre les d\u00e9tenus palestiniens\u00a0: un peu de torture, pas trop\u2026<\/strong> Une d\u00e9cision que cette Cour supr\u00eame \u00ab\u00a0humaniste\u00a0\u00bb a soutenue jusqu\u2019en 1999 (on \u00e9tait, \u00e0 l\u2019\u00e9poque, en pleines \u00ab\u00a0n\u00e9gociations de paix\u00a0\u00bb entre Isra\u00ebl et l\u2019OLP\u00a0!).<\/p>\n<p style=\"text-align: justify;\"><strong>La gr\u00e8ve des prisonniers palestiniens a \u00e9t\u00e9 relay\u00e9e par les d\u00e9clarations de Richard Falk, le rap\u00adporteur sp\u00e9cial de l\u2019ONU pour les droits de l\u2019homme dans les ter\u00adri\u00adtoires pales\u00adti\u00adniens occup\u00e9s, qui s\u2019est d\u00e9clar\u00e9<\/strong> <em>\u00ab\u00a0\u00e9c\u0153ur\u00e9 par les vio\u00adla\u00adtions continues des droits de l\u2019homme dans les prisons isra\u00e9\u00adliennes. Depuis 1967, 750\u00a0000\u00a0Pales\u00adti\u00adniens, dont 23\u00a0000\u00a0femmes et 25\u00a0000\u00a0enfants, ont \u00e9t\u00e9 en d\u00e9tention dans les prisons isra\u00e9\u00adliennes, soit pr\u00e8s de 20% du total de la popu\u00adlation pales\u00adti\u00adnienne des ter\u00adri\u00adtoires occup\u00e9s\u00a0\u00bb<\/em>, a-t-il rappel\u00e9 (cit\u00e9 dans Armin Arefi, <a href=\"http:\/\/www.france-palestine.org\/Israel-la-derniere-arme-des\" rel=\"external\">\u00ab\u00a0Isra\u00ebl\u00a0: la derni\u00e8re arme des prisonniers palestiniens\u00a0\u00bb<\/a>, AFPS).<\/p>\n<p style=\"text-align: justify;\"><strong>Conclusions\u00a0: silence radio dans la plupart des m\u00e9dias\u00a0; aucune pression sur le gouvernement isra\u00e9lien\u00a0; aucune indignation morale de tous ces grands intellectuels\u2026 La terre continue de tourner et certains s\u2019\u00e9tonnent que les discours europ\u00e9ens sur la d\u00e9mocratie et les droits humains suscitent surtout des ricanements dans le monde arabe.<\/strong><\/p>\n<p style=\"text-align: justify;\"><img decoding=\"async\" alt=\"\" src=\"http:\/\/storage.canalblog.com\/45\/80\/217331\/75501583.png\" \/><\/p>\n<\/div>\n","protected":false},"excerpt":{"rendered":"<p>Palestine, ces prisonniers ignor\u00e9s en gr\u00e8ve de la faim mardi 8 mai 2012, par Alain Gresh Imaginons un instant deux mille prisonniers politiques en Chine engag\u00e9s dans une gr\u00e8ve de la fin depuis plusieurs semaines\u00a0; ou bien deux mille autres, mobilis\u00e9s dans un mouvement similaire en Russie. Il y a peu de doute que les &#8230; <a title=\"Palestine, ces prisonniers ignor\u00e9s en gr\u00e8ve de la faim\" class=\"read-more\" href=\"https:\/\/bruxelles-pantheres.be\/?p=1176\" aria-label=\"En savoir plus sur Palestine, ces prisonniers ignor\u00e9s en gr\u00e8ve de la faim\">Lire la suite<\/a><\/p>\n","protected":false},"author":1,"featured_media":1166,"comment_status":"open","ping_status":"open","sticky":false,"template":"","format":"standard","meta":{"footnotes":""},"categories":[4,6,8,28],"tags":[15],"class_list":["post-1176","post","type-post","status-publish","format-standard","has-post-thumbnail","hentry","category-islamophobie","category-palestine-moyen-orient","category-prisons","category-racismes","tag-resistance"],"_links":{"self":[{"href":"https:\/\/bruxelles-pantheres.be\/index.php?rest_route=\/wp\/v2\/posts\/1176","targetHints":{"allow":["GET"]}}],"collection":[{"href":"https:\/\/bruxelles-pantheres.be\/index.php?rest_route=\/wp\/v2\/posts"}],"about":[{"href":"https:\/\/bruxelles-pantheres.be\/index.php?rest_route=\/wp\/v2\/types\/post"}],"author":[{"embeddable":true,"href":"https:\/\/bruxelles-pantheres.be\/index.php?rest_route=\/wp\/v2\/users\/1"}],"replies":[{"embeddable":true,"href":"https:\/\/bruxelles-pantheres.be\/index.php?rest_route=%2Fwp%2Fv2%2Fcomments&post=1176"}],"version-history":[{"count":1,"href":"https:\/\/bruxelles-pantheres.be\/index.php?rest_route=\/wp\/v2\/posts\/1176\/revisions"}],"predecessor-version":[{"id":1177,"href":"https:\/\/bruxelles-pantheres.be\/index.php?rest_route=\/wp\/v2\/posts\/1176\/revisions\/1177"}],"wp:featuredmedia":[{"embeddable":true,"href":"https:\/\/bruxelles-pantheres.be\/index.php?rest_route=\/wp\/v2\/media\/1166"}],"wp:attachment":[{"href":"https:\/\/bruxelles-pantheres.be\/index.php?rest_route=%2Fwp%2Fv2%2Fmedia&parent=1176"}],"wp:term":[{"taxonomy":"category","embeddable":true,"href":"https:\/\/bruxelles-pantheres.be\/index.php?rest_route=%2Fwp%2Fv2%2Fcategories&post=1176"},{"taxonomy":"post_tag","embeddable":true,"href":"https:\/\/bruxelles-pantheres.be\/index.php?rest_route=%2Fwp%2Fv2%2Ftags&post=1176"}],"curies":[{"name":"wp","href":"https:\/\/api.w.org\/{rel}","templated":true}]}}