{"id":1180,"date":"2012-05-07T22:33:19","date_gmt":"2012-05-07T21:33:19","guid":{"rendered":"https:\/\/bruxelles-pantheres.be\/?p=1180"},"modified":"2013-11-15T22:36:18","modified_gmt":"2013-11-15T21:36:18","slug":"102-jours-de-greve-de-la-faim-pour-rien","status":"publish","type":"post","link":"https:\/\/bruxelles-pantheres.be\/?p=1180","title":{"rendered":"102 jours de gr\u00e8ve de la faim pour rien !"},"content":{"rendered":"<p>&nbsp;<\/p>\n<p>Un article \u00e0 propos de la gr\u00e8ve de la faim men\u00e9e \u00e0 la VUB par 23 personnes sans papier.<br \/>\n(merci Marco Bertolini)<br \/>\nOn ne l\u00e2che rien.<br \/>\nManifestation ce vendredi 11 mai \u00e0 Bruxelles, d\u00e9part \u00e0 16h depuis la Bourse jusqu\u2019au boulevard de Stalingrad.<br \/>\nPr\u00e9lude \u00e0 la Marche Europ\u00e9enne des sans papier qui d\u00e9marrera le 2 juin.<!--more--><\/p>\n<p>&nbsp;<\/p>\n<p><a href=\"http:\/\/www.egalite.be\/wp-content\/uploads\/2012\/05\/soli-migrants2.jpg\"><img decoding=\"async\" class=\"aligncenter size-medium wp-image-2603\" title=\"soli-migrants2\" alt=\"\" src=\"http:\/\/www.egalite.be\/wp-content\/uploads\/2012\/05\/soli-migrants2-222x300.jpg\" width=\"222\" height=\"300\" \/><\/a><\/p>\n<p>&nbsp;<\/p>\n<p>&nbsp;<\/p>\n<div style=\"text-align: justify;\">Le fil d\u2019infosAction socialeFil d\u2019infos04-05-2012Marco Bertolini<\/div>\n<p>&nbsp;<\/p>\n<div>\n<div style=\"text-align: justify;\"><em>Nous avons oubli\u00e9 d\u2019int\u00e9grer cet article dans le num\u00e9ro 336. Le voici en gratuit avec toutes les excuses de la r\u00e9daction aux lecteurs et \u00e0 son auteur.<a href=\"http:\/\/www.alterechos.be\/?p=breves&amp;d=i&amp;c=a&amp;art_id=22361&amp;listby=day&amp;art_date=2012_05_04#.T6fb-W-mvPw.facebook\"> Source<\/a><br \/>\n<\/em><\/div>\n<p style=\"text-align: justify;\"><strong>Cela faisait 102 jours que Djamal, Youssef et les autres, les 23 sans-papiers de la VUB \u00e9taient en gr\u00e8ve de la faim. 102 jours avec au bout l\u2019espoir d\u2019un permis de s\u00e9jour d\u2019un an et d\u2019un permis de travail C.<\/strong><\/p>\n<p style=\"text-align: justify;\">Certains \u00e9taient en Belgique depuis 2003, d\u2019autres depuis 2007 ou 2008. Tous ont rat\u00e9 le coche de la r\u00e9gularisation de 2009, pour des raisons diverses. Youssef avait trouv\u00e9 un job, mais son employeur a fait faillite. D\u2019autres n\u2019\u00e9taient pas en Belgique avant la date du 1er janvier et ont donc \u00e9t\u00e9 d\u00e9bout\u00e9s.<\/p>\n<p style=\"text-align: justify;\">Contrairement \u00e0 ce qu\u2019a d\u00e9clar\u00e9 l\u2019Office des Etrangers \u00e0 la presse, la plupart des sans-papiers avaient bien demand\u00e9 une r\u00e9gularisation de leur s\u00e9jour en Belgique. Mais rarement une action de ce genre aura \u00e9t\u00e9 marqu\u00e9e par tant de rumeurs, de contradictions et de d\u00e9sinformations.<\/p>\n<p style=\"text-align: justify;\">Ces sans-papiers, ils ne viennent pas de nulle part. Originaires de Mauritanie \u2013 comme Oumar et Abou, les seuls \u201cpolitiques\u201d \u2013 ou bien de C\u00f4te d\u2019Ivoire, de Tunisie, du Maroc ou d\u2019Alg\u00e9rie, ils avaient d\u00e9j\u00e0 entam\u00e9 des actions auparavant. Ils faisaient partie du groupe de la place Fonck, avant de se voir offrir cette maison en face de la VUB, par le recteur Paul Knop, l\u2019un des rares \u00e0 avoir fait preuve d\u2019une v\u00e9ritable humanit\u00e9 \u00e0 leur \u00e9gard. Cette gr\u00e8ve de la faim \u00e9tait donc pour eux \u201cla derni\u00e8re chance\u201d de rester en Belgique, comme me l\u2019affirmera Youssef, sur son grabat : s\u2019alimentant uniquement en sel et en eau sucr\u00e9e depuis pr\u00e8s de 100 jours, il ne pouvait plus tenir debout.<\/p>\n<p style=\"text-align: justify;\">Cette action, pour eux, ce n\u2019\u00e9tait pas du chantage, contrairement \u00e0 ce qu\u2019affirmait Maggie de Block, ce n\u2019\u00e9tait pas une tentative d\u2019extorquer des droits exorbitants : c\u2019\u00e9tait le moyen de r\u00e9clamer un job digne, de sortir de la clandestinit\u00e9. Car, si les autorit\u00e9s ne veulent pas d\u2019eux, il ne manque pas d\u2019entreprises int\u00e9ress\u00e9es par cette force de travail jeune et l\u00e9galement inexistante\u2026<\/p>\n<p style=\"text-align: justify;\">Huit heures de travail dans l\u2019horeca, la plomberie ou l\u2019\u00e9lectricit\u00e9 pour 20 euros bruts : il y a des employeurs que l\u2019absence de permis de travail n\u2019emp\u00eache pas de dormir, \u00e0 ce tarif-l\u00e0\u2026<\/p>\n<p style=\"text-align: justify;\">A l\u2019exception de la Ligue des Droits de l\u2019Homme, qui a r\u00e9agit \u00e0 l\u2019accusation de chantage prof\u00e9r\u00e9e par Maggie de Block dans une interview de la Libre Belgique, les institutions et les politiques se sont surtout fait remarquer par leur silence. Seule la d\u00e9put\u00e9e \u00e9colo Zo\u00e9 Genot a tent\u00e9 d\u2019attirer l\u2019attention sur cette situation. L\u2019Office des Etrangers a repouss\u00e9 toute n\u00e9gociation, la secr\u00e9taire d\u2019Etat \u00e0 l\u2019Asile et la Migration a refus\u00e9 de les rencontrer. La seule \u201cconcession\u201d de l\u2019Office \u00e9tait de leur \u201coffrir\u201d 30 jours de s\u00e9jour en \u00e9change de la rupture de la gr\u00e8ve. C\u2019est ce qu\u2019obtient, de toute fa\u00e7on, tout \u201cill\u00e9gal\u201d qui accepte le retour volontaire. Une attitude de blocage sans pr\u00e9c\u00e9dent en Belgique.<\/p>\n<p style=\"text-align: justify;\">Lorsque les m\u00e9decins de l\u2019Office se sont rendus dans la maison de la VUB, c\u2019\u00e9tait avec une document \u00e0 faire signer par les sans-papiers, dans lequel ces derniers devaient d\u00e9clarer : \u00ab\u00a0Je soussign\u00e9 (nom-pr\u00e9nom) d\u00e9clare ne pas vouloir \u00eatre nourri de gr\u00e9 ou de force de fa\u00e7on artificielle ou m\u00e9dicale jusqu\u2019\u00e0 ce que mort s\u2019ensuive. Ixelles, le 03 avril 2012\u2033. Un arr\u00eat de mort, en somme.<\/p>\n<h2 style=\"text-align: justify;\">L\u2019arr\u00eat<\/h2>\n<p style=\"text-align: justify;\">Ce 24 avril, apr\u00e8s 102 jours, les gr\u00e9vistes arr\u00eatent. Enfin, pas tous : certains d\u2019entre eux continuent jusqu\u2019au bout. \u201cLa mort plut\u00f4t que la clandestinit\u00e9\u201d affirment-ils encore, allong\u00e9s sur leur matelas \u00e0 m\u00eame le sol.<\/p>\n<p style=\"text-align: justify;\">Les autres ont demand\u00e9 \u00e0 l\u2019Office des Etrangers la possibilit\u00e9 de se r\u00e9tablir physiquement et psychologiquement avant de retourner d\u2019o\u00f9 ils viennent.<\/p>\n<p style=\"text-align: justify;\">C\u2019est la premi\u00e8re fois qu\u2019en Belgique, un gouvernement se montre aussi imp\u00e9n\u00e9trable \u00e0 toute humanit\u00e9 envers des gr\u00e9vistes de la faim. On aurait pu s\u2019attendre \u00e0 autre chose de la part d\u2019une \u00e9quipe men\u00e9e par un premier ministre socialiste francophone. Mais la lib\u00e9rale flamande Maggie De Block a sans doute des comptes \u00e0 rendre \u00e0 l\u2019\u00e9lectorat flamand, domin\u00e9 par la N-VA. M\u00eame si cette derni\u00e8re a \u00e9t\u00e9 exclue du gouvernement f\u00e9d\u00e9ral, elle reste toute puissante en Flandre. Comme aux Pays-Bas, comme en France, des populistes qui ne sont pas au gouvernement lui imposent un agenda de plus en plus droitier.<\/p>\n<p style=\"text-align: justify;\">L\u2019\u00e9quipe Di Rupo a sans doute envoy\u00e9 un signal fort \u00e0 tous les candidats \u00e0 l\u2019asile en Belgique. Pas s\u00fbr que la d\u00e9mocratie et l\u2019humanit\u00e9 en sortent grandies.<\/p>\n<\/div>\n<p><iframe src=\"\/\/www.youtube.com\/embed\/cVV36-JW0MY\" height=\"315\" width=\"560\" allowfullscreen=\"\" frameborder=\"0\"><\/iframe><\/p>\n","protected":false},"excerpt":{"rendered":"<p>&nbsp; Un article \u00e0 propos de la gr\u00e8ve de la faim men\u00e9e \u00e0 la VUB par 23 personnes sans papier. (merci Marco Bertolini) On ne l\u00e2che rien. Manifestation ce vendredi 11 mai \u00e0 Bruxelles, d\u00e9part \u00e0 16h depuis la Bourse jusqu\u2019au boulevard de Stalingrad. Pr\u00e9lude \u00e0 la Marche Europ\u00e9enne des sans papier qui d\u00e9marrera le &#8230; <a title=\"102 jours de gr\u00e8ve de la faim pour rien !\" class=\"read-more\" href=\"https:\/\/bruxelles-pantheres.be\/?p=1180\" aria-label=\"En savoir plus sur 102 jours de gr\u00e8ve de la faim pour rien !\">Lire la suite<\/a><\/p>\n","protected":false},"author":1,"featured_media":446,"comment_status":"open","ping_status":"open","sticky":false,"template":"","format":"standard","meta":{"footnotes":""},"categories":[24,36,8,28,39,17],"tags":[],"class_list":["post-1180","post","type-post","status-publish","format-standard","has-post-thumbnail","hentry","category-belgique-maroc","category-europe","category-prisons","category-racismes","category-sans-papier","category-video"],"_links":{"self":[{"href":"https:\/\/bruxelles-pantheres.be\/index.php?rest_route=\/wp\/v2\/posts\/1180","targetHints":{"allow":["GET"]}}],"collection":[{"href":"https:\/\/bruxelles-pantheres.be\/index.php?rest_route=\/wp\/v2\/posts"}],"about":[{"href":"https:\/\/bruxelles-pantheres.be\/index.php?rest_route=\/wp\/v2\/types\/post"}],"author":[{"embeddable":true,"href":"https:\/\/bruxelles-pantheres.be\/index.php?rest_route=\/wp\/v2\/users\/1"}],"replies":[{"embeddable":true,"href":"https:\/\/bruxelles-pantheres.be\/index.php?rest_route=%2Fwp%2Fv2%2Fcomments&post=1180"}],"version-history":[{"count":1,"href":"https:\/\/bruxelles-pantheres.be\/index.php?rest_route=\/wp\/v2\/posts\/1180\/revisions"}],"predecessor-version":[{"id":1181,"href":"https:\/\/bruxelles-pantheres.be\/index.php?rest_route=\/wp\/v2\/posts\/1180\/revisions\/1181"}],"wp:featuredmedia":[{"embeddable":true,"href":"https:\/\/bruxelles-pantheres.be\/index.php?rest_route=\/wp\/v2\/media\/446"}],"wp:attachment":[{"href":"https:\/\/bruxelles-pantheres.be\/index.php?rest_route=%2Fwp%2Fv2%2Fmedia&parent=1180"}],"wp:term":[{"taxonomy":"category","embeddable":true,"href":"https:\/\/bruxelles-pantheres.be\/index.php?rest_route=%2Fwp%2Fv2%2Fcategories&post=1180"},{"taxonomy":"post_tag","embeddable":true,"href":"https:\/\/bruxelles-pantheres.be\/index.php?rest_route=%2Fwp%2Fv2%2Ftags&post=1180"}],"curies":[{"name":"wp","href":"https:\/\/api.w.org\/{rel}","templated":true}]}}