{"id":1189,"date":"2012-05-04T22:43:16","date_gmt":"2012-05-04T21:43:16","guid":{"rendered":"https:\/\/bruxelles-pantheres.be\/?p=1189"},"modified":"2013-11-15T22:45:04","modified_gmt":"2013-11-15T21:45:04","slug":"ce-qui-se-passe-dans-les-prisons-nest-pas-humain","status":"publish","type":"post","link":"https:\/\/bruxelles-pantheres.be\/?p=1189","title":{"rendered":"\u00abCe qui se passe dans les prisons n\u2019est pas humain\u00bb"},"content":{"rendered":"<div class=\"entry-content\">\n<address><a title=\"Mobilisons-\u200bnous pour sou\u00adtenir les pri\u00adson\u00adniers actuel\u00adlement en gr\u00e8ve de la faim illimit\u00e9e !\" href=\"http:\/\/mcpalestine.canalblog.com\/archives\/2012\/05\/04\/24180490.html\" rel=\"bookmark\">Mobilisons-\u200bnous pour sou\u00adtenir les pri\u00adson\u00adniers actuel\u00adlement en gr\u00e8ve de la faim illimit\u00e9e !<\/a><\/address>\n<p align=\"center\"><strong><img decoding=\"async\" alt=\"\" src=\"http:\/\/storage.canalblog.com\/16\/25\/217331\/75381368.png\" \/><\/strong><\/p>\n<p align=\"center\"><strong>\u00abCe qui se passe dans les\u00a0prisons n\u2019est pas humain\u00bb<\/strong><\/p>\n<p>Depuis le 17 avril, <strong>2000 prisonniers palestiniens m\u00e8nent une gr\u00e8ve de la faim<\/strong>. Ils exigent la fin du r\u00e9gime de d\u00e9tention administrative qui permet de maintenir un d\u00e9tenu ind\u00e9finiment en prison sans que lui soit notifi\u00e9 la moindre charge et demandent une modification de leurs conditions d\u2019enfermement (fin des mesures d\u2019isolement, des mauvais traitements, des humiliations \u00e0 l\u2019encontre des visiteurs, de l\u2019interdiction des visites pour les familles de Gaza\u2026).<!--more--><\/p>\n<p>Cette lutte pour la dignit\u00e9 a\u00a0d\u00e9but\u00e9 par la gr\u00e8ve de la faim de Khader Adnan et Hana Shalabi contre leur d\u00e9tention administrative, r\u00e9gime qui, en violation des conventions internationales, permet de maintenir un d\u00e9tenu ind\u00e9finiment en prison sans qu\u2019aucune charge ne lui soit\u00a0signifi\u00e9e.<\/p>\n<p><strong>881 prisonniers sont\u00a0en attente de jugement<\/strong><\/p>\n<p>En effet, Isra\u00ebl d\u00e9tient 4\u2009699 Palestiniens dont 319 en d\u00e9tention administrative, 138 mineurs de douze \u00e0 seize ans, 27d\u00e9put\u00e9s, 8 femmes. Sur ce nombre, 533prisonniers ont \u00e9t\u00e9 condamn\u00e9s deux fois \u00e0 la perp\u00e9tuit\u00e9 et 456 \u00e0 plus de vingt ans de prison. Parmi eux, indique le minist\u00e8re palestinien des Prisonniers, Karim Youn\u00e8s, le plus ancien prisonnier au monde, avec plus de trente ans de d\u00e9tention. Toujours selon la m\u00eame source, 881sont en attente de jugement.<\/p>\n<p>Plus g\u00e9n\u00e9ralement, depuis 1967, ann\u00e9e d\u2019occupation de la Cisjordanie et de Gaza, 750\u2009000 Palestiniens (pr\u00e8s du tiers de la population) dont 12\u2009000femmes \u2013certaines ayant m\u00eame accouch\u00e9 en prison\u2013 et pr\u00e8s de 10\u2009000enfants ont \u00e9t\u00e9 d\u00e9tenus en Isra\u00ebl.<\/p>\n<p>Certains prisonniers sont en gr\u00e8ve depuis le 1er mars et <strong>arrivent \u00e0 un seuil critique pour leur survie m\u00eame<\/strong>. Ce mouvement, tr\u00e8s massif et revendiquant les droits humains les plus \u00e9l\u00e9mentaires, d\u00e9voile la gravit\u00e9 des atteintes aux droits de l\u2019homme dans ces prisons et l\u2019exasp\u00e9ration d\u2019hommes et de femmes quotidiennement humili\u00e9s.<\/p>\n<p>A ce jour, la seule r\u00e9ponse des autorit\u00e9s isra\u00e9liennes \u00e0 ce mouvement massif a \u00e9t\u00e9 la r\u00e9pression\u00a0: transferts de d\u00e9tenus, mises \u00e0 l\u2019isolement, suppression du sel, harc\u00e8lement, chantage aux soins en \u00e9change de l\u2019arr\u00eat de la\u00a0gr\u00e8ve\u2026<\/p>\n<p>Dans une lettre ouverte manuscrite, sortie clandestinement, les dirigeants emprisonn\u00e9s du mouvement de gr\u00e8ve se sont dits pr\u00eats \u00e0 \u00abmourir en martyrs jusqu\u2019\u00e0 l\u2019obtention\u00bb de leurs \u00abdroits et la fin de la politique d\u2019isolement cellulaire\u00bb. Loin de faiblir, le mouvement de gr\u00e8ve s\u2019est \u00e9tendu aux 17prisons et centres de d\u00e9tention isra\u00e9liens o\u00f9 sont emprisonn\u00e9s des Palestiniens. Il s\u2019agit de la \u00abplus grande gr\u00e8ve illimit\u00e9e de la faim dans les prisons\u00bb, indique l\u2019ONG Addameer.<\/p>\n<p>La r\u00e9pression et le silence m\u00e9diatique imposent une r\u00e9action d\u00e9termin\u00e9e de solidarit\u00e9 internationale pour soutenir les gr\u00e9vistes de la faim et leurs familles dans ce combat pour la dignit\u00e9 et la\u00a0vie.<\/p>\n<p><strong>Nous affirmons notre solidarit\u00e9 avec ces prisonniers et exigeons que les autorit\u00e9s isra\u00e9liennes abandonnent leurs pratiques qui violent les droits humains \u00e9l\u00e9mentaires.<\/strong><\/p>\n<p>Nous appelons \u00e0 coordonner et d\u00e9velopper nos actions pour faire pression sur les gouvernements afin d\u2019obtenir l\u2019abolition du r\u00e9gime ill\u00e9gal de la d\u00e9tention administrative, l\u2019abandon des pratiques qui violent les droits \u00e9l\u00e9mentaires, la fin des cellules d\u2019isolement et r\u00e9clamer la lib\u00e9ration de tous les prisonniers politiques\u00a0palestiniens.<\/p>\n<p>Pour sa part, le Mouvement Citoyen Palestine s\u2019y engage de toutes ses\u00a0forces.<\/p>\n<p align=\"right\">Vendredi 4 mai 2012<\/p>\n<p align=\"right\">Nordine Sa\u00efdi<\/p>\n<p align=\"right\">Mouvement Citoyen Palestine<\/p>\n<p align=\"right\">http:\/\/mcpalestine.canalblog.com\/<\/p>\n<p align=\"right\"><strong>Vendredi 4 mai de 17 \u00e0 18h \u00e0 la Bourse<\/strong><\/p>\n<div>\n<div>\n<div>\n<blockquote>\n<div>\n<p align=\"center\"><strong>Rassemblement sp\u00e9cial en soutien aux prisonniers palestiniens dans les prisons isra\u00e9liennes<\/strong><\/p>\n<\/div>\n<\/blockquote>\n<\/div>\n<\/div>\n<\/div>\n<p align=\"right\">\n<p align=\"right\"><a href=\"http:\/\/storage.canalblog.com\/61\/34\/217331\/75398362.jpg\" target=\"_blank\"><img decoding=\"async\" alt=\"6997020766_833769d40f\" src=\"http:\/\/storage.canalblog.com\/61\/34\/217331\/75398362_p.jpg\" width=\"303\" height=\"450\" border=\"0\" \/><\/a><\/p>\n<p align=\"right\"><a href=\"http:\/\/storage.canalblog.com\/23\/92\/217331\/75398366.jpg\" target=\"_blank\"><img decoding=\"async\" alt=\"7143092603_b7d9c9a97e\" src=\"http:\/\/storage.canalblog.com\/23\/92\/217331\/75398366_p.jpg\" width=\"450\" height=\"312\" border=\"0\" \/><\/a><\/p>\n<p align=\"right\">\n<p align=\"right\"><a href=\"http:\/\/storage.canalblog.com\/03\/35\/217331\/75398377.jpg\" target=\"_blank\"><img decoding=\"async\" alt=\"7143100959_23d57c2933\" src=\"http:\/\/storage.canalblog.com\/03\/35\/217331\/75398377_p.jpg\" width=\"299\" height=\"450\" border=\"0\" \/><\/a><\/p>\n<blockquote>\n<p align=\"right\">Big up \u00e0 Pavel pour les photo\u2026<\/p>\n<pre><a href=\"http:\/\/www.flickr.com\/photos\/mediactivista\/sets\/72157629966344415\/with\/7143092603\/\">http:\/\/www.flickr.com\/photos\/mediactivista\/sets\/72157629966344415\/with\/7143092603\/<\/a><\/pre>\n<\/blockquote>\n<\/div>\n","protected":false},"excerpt":{"rendered":"<p>Mobilisons-\u200bnous pour sou\u00adtenir les pri\u00adson\u00adniers actuel\u00adlement en gr\u00e8ve de la faim illimit\u00e9e ! \u00abCe qui se passe dans les\u00a0prisons n\u2019est pas humain\u00bb Depuis le 17 avril, 2000 prisonniers palestiniens m\u00e8nent une gr\u00e8ve de la faim. Ils exigent la fin du r\u00e9gime de d\u00e9tention administrative qui permet de maintenir un d\u00e9tenu ind\u00e9finiment en prison sans que &#8230; <a title=\"\u00abCe qui se passe dans les prisons n\u2019est pas humain\u00bb\" class=\"read-more\" href=\"https:\/\/bruxelles-pantheres.be\/?p=1189\" aria-label=\"En savoir plus sur \u00abCe qui se passe dans les prisons n\u2019est pas humain\u00bb\">Lire la suite<\/a><\/p>\n","protected":false},"author":1,"featured_media":1129,"comment_status":"open","ping_status":"open","sticky":false,"template":"","format":"standard","meta":{"footnotes":""},"categories":[6,8,18],"tags":[31,14,12,13,15],"class_list":["post-1189","post","type-post","status-publish","format-standard","has-post-thumbnail","hentry","category-palestine-moyen-orient","category-prisons","category-resistance-bruxelles","tag-belgique","tag-bruxelles","tag-gaza","tag-nordine-saidi","tag-resistance"],"_links":{"self":[{"href":"https:\/\/bruxelles-pantheres.be\/index.php?rest_route=\/wp\/v2\/posts\/1189","targetHints":{"allow":["GET"]}}],"collection":[{"href":"https:\/\/bruxelles-pantheres.be\/index.php?rest_route=\/wp\/v2\/posts"}],"about":[{"href":"https:\/\/bruxelles-pantheres.be\/index.php?rest_route=\/wp\/v2\/types\/post"}],"author":[{"embeddable":true,"href":"https:\/\/bruxelles-pantheres.be\/index.php?rest_route=\/wp\/v2\/users\/1"}],"replies":[{"embeddable":true,"href":"https:\/\/bruxelles-pantheres.be\/index.php?rest_route=%2Fwp%2Fv2%2Fcomments&post=1189"}],"version-history":[{"count":1,"href":"https:\/\/bruxelles-pantheres.be\/index.php?rest_route=\/wp\/v2\/posts\/1189\/revisions"}],"predecessor-version":[{"id":1190,"href":"https:\/\/bruxelles-pantheres.be\/index.php?rest_route=\/wp\/v2\/posts\/1189\/revisions\/1190"}],"wp:featuredmedia":[{"embeddable":true,"href":"https:\/\/bruxelles-pantheres.be\/index.php?rest_route=\/wp\/v2\/media\/1129"}],"wp:attachment":[{"href":"https:\/\/bruxelles-pantheres.be\/index.php?rest_route=%2Fwp%2Fv2%2Fmedia&parent=1189"}],"wp:term":[{"taxonomy":"category","embeddable":true,"href":"https:\/\/bruxelles-pantheres.be\/index.php?rest_route=%2Fwp%2Fv2%2Fcategories&post=1189"},{"taxonomy":"post_tag","embeddable":true,"href":"https:\/\/bruxelles-pantheres.be\/index.php?rest_route=%2Fwp%2Fv2%2Ftags&post=1189"}],"curies":[{"name":"wp","href":"https:\/\/api.w.org\/{rel}","templated":true}]}}