{"id":1191,"date":"2012-05-04T22:45:51","date_gmt":"2012-05-04T21:45:51","guid":{"rendered":"https:\/\/bruxelles-pantheres.be\/?p=1191"},"modified":"2013-11-15T22:48:27","modified_gmt":"2013-11-15T21:48:27","slug":"feminisme-bla-bla","status":"publish","type":"post","link":"https:\/\/bruxelles-pantheres.be\/?p=1191","title":{"rendered":"F\u00e9minisme Bla Bla"},"content":{"rendered":"<div>\n<div id=\"post-body-3583428079519632810\"><strong>Un FN fran\u00e7ais en qu\u00eate de respectabilit\u00e9 qui joue sur l\u2019id\u00e9e d\u2019\u00e9galit\u00e9 homme-femme, Caroline Fourest, f\u00e9ministe notoire, qui re\u00e7oit un Y\u2019a Bon Award, et chez nous, le Vlaams Belang qui d\u00e9nonce le port de la burqa par une campagne pr\u00f4nant la lib\u00e9ration des femmes. Dr\u00f4le de temps pour le f\u00e9minisme.<!--more--><\/strong>On ne na\u00eet pas f\u00e9ministe. On le devient. Moi, par exemple, si je suis devenue f\u00e9ministe, c\u2019est d\u2019abord en rapport avec ce que j\u2019ai v\u00e9cu, et ensuite parce que j\u2019y ai trouv\u00e9 un espace de tol\u00e9rance et de libert\u00e9. J\u2019ai\u00a0adh\u00e9r\u00e9 \u00e0 un f\u00e9minisme dans lequel \u00ab\u00a0\u00eatre une femme\u00a0\u00bb, ce n\u2019est pas avoir telle attitude, porter tel v\u00eatement, exercer tel m\u00e9tier, montrer ses cheveux ou ses cuisses, ou encore avoir des enfants.\u00a0\u00bbRas-le bol, foutez-moi la paix\u00a0\u00bb. Voil\u00e0 ce qu\u2019il dit mon f\u00e9minisme. Si je porte une jupe, cela ne fait pas de moi une salope. Si j\u2019aime une femme alors que je suis une femme (ou un homme si je suis un homme), cela ne fait pas de moi une erreur de la nature ou un(e) pervers(e). Si je porte un voile, cela ne fait pas de moi une victime. J\u2019ai particip\u00e9 \u00e0 une parodique \u00ab\u00a0Marche des Salopes\u00a0\u00bb, o\u00f9 l\u2019on manifestait pour le droit de porter ce que l\u2019on veut dans l\u2019espace public. Une marche qui a failli compter dans ses rangs une association de femmes voil\u00e9es, malheureusement pr\u00e9venue top tard, elles aussi victimes de discriminations comme l\u2019a rappel\u00e9 un r\u00e9cent rapport d\u2019<a href=\"http:\/\/www.amnesty.org\/fr\/news\/muslims-discriminated-against-demonstrating-their-faith-2012-04-23\" target=\"_blank\">Amnesty International<\/a>.<\/p>\n<p><strong>\u00ab\u00a0<em>J\u2019entends de plus en plus de t\u00e9moignages sur le fait que dans certains quartiers, il ne fait pas bon \u00eatre femme ni homosexuel<\/em>\u00ab\u00a0.<\/strong>\u00a0Cette phrase est de Marine Le Pen. Marine Le Pen, et ses 17,9%, qui a jou\u00e9 sur l\u2019\u00e9galit\u00e9 homme-femme et <a href=\"http:\/\/www.lexpress.fr\/actualite\/politique\/le-pen-nouvelle-icone-feministe_1085179.html\" target=\"_blank\">le f\u00e9minisme<\/a> pour fustiger une communaut\u00e9 tout enti\u00e8re durant sa campagne et qui propose d\u2019interdire le voile. Alors comme \u00e7a, le machisme serait propre \u00e0 l\u2019islam? Elle croit peut-\u00eatre faire partie de la tr\u00e8s <a href=\"http:\/\/blogs.mediapart.fr\/blog\/anne-monteil-bauer\/050212\/beurk-monsieur-gueant\" target=\"_blank\">Gu\u00e9ante<\/a> civilisation, celle qui vaut mieux que les autres? Elle sort dehors ?\u00a0\u00c7a lui arrive de voir les publicit\u00e9s qui nous nettoient le cerveau \u00e0 chaque coin de rue? Est-ce qu\u2019elle les voit les femmes-potiches des \u00e9missions de TF1? Elle a vu les chiffres du viol et de la violence conjugale dans son pays? \u00a0Elle sait que les femmes sont encore sous-repr\u00e9sent\u00e9es partout?\u00a0Madame Le Pen n\u2019a rien d\u2019une f\u00e9ministe, elle qui insiste toujours sur son r\u00f4le de m\u00e8re, elle qui estime qu\u2019un avortement peut \u00eatre \u00ab\u00a0confortable\u00a0\u00bb, elle qui propose de ne plus le rembourser mais qui \u00a0veut\u00a0<a href=\"http:\/\/www.lepoint.fr\/politique\/election-presidentielle-2012\/marine-le-pen-les-femmes-sont-des-hommes-comme-les-autres-08-03-2012-1439000_324.php\" target=\"_blank\">\u00a0faciliter l\u2019acc\u00e8s aux cr\u00e8ches<\/a>. Elle a d\u2019ailleurs \u00e9t\u00e9 tr\u00e8s claire:\u00a0\u00a0\u00a0\u00bb<em><a href=\"http:\/\/www.egalite2012.fr\/publication\/marine-le-pen-et-legalite-femmes-hommes-incompatibilite-absolue\" target=\"_blank\">Le seul progr\u00e8s pour les femmes est de rester \u00e0 la maison<\/a><\/em>\u00ab\u00a0. Une femme, c\u2019est une m\u00e8re, une femme, \u00e7a porte pas le voile. Chouette.<\/p>\n<table cellspacing=\"0\" cellpadding=\"0\" align=\"center\">\n<tbody>\n<tr>\n<td><a href=\"http:\/\/4.bp.blogspot.com\/-zaJjfw8da1M\/T51qwdk9-CI\/AAAAAAAABes\/udo-gh7xyyA\/s1600\/marine-le-pen-300x2901.jpg\"><img decoding=\"async\" alt=\"\" src=\"https:\/\/lh3.ggpht.com\/-zaJjfw8da1M\/T51qwdk9-CI\/AAAAAAAABes\/udo-gh7xyyA\/s400\/marine-le-pen-300x2901.jpg\" width=\"400\" height=\"386\" border=\"0\" \/><\/a><\/td>\n<\/tr>\n<tr>\n<td>\u00a0http:\/\/lionel-abbo.over-blog.com\/<\/td>\n<\/tr>\n<\/tbody>\n<\/table>\n<p>Il faudra rappeler \u00e0 Madame Le Pen qu\u2019il y a tr\u00e8s peu d\u2019endroits o\u00f9 il fait bon d\u2019\u00eatre homosexuel ou femme. D\u2019ailleurs, que propose-t-elle pour aider les homosexuels ?\u00a0Quand on me prend \u00e0 partie en me disant que si je suis f\u00e9ministe, alors je suis contre le port du voile, j\u2019ai envie d\u2019hurler que bien s\u00fbr que non. C\u2019est contre le port <em>forc\u00e9<\/em> du voile que je me bats. Tout comme je me bats contre le port <em>forc\u00e9<\/em> de la jupe, celle des uniformes des \u00e9coles catholiques par exemple, ou contre le port <em>forc\u00e9<\/em> du mini-short, celui des danseuses de The Voice. <a href=\"http:\/\/actufeministe.blogspot.com\/2012\/03\/voice-se-met-nu.html\" target=\"_blank\">Par exemple<\/a>. Voil\u00e0 contre quoi je me bats. Je suis f\u00e9ministe et ne crois pas qu\u2019une religion soit meilleure qu\u2019<a href=\"http:\/\/www.lesnouvellesnews.fr\/index.php\/cafouillage\/42-cafouillage\/1853-religieuses-trop-feministes-sous-surveillance-\" target=\"_blank\">une autre<\/a> en mati\u00e8re de consid\u00e9ration des femmes. Il y a en ce sens un \u00ab\u00a0deux poids deux mesures\u00a0\u00bb r\u00e9pugnant. Marine Le Pen soutient-elle les <a href=\"http:\/\/grenoble.indymedia.org\/2012-04-01-Les-fanatiques-anti-avortement-a\" target=\"_blank\">pressions<\/a>, parfois violentes, des catholiques int\u00e9gristes envers ceux qui les d\u00e9rangent : m\u00e9decins pratiquant l\u2019avortement ou <a href=\"http:\/\/www.franceinfo.fr\/faits-divers\/le-metteur-en-scene-jean-michel-ribes-agresse-a-nancy-556317-2012-03-14?comment_type=plus\" target=\"_blank\">metteurs en sc\u00e8ne<\/a> un peu trop \u00ab\u00a0ambitieux\u00a0\u00bb ?<\/p>\n<p>En attendant, les jeunes FN de la <em>f\u00e9ministe<\/em> Marine Le Pen utilisent des images subliminales de femmes en lingerie dans leurs vid\u00e9os (vid\u00e9os qui sont depuis pass\u00e9es en priv\u00e9 sur Youtube). Chouette.<\/p>\n<div><a href=\"http:\/\/1.bp.blogspot.com\/-Gwx27Ozlq_E\/T52UV7WMSQI\/AAAAAAAABfk\/DhqeddsvFsI\/s1600\/555506269.png\"><img decoding=\"async\" alt=\"\" src=\"https:\/\/lh3.ggpht.com\/-Gwx27Ozlq_E\/T52UV7WMSQI\/AAAAAAAABfk\/DhqeddsvFsI\/s400\/555506269.png\" width=\"400\" height=\"250\" border=\"0\" \/><\/a><\/div>\n<div><em>\u00ab\u00a0<strong>des associations [&#8230;] demandent des gymnases pour organiser des tournois de basket r\u00e9serv\u00e9s aux femmes, voil\u00e9es, pour en plus lever des fonds pour le Hamas<\/strong>\u00ab\u00a0.\u00a0<\/em>Cette autre phrase \u00e9mane de\u00a0Caroline Fourest. En tant qu\u2019\u00e9coli\u00e8re dans une \u00e9cole catholique, je n\u2019ai jamais eu aucun cours de sport en commun avec les gar\u00e7ons. Oui, oui m\u00eame quand on jouait au basket. Elle qui tient tant \u00e0 la la\u00efcit\u00e9, elle pourrait \u00e9crire un petit bouquin l\u00e0-dessus, non? Une conf\u00e9rence avort\u00e9e \u00e0 l\u2019ULB aux sons des Burqua Bla Bla plus tard, elle re\u00e7oit un <a href=\"http:\/\/www.lesinrocks.com\/2012\/03\/20\/actualite\/ya-bon-awards-2012-les-plus-grands-racistes-de-lannee-sont-11749\/\" target=\"_blank\">Y\u2019a Bon Award<\/a>, r\u00e9compensant les plus beaux propos x\u00e9nophobes, pour cette phrase. Pourquoi Burqua Bla Bla d\u2019ailleurs ? \u00ab\u00a0<em>Les Fran\u00e7ais sont vraisemblablement plus nombreux \u00e0 conna\u00eetre le nombre de minarets en Suisse (quatre) et de \u00ab burqas \u00bb en France (trois cent soixante-sept) qu\u2019\u00e0 savoir que le Tr\u00e9sor public a perdu 20 milliards d\u2019euros \u00e0 la suite d\u2019une d\u00e9cision \u00ab technique \u00bb de l\u2019ex\u00e9cutif<\/em>\u00ab\u00a0, voil\u00e0 ce qu\u2019\u00e9crit Serge Halimi en introduction de son article intitul\u00e9 <a href=\"http:\/\/www.monde-diplomatique.fr\/2010\/04\/HALIMI\/18990\" target=\"_blank\">Burqa Bla Bla<\/a> (tiens, tiens). Utilise-t-on le d\u00e9bat sur le\u00a0halal\u00a0et sur la burqa pour \u00e9viter de parler d\u2019autres sujets?\u00a0Et le voil\u00e0 qui continue : \u00ab\u00a0<em>Mais comment ne pas juger cocasse qu\u2019une droite qui a presque partout associ\u00e9 son destin \u00e0 celui des Eglises, du patriarcat et de l\u2019ordre moral se d\u00e9couvre soudain \u00e9perdue de la\u00efcit\u00e9, de f\u00e9minisme, de libre-pens\u00e9e ? Pour elle aussi, l\u2019islam accomplit des miracles !<\/em>\u00ab<\/div>\n<table cellspacing=\"0\" cellpadding=\"0\" align=\"center\">\n<tbody>\n<tr>\n<td><a href=\"http:\/\/4.bp.blogspot.com\/-a330kuPS1qw\/T51xTr22TRI\/AAAAAAAABfI\/fuHZHZKOLds\/s1600\/Caricature.jpg\"><img decoding=\"async\" alt=\"\" src=\"https:\/\/lh3.ggpht.com\/-a330kuPS1qw\/T51xTr22TRI\/AAAAAAAABfI\/fuHZHZKOLds\/s400\/Caricature.jpg\" width=\"400\" height=\"220\" border=\"0\" \/><\/a><\/td>\n<\/tr>\n<tr>\n<td>http:\/\/bougnoulosophe.blogspot.com<\/td>\n<\/tr>\n<\/tbody>\n<\/table>\n<p>En Belgique, un Question \u00e0 la Une fait un toll\u00e9 en utilisant notamment un pr\u00eache anti-journ\u00e9e de la femme pour illustrer sa question de d\u00e9part :<em> <a href=\"http:\/\/www.rtbf.be\/tv\/emission\/detail_questions-a-la-une?id=25\" target=\"_blank\">faut-il craindre la mont\u00e9e de l\u2019islam<\/a> ?<\/em> (sic). Moi j\u2019ai peur quand personne ne se demande s\u2019il faut avoir <em>peur<\/em> d\u2019une religion qui prot\u00e8ge des p\u00e9dophiles notoires, pr\u00eache contre le port du pr\u00e9servatif, est contre l\u2019ordination des femmes, a cr\u00e9\u00e9 le mythe d\u2019Eve la salope et de Marie la vierge, et compte en ces rangs des tar\u00e9s du genre Breivik. Franchement, mettez-lui la m\u00eame musique de rave party, le m\u00eame montage foireux et les m\u00eames cam\u00e9ras cach\u00e9es, et ce docu a du potentiel. Et le communaut\u00e9 juive int\u00e9griste d\u2019Anvers, qui s\u2019en soucie?<\/p>\n<p>En Belgique, le parti d\u2019extr\u00eame-droite Vlaams Belang d\u00e9cide lui aussi de <a href=\"http:\/\/fr.myeurop.info\/2012\/02\/03\/l-internationale-feministe-de-l-islamophobie-4481\" target=\"_blank\">cibler les femmes<\/a> en s\u2019offusquant du port de la burqa (encore elle). En cr\u00e9ant \u00ab\u00a0ni pute, ni esclave\u00a0\u00bb et en lan\u00e7ant une campagne appel\u00e9e \u00ab\u00a0Femmes contre l\u2019islamisation\u00a0\u00bb, ils jouent encore sur l\u2019\u00e9galit\u00e9 homme-femme, estimant que l\u2019islam n\u2019est pas compatible avec cette id\u00e9e et que, bien s\u00fbr, seuls eux pourront <em>lib\u00e9rer<\/em> les femmes. Pour l\u2019affiche de la campagne c\u2019est la fifille de Dewinter, pr\u00e9sident du parti, qui s\u2019affiche portant un \u00ab\u00a0burkini\u00a0\u00bb (sic), code-barr\u00e9e d\u2019un\u00a0\u00a0\u00bb<em>libert\u00e9 ou islam ? Osez choisir<\/em>\u00ab\u00a0.\u00a0D\u2019accord d\u2019accord. Premi\u00e8re chose, elle porte un niquab et pas une burqa.\u00a0Deuxi\u00e8me chose, joli maillot. Comme si l\u2019instrumentalisant du corps d\u2019une jeune femme de 19 ans \u00e9tait une bonne chose. Donc aujourd\u2019hui pour \u00eatre libre, il <em>faut<\/em>\u00a0montrer de la cuisse ? Mais c\u2019est contradictoire monsieur Dewinter. Sans parler du bel exemple de respect des femmes (de sa fille, ici). Pr\u00e9cisons aussi, \u00e0 toutes fins utiles, qu\u2019en Belgique, il n\u2019y a <a href=\"http:\/\/www.lalibre.be\/actu\/belgique\/article\/659152\/la-ligue-des-droits-de-l-homme-denonce-la-loi-interdisant-la-burqa.html\" target=\"_blank\">pas tellement<\/a> de femmes qui portent la burqa.<\/p>\n<table cellspacing=\"0\" cellpadding=\"0\" align=\"center\">\n<tbody>\n<tr>\n<td><a href=\"http:\/\/1.bp.blogspot.com\/-daiHs0DigCs\/T51mn5XvWRI\/AAAAAAAABeQ\/03u17hGDlBU\/s1600\/Femme+conttre+l%27Islam.jpg\"><img decoding=\"async\" alt=\"\" src=\"https:\/\/lh3.ggpht.com\/-daiHs0DigCs\/T51mn5XvWRI\/AAAAAAAABeQ\/03u17hGDlBU\/s400\/Femme+conttre+l%27Islam.jpg\" width=\"153\" height=\"400\" border=\"0\" \/><\/a><\/td>\n<\/tr>\n<tr>\n<td>http:\/\/fr.myeurop.info\/<\/td>\n<\/tr>\n<\/tbody>\n<\/table>\n<p>Je suis f\u00e9ministe et le choix de porter un voile ne me d\u00e9range pas. Comme celui de ne pas en porter. Je suis f\u00e9ministe et j\u2019en ai marre qu\u2019on pointe du doigt une religion quand aucune autre ne fait mieux en regard de droits de la femme. Je ne me sens pas une seconde menac\u00e9e par une femme voil\u00e9e. Je me sens menac\u00e9e par l\u2019anorexie des fillettes de six ans. Par l\u2019instrumentalisation du corps de la femme et l\u2019hyper-sexualisation de notre soci\u00e9t\u00e9. Par ceux qui\u00a0oeuvrent\u00a0contre l\u2019avortement. Par le taux de viol et de violence conjugale, qui touchent tous les milieux. Je suis f\u00e9ministe et je refuse de r\u00e9imposer un nouveau sch\u00e9ma, estimant qu\u2019une femme <em>lib\u00e9r\u00e9e<\/em> et <em>normale<\/em>, c\u2019est cela, et rien d\u2019autre. Je n\u2019aurai jamais d\u2019enfants (parce que je n\u2019en veux pas) quand d\u2019autres porteront un voile toute leur vie. Je suis s\u00fbre que ces deux choix peuvent \u00eatre incompris ou mal compris.<\/p>\n<p>Mais bon sang, comme si on avait quelque chose de mieux \u00e0 leur offrir? Si elles retirent leur voile, seront-elles seulement plus respect\u00e9es ? Bien s\u00fbr que non.C\u2019est bien joli de s\u2019offusquer des femmes voil\u00e9es, tout en s\u2019abreuvant de publicit\u00e9s et de clips (ou d\u2019affiches \u00e9lectorales puantes) pr\u00e9sentant des femmes nues, offertes, et salopes comme seuls mod\u00e8les. Moi je peux comprendre qu\u2019on ne s\u2019y retrouve pas, je ne m\u2019y retrouve pas.<\/p>\n<p>Vive l\u2019\u00e9poque du \u00ab\u00a0F\u00e9minisme BlaBla\u00a0\u00bb, celui qu\u2019on utilise, comme la burqa, \u00e0 mauvais escient et avec une \u00e9norme croix dans l\u2019oeil. Celui qu\u2019on utilise contre la soci\u00e9t\u00e9 multiculturelle, dans une entreprise destin\u00e9e \u00e0 monter les uns contre les autres. Celui qu\u2019on utilise pour surfer sur un populisme de droite \u00e0 l\u2019oppos\u00e9 m\u00eame des fondements f\u00e9ministes et gagner des \u00e9lecteurs. Et \u00e7a me r\u00e9pugne. Au plus haut point.<\/p>\n<p>A lire :<\/p>\n<p><a href=\"http:\/\/www.agoravox.fr\/actualites\/citoyennete\/article\/la-femme-la-religion-et-le-voile-114079\">http:\/\/www.agoravox.fr\/actualites\/citoyennete\/article\/la-femme-la-religion-et-le-voile-114079<\/a><\/p>\n<p><a href=\"http:\/\/www.france24.com\/fr\/20120411-un-an-loi-port-voile-integral-niqab-espace-public-mesure-liberticide-femmes-islam-france\">http:\/\/www.france24.com\/fr\/20120411-un-an-loi-port-voile-integral-niqab-espace-public-mesure-liberticide-femmes-islam-france<\/a><\/p>\n<\/div>\n<p>Publi\u00e9 par <a title=\"author profile\" href=\"http:\/\/www.blogger.com\/profile\/07613304760004530231\" rel=\"author\"> Wernaers Camille<\/a><\/p>\n<\/div>\n","protected":false},"excerpt":{"rendered":"<p>Un FN fran\u00e7ais en qu\u00eate de respectabilit\u00e9 qui joue sur l\u2019id\u00e9e d\u2019\u00e9galit\u00e9 homme-femme, Caroline Fourest, f\u00e9ministe notoire, qui re\u00e7oit un Y\u2019a Bon Award, et chez nous, le Vlaams Belang qui d\u00e9nonce le port de la burqa par une campagne pr\u00f4nant la lib\u00e9ration des femmes. Dr\u00f4le de temps pour le f\u00e9minisme.<\/p>\n","protected":false},"author":1,"featured_media":324,"comment_status":"open","ping_status":"open","sticky":false,"template":"","format":"standard","meta":{"footnotes":""},"categories":[36,42,7,28,37,39],"tags":[],"class_list":["post-1191","post","type-post","status-publish","format-standard","has-post-thumbnail","hentry","category-europe","category-homophobie","category-negrophobie","category-racismes","category-romophobie","category-sans-papier"],"_links":{"self":[{"href":"https:\/\/bruxelles-pantheres.be\/index.php?rest_route=\/wp\/v2\/posts\/1191","targetHints":{"allow":["GET"]}}],"collection":[{"href":"https:\/\/bruxelles-pantheres.be\/index.php?rest_route=\/wp\/v2\/posts"}],"about":[{"href":"https:\/\/bruxelles-pantheres.be\/index.php?rest_route=\/wp\/v2\/types\/post"}],"author":[{"embeddable":true,"href":"https:\/\/bruxelles-pantheres.be\/index.php?rest_route=\/wp\/v2\/users\/1"}],"replies":[{"embeddable":true,"href":"https:\/\/bruxelles-pantheres.be\/index.php?rest_route=%2Fwp%2Fv2%2Fcomments&post=1191"}],"version-history":[{"count":1,"href":"https:\/\/bruxelles-pantheres.be\/index.php?rest_route=\/wp\/v2\/posts\/1191\/revisions"}],"predecessor-version":[{"id":1192,"href":"https:\/\/bruxelles-pantheres.be\/index.php?rest_route=\/wp\/v2\/posts\/1191\/revisions\/1192"}],"wp:featuredmedia":[{"embeddable":true,"href":"https:\/\/bruxelles-pantheres.be\/index.php?rest_route=\/wp\/v2\/media\/324"}],"wp:attachment":[{"href":"https:\/\/bruxelles-pantheres.be\/index.php?rest_route=%2Fwp%2Fv2%2Fmedia&parent=1191"}],"wp:term":[{"taxonomy":"category","embeddable":true,"href":"https:\/\/bruxelles-pantheres.be\/index.php?rest_route=%2Fwp%2Fv2%2Fcategories&post=1191"},{"taxonomy":"post_tag","embeddable":true,"href":"https:\/\/bruxelles-pantheres.be\/index.php?rest_route=%2Fwp%2Fv2%2Ftags&post=1191"}],"curies":[{"name":"wp","href":"https:\/\/api.w.org\/{rel}","templated":true}]}}