{"id":1193,"date":"2012-05-04T22:49:02","date_gmt":"2012-05-04T21:49:02","guid":{"rendered":"https:\/\/bruxelles-pantheres.be\/?p=1193"},"modified":"2013-11-15T22:52:31","modified_gmt":"2013-11-15T21:52:31","slug":"nous-feministes","status":"publish","type":"post","link":"https:\/\/bruxelles-pantheres.be\/?p=1193","title":{"rendered":"Nous, f\u00e9ministes"},"content":{"rendered":"<div class=\"entry-content\">\n<p style=\"text-align: center;\"><strong><em>\u00a0<a href=\"http:\/\/www.egalite.be\/wp-content\/uploads\/2012\/05\/woman-resist1.jpg\"><img decoding=\"async\" class=\"aligncenter size-full wp-image-2544\" title=\"woman resist\" alt=\"\" src=\"http:\/\/www.egalite.be\/wp-content\/uploads\/2012\/05\/woman-resist1.jpg\" width=\"315\" height=\"449\" \/><\/a><\/em><\/strong><\/p>\n<p style=\"text-align: justify;\">\u00a0\u00a0\u00a0\u00a0\u00a0\u00a0\u00a0\u00a0\u00a0\u00a0\u00a0 Nous citoyennes et indig\u00e8nes, immigr\u00e9es et autochtones, bourgeoises et prol\u00e9taires, travailleuses et ch\u00f4meuses, nationales et naturalis\u00e9es, europ\u00e9ennes et \u00e9trang\u00e8res, militantes et universitaires :\u00a0filles, m\u00e8res, m\u00e9nopaus\u00e9es, avort\u00e9es ou hormon\u00e9es, Noires, blanches, tsiganes, arabes, musulmanes, juives ou chr\u00e9tiennes, croyantes, m\u00e9cr\u00e9antes, voil\u00e9es, d\u00e9voil\u00e9es, revoil\u00e9es, sexy, grosses, anorexiques, valides ou non, straight, trans, gouines, queer, morales, immorales, amorales, victimes, putes, \u00e9pargn\u00e9es ou enrag\u00e9es, \u2026<!--more--><\/p>\n<p style=\"text-align: justify;\">\u00a0\u00a0\u00a0\u00a0\u00a0\u00a0\u00a0\u00a0\u00a0\u00a0\u00a0 Nous, f\u00e9ministes, filles d\u2019Olympe de Gouges, la demi-mondaine guillotin\u00e9e pour avoir d\u00e9clar\u00e9 nos droits, de Solitude, mul\u00e2tresse guillotin\u00e9e \u00e0 Pointe \u00e0 Pitre pour s\u2019\u00eatre \u00e9lev\u00e9e contre le r\u00e9tablissement de l\u2019esclavage, de Mary Wollstonecraft et de sa philosophie authentiquement universaliste, de Flora Tristan qui d\u00e9fendait\u00a0\u00a0\u00bbla n\u00e9cessit\u00e9 de faire bon accueil aux femmes \u00e9trang\u00e8res\u00a0\u00bb, de Fatma N\u2019Soumer combattante alg\u00e9rienne qui prit les armes contre l\u2019arm\u00e9e coloniale, de Louise Michel qui se rangea sans h\u00e9siter du c\u00f4t\u00e9 des Kanaks contre les colonisateurs de son pays, d\u2019Olga Bancik la combattante invisible de la bande \u00e0 Manouchian d\u00e9capit\u00e9e par les nazis, des 230 militantes, r\u00e9sistantes, du convoi du 24 janvier 1943 qui entonn\u00e8rent la Marseillaise en franchissant le portail de Birkenau, \u2026 Nous, filles, petites filles du MLF et du FHAR\u00a0; filles d\u2019Audre Lorde, po\u00e9tesse, lesbienne, carib\u00e9enne, traquant le racisme, le sexisme et l\u2019homophobie jusque dans les rangs des mouvements f\u00e9ministes et des mobilisations anti-racistes\u2026<\/p>\n<p style=\"text-align: justify;\">\n<p style=\"text-align: justify;\">\u00a0\u00a0\u00a0\u00a0\u00a0\u00a0\u00a0\u00a0\u00a0\u00a0\u00a0 Filles de Virginia Woolf, nous d\u00e9non\u00e7ons avec elle la propagande nationaliste qui prend les femmes en otage et pr\u00e9tend les d\u00e9fendre alors qu\u2019on bafoue leurs droits fondamentaux : <em>\u00ab\u00a0En tant que femme, je n\u2019ai pas de pays, en tant que femme, je ne d\u00e9sire pas de pays, mon pays c\u2019est le monde entier\u2026\u00a0\u00bb.<\/em><\/p>\n<p style=\"text-align: justify;\">\u00a0\u00a0\u00a0\u00a0\u00a0\u00a0\u00a0\u00a0\u00a0\u00a0\u00a0 Notre g\u00e9n\u00e9alogie ne conna\u00eet pas de zones d\u2019ombre\u00a0: nous repr\u00e9sentons cette tradition f\u00e9ministe internationaliste et anti fasciste qui s\u2019est historiquement battue contre l\u2019instrumentalisation colonialiste et nationaliste des droits des femmes et qui a toujours revendiqu\u00e9 l\u2019\u00e9galit\u00e9 de toutEs et tous, quels que soient nos conditions, nos papiers d\u2019identit\u00e9, nos sexualit\u00e9s, nos religions, \u2026 Nous d\u00e9clarons que nous ferons tout\u00a0pour d\u00e9barrasser le pays du Pr\u00e9sident sortant et appelons toutes et tous \u00e0 en faire autant pour\u00a0barrer la route au fascisme qui se r\u00e9pand en France et en Europe.<\/p>\n<p style=\"text-align: justify;\">\u00a0\u00a0\u00a0\u00a0\u00a0\u00a0\u00a0\u00a0\u00a0\u00a0\u00a0 Il est temps que nous nous rassemblions pour combattre ces politiques qui d\u00e9truisent syst\u00e9matiquement notre communaut\u00e9 politique, nos droits, nos libert\u00e9s d\u00e9mocratiques, le lien social et la solidarit\u00e9 et qui osent le faire <em>en notre nom<\/em>. Il est temps qu\u2019un autre f\u00e9minisme prenne la parole\u00a0: nous, f\u00e9ministes, refusons avec la plus vive d\u00e9termination que les \u00ab\u00a0droits des femmes\u00a0\u00bb et des \u00ab\u00a0homosexuelLEs\u00a0\u00bb ou \u00ab\u00a0l\u2019\u00e9galit\u00e9 des sexes\u00a0\u00bb servent des id\u00e9ologies et des pratiques n\u00e9o coloniales et liberticides.<\/p>\n<p style=\"text-align: justify;\">\u00a0\u00a0\u00a0\u00a0\u00a0\u00a0\u00a0\u00a0\u00a0\u00a0\u00a0 Nous refusons de nous rendre complices de tels dispositifs qui cr\u00e9ent les conditions de la toute puissance du capitalisme n\u00e9olib\u00e9ral, de la promotion d\u2019une morale paternaliste de la \u00ab\u00a0tol\u00e9rance\u00a0\u00bb, de la r\u00e9duction du politique au maintien de l\u2019ordre policier et douanier, du fichage, de la surveillance et de la criminalisation des \u00ab \u00e9trangerEs\u00a0\u00bb, des populations paup\u00e9ris\u00e9es comme des syndicalistes et du mouvement social. Nous nous r\u00e9voltons contre cette soci\u00e9t\u00e9 qui laisse crever ses propres citoyenNEs de froid et de faim dans la rue tout en pr\u00e9tendant ne pas pouvoir accueillir \u00ab\u00a0toute la mis\u00e8re du monde\u00a0\u00bb\u00a0; nous condamnons la ruine des services publics, notamment en mati\u00e8re de sant\u00e9, d\u2019\u00e9ducation, de recherche et de proximit\u00e9 qui sont la condition mat\u00e9rielle <em>n\u00e9cessaire<\/em> de l\u2019\u00e9galit\u00e9 r\u00e9elle.<\/p>\n<p style=\"text-align: justify;\">\u00a0\u00a0\u00a0\u00a0\u00a0\u00a0\u00a0\u00a0\u00a0\u00a0\u00a0 Obscur objet du d\u00e9sir, l\u2019adh\u00e9sion de 6 millions d\u2019\u00e9lecteurs et d\u2019\u00e9lectrices fran\u00e7aisES \u00e0 une culture fascisante fait l\u2019objet d\u2019un racolage actif. Le score du FN est comme un blanc seing pour nous maintenir dans la <em>minorit\u00e9<\/em>, pour nous abreuver de repr\u00e9sentations populistes, d\u00e9biles, de raisonnements simplistes\u00a0qui ne pr\u00f4nent que la haine ; la soci\u00e9t\u00e9 civile n\u2019est plus qu\u2019une soci\u00e9t\u00e9 de consommation cliv\u00e9e et apeur\u00e9e. Cette surench\u00e8re doit cesser\u2026 Pour notre part, nous ne laisserons plus ce front nationaliste r\u00e9cup\u00e9rer le f\u00e9minisme pour en faire l\u2019\u00e9tendard des fronti\u00e8res de l\u2019\u00ab\u00a0Occident\u00a0\u00bb. Nous ne laisserons pas un parti, quel que soit le sexe de son chef, nous diviser impun\u00e9ment.<\/p>\n<p style=\"text-align: justify;\">\u00a0\u00a0\u00a0\u00a0\u00a0\u00a0\u00a0\u00a0\u00a0\u00a0\u00a0 Nous luttons contre le grand renfermement dans une Europe forteresse qui transforme le combat historique pour nos droits et nos libert\u00e9s sur nos corps et nos vies en une valeur de la \u00ab\u00a0civilisation occidentale \u00bb et un crit\u00e8re d\u2019int\u00e9gration islamophobe\u2026 Qu\u2019en est-il justement de <em>\u00ab\u00a0Nous\u00a0\u00bb\u00a0<\/em>? Qu\u2019en est-il de <em>\u00ab\u00a0nos\u00a0\u00bb<\/em> droits\u00a0? Qu\u2019en est-il de ces millions de femmes vivant <em>ici <\/em>sous le seuil de pauvret\u00e9\u00a0ou assign\u00e9es au travail domestique ? Qu\u2019en est-il de l\u2019\u00e9galit\u00e9 r\u00e9elle des sexes et des sexualit\u00e9s\u00a0?\u2026 Quelle place occupe la lutte contre l\u2019h\u00e9t\u00e9rosexisme dans notre soci\u00e9t\u00e9\u00a0: une soci\u00e9t\u00e9 qui maintient les discriminations salariales comme la permissivit\u00e9 des insultes ou l\u2019impunit\u00e9 des violences ? Quels moyens sont allou\u00e9s \u00e0 une \u00e9ducation sexuelle \u00e9mancipatrice et \u00e0 l\u2019acc\u00e8s r\u00e9el aux droits sexuels reproductifs et non reproductifs pour toutEs (maintien des centres d\u2019IVG, valorisation et diffusion de la gyn\u00e9cologie m\u00e9dicale, contraception libre et gratuite, acc\u00e8s \u00e0 la PMA sans discrimination)\u00a0?<\/p>\n<p style=\"text-align: justify;\">\u00a0\u00a0\u00a0\u00a0\u00a0\u00a0\u00a0\u00a0\u00a0\u00a0\u00a0 En tant que f\u00e9ministes, comment ne pas exiger l\u2019abrogation des lois qui criminalisent les femmes en raison de leur religion, le d\u00e9veloppement de mode de garde collectif, la r\u00e9forme des manuels scolaires et le d\u00e9veloppement de la place de l\u2019histoire des femmes, des \u00e9tudes postcoloniales et de la notion de \u00ab\u00a0genre\u00a0\u00bb dans toutes les disciplines, l\u2019\u00e9radication des publicit\u00e9s et des jouets pr\u00f4nant l\u2019h\u00e9t\u00e9rosexualit\u00e9 obligatoire, la reconnaissance pleine et enti\u00e8re des droits sociaux des prostitu\u00e9Es\u00a0? \u2026<\/p>\n<p style=\"text-align: justify;\">\u00a0\u00a0\u00a0\u00a0\u00a0\u00a0\u00a0\u00a0\u00a0\u00a0\u00a0 Quelles le\u00e7ons pr\u00e9tendons-nous vouloir donner au monde\u00a0et de quelle histoire voulons-nous \u00eatre les h\u00e9ritierEs\u00a0? Nous appelons aujourd\u2019hui \u00e0 voter pour le candidat qui demeure en position de barrer la route au projet n\u00e9oconservateur d\u2019une Europe amn\u00e9sique, pour faire rempart aux politiques avilissantes des droites extr\u00eames comme des d\u00e9rives droiti\u00e8res des partis de gouvernement d\u2019ici ou d\u2019ailleurs. Cet appel ne donne nullement carte blanche \u00e0 M. Hollande ni ne signifie une adh\u00e9sion \u00e0 son programme \u00e9conomique et social : nos votes sont une promesse qui charrie le tumulte des combats pass\u00e9s, une promesse vis-\u00e0-vis de cette m\u00e9moire des luttes, un engagement pour l\u2019avenir.<\/p>\n<p style=\"text-align: justify;\">\u00a0\u00a0\u00a0\u00a0\u00a0\u00a0\u00a0\u00a0\u00a0\u00a0\u00a0 Si nous gagnons cette fois, nous n\u2019oublions pas que les fascistes sont de retour en Europe\u00a0; une Europe d\u00e9chir\u00e9e et d\u00e9sol\u00e9e par des d\u00e9cennies d\u2019un n\u00e9olib\u00e9ralisme agressif. Fid\u00e8les \u00e0 Virginia Woolf, et \u00e0 son brulot f\u00e9ministe <em>Trois guin\u00e9es <\/em>(expurg\u00e9 de ses \u0153uvres \u00ab\u00a0compl\u00e8tes\u00a0\u00bb r\u00e9cemment parues dans La Pl\u00e9iade), nous affirmons que, d\u00e9sormais, quiconque tente de nous instrumentaliser en pr\u00e9tendant d\u00e9fendre le droit des femmes sous couvert de progr\u00e8s, d\u2019identit\u00e9 nationale ou de d\u00e9fense des fronti\u00e8res europ\u00e9ennes \u2013 rencontrera sur son chemin une internationale f\u00e9ministe que nous appelons de nos v\u0153ux.<\/p>\n<p style=\"text-align: justify;\">\n<p style=\"text-align: justify;\">\n<p style=\"text-align: justify;\">Pour signer\u00a0:<\/p>\n<p style=\"text-align: justify;\"><a href=\"http:\/\/www.change.org\/fr\/p%C3%A9titions\/internationale-f%C3%A9ministe-nous-f%C3%A9ministes\">http:\/\/www.change.org\/fr\/p%C3%A9titions\/internationale-f%C3%A9ministe-nous-f%C3%A9ministes<\/a><\/p>\n<p style=\"text-align: justify;\">\n<p style=\"text-align: justify;\">Eleni Varikas, Elsa Dorlin, Cl\u00e9mentine Autain, Hourya Bentouhami, Oristelle Bonis\/Editions iXe, Laure Bereni, Isabelle Clair, Sonia Dayan-Herzbrun, Rokhaya Diallo, Nacira Gu\u00e9nif, Rada Ivekovic, Danielle Kergoat, Rose-Marie Lagrave, Genevi\u00e8ve Pruvost, Judith Revel, \u2026<\/p>\n<p style=\"text-align: justify;\">\n<p style=\"text-align: justify;\">C\u00e9cile Arfi, photographe (Saint-Denis)<\/p>\n<p style=\"text-align: justify;\">Athena Athanasiou, anthropologue (Ath\u00e8nes)<\/p>\n<p style=\"text-align: justify;\">Anne Berger, litt\u00e9raire (Paris)<\/p>\n<p style=\"text-align: justify;\">Marc Bernardot, R\u00e9seau Terra (Paris)<\/p>\n<p style=\"text-align: justify;\">Annie Bidet-Mordrel, philosophe (Paris)<\/p>\n<p style=\"text-align: justify;\">Chris Blache, conseill\u00e8re \u00e9galit\u00e9 H\/F campagne d\u2019Eva Joly (Paris)<\/p>\n<p style=\"text-align: justify;\">Marianne Blidon, g\u00e9ographe (Paris)<\/p>\n<p style=\"text-align: justify;\">Fran\u00e7oise Bloch, sociologue (Lyon)<\/p>\n<p style=\"text-align: justify;\">Sarah Bracke, sociologue\/co-fondatrice NextGENDERation (Bruxelles)<\/p>\n<p style=\"text-align: justify;\">Coline Cardi, sociologue (Paris)<\/p>\n<p style=\"text-align: justify;\">Natacha Chetcuti, sociologue (Paris)<\/p>\n<p style=\"text-align: justify;\">Diana Prince Club, association autod\u00e9fense f\u00e9ministe (Paris)<\/p>\n<p style=\"text-align: justify;\">Karine Espineira, sociologue (Bordeaux)<\/p>\n<p style=\"text-align: justify;\">Eric Fassin, sociologue (Paris)<\/p>\n<p style=\"text-align: justify;\">Artemisa Flores Espinola, sociologue (Paris)<\/p>\n<p style=\"text-align: justify;\">Fanny Gallot, doctorante (Lyon)<\/p>\n<p style=\"text-align: justify;\">Marie-Dominique Garnier, litt\u00e9rature (Paris)<\/p>\n<p style=\"text-align: justify;\">Lise Gaignard, psychologue (Paris)<\/p>\n<p style=\"text-align: justify;\">Yvonne Guichard-Claudic, sociologue (Brest)<\/p>\n<p style=\"text-align: justify;\">Emilie Hache, philosophe (Paris)<\/p>\n<p style=\"text-align: justify;\">Alexandre Jaunait, politiste (Poitiers)<\/p>\n<p style=\"text-align: justify;\">Chlo\u00e9 Le Gouez, militante La Barbe (Paris)<\/p>\n<p style=\"text-align: justify;\">Ilana L\u00f6wy, historienne des sciences (Paris)<\/p>\n<p style=\"text-align: justify;\">Michael L\u00f6wy, philosophe (Paris)<\/p>\n<p style=\"text-align: justify;\">Jacqueline Martin, universitaire retrait\u00e9e (Toulouse)<\/p>\n<p style=\"text-align: justify;\">H\u00e9l\u00e8ne Meynaut, juge de Prud\u2019hommes (Paris)<\/p>\n<p style=\"text-align: justify;\">Delphine Naudier, sociologue (Paris)<\/p>\n<p style=\"text-align: justify;\">Toni Negri, philosophe<\/p>\n<p style=\"text-align: justify;\">Anna Jarry-Omarova, sociologue (Paris)<\/p>\n<p style=\"text-align: justify;\">OUTrans, association trans d\u2019autosupport (Paris)<\/p>\n<p style=\"text-align: justify;\">Patricia Paperman, sociologue (Paris)<\/p>\n<p style=\"text-align: justify;\">Maria Puig de la Bellacasa, philosophe (Leicester)<\/p>\n<p style=\"text-align: justify;\">Vincenza Perilli, essayiste Marginalia (Bologne)<\/p>\n<p style=\"text-align: justify;\">Michal Raz, doctorante (Paris)<\/p>\n<p style=\"text-align: justify;\">Lisbeth Sal, militante NPA (Paris)<\/p>\n<p style=\"text-align: justify;\">Maria-Eleonora Sanna, ch\u00f4meuse (Paris)<\/p>\n<p style=\"text-align: justify;\">Robert Sayre, sociologue de la litt\u00e9rature (Paris)<\/p>\n<p style=\"text-align: justify;\">Leticia Sabsay, Open University (Milton Keynes)<\/p>\n<p style=\"text-align: justify;\">Ann Laura Stoler, New School (New York)<\/p>\n<p style=\"text-align: justify;\">Christelle Taraud, historienne (Paris)<\/p>\n<p style=\"text-align: justify;\">Catherine Teiger, CNAM (Paris)<\/p>\n<p style=\"text-align: justify;\">Maud Yeuse Thomas, \u00e9crivaine (Bordeaux)<\/p>\n<p style=\"text-align: justify;\">\u2026<\/p>\n<p style=\"text-align: justify;\">\n<p style=\"text-align: justify;\">\n<p style=\"text-align: justify;\"><strong>We feminists,<\/strong><\/p>\n<p style=\"text-align: justify;\">We citizens and indigenous, migrants and natives, from the bourgeoisie and from the working class, workers and unemployed, nationals and naturalized, europeans and foreigners, activists and academics: daughters, mothers, post-menopausal, aborted or on hormones, blacks, whites, gypsies, arabs, muslims, jews or christians, believers, infidels, veiled, unveiled, reveiled, sexy, fat, anorexic, able-bodied or not, straight, trans dykes, queers, moral, immoral, amoral, victims, whores, spared or enraged\u2026<\/p>\n<p style=\"text-align: justify;\">We, feminists, daughters of Olympe de Gouges, the half socialite beheaded for declaring our rights, of Solitude, beheaded mulatto in Pointe \u00e0 Pitre for rising against the restoration of slavery, of Mary Wollstonecraft and her authentically universalist philosophy, of the slave Sojourner Truth, fighter for the freedom of <em>all<\/em> women, whatever their color, of Flora Tristan who defended the \u201cnecessity to welcome foreign women\u201d, of Fatma N\u2019Soumer, algerian fighter who took up arms against the colonial army, of Louise Michel who, with no hesitation, sided with the Kanaks against her country\u2019s colonizers, of Olga Bancic the invisible fighter of the Manouchian Group beheaded by the Nazis, of the 230 activists, members of the Resistance, of the convoy of January 24, 1943, who started singing the Marseillaise while going through the gates of Birkenau,\u2026 We, daughters, granddaughters of the MLF and the FHAR; daughters of Audre Lorde, poet, lesbian, caribbean, tracking down racism, sexism and homophobia even within feminist movements and anti-racist mobilizations\u2026<\/p>\n<p style=\"text-align: justify;\">Daughters of Virginia Woolf, we denounce with her the nationalist propaganda that takes women hostage and pretends to defends them while their fundamental rights are being flouted: <em>\u201cAs a woman, I have no country. As a woman I want no country. As a woman my country is the whole world.\u201d<\/em><\/p>\n<p style=\"text-align: justify;\">Our genealogy doesn\u2019t know any shadow zones: we represent this internationalist and anti-fascist feminist tradition that historically fought against the nationalist and colonialist instrumentalization of women\u2019s rights and that has always proclaimed equality for all, whatever our conditions, our identity papers, our sexualities, our religions\u2026<\/p>\n<p style=\"text-align: justify;\">We declare that we will do anything for this country to get rid of the outgoing President. We call everyone to do so and to stand against fascism as it is spreading in France and Europe.<\/p>\n<p style=\"text-align: justify;\">It is time that we gather and fight those politics that systematically destroy our political community, our rights, our democratic freedoms, social link and solidarity, and dare to do so <em>in our name<\/em>. It is time for another feminism to speak out: we, feminists, refuse, with the strongest determination, \u201cwomen\u2019s rights\u201d, \u201chomosexuals\u2019 rights\u201d or \u201csex equality\u201d to serve neo-colonial and freedom restricting ideologies and practices.<\/p>\n<p style=\"text-align: justify;\">We refuse to be party to dispositives that create the conditions of the omnipotence of neoliberal capitalism, of the promotion of a paternalist moral of \u201ctolerance\u201d, of the reduction of the political to border and police order maintenance, of recording informations, of the surveillance and criminalization of \u201cforeigners\u201d, pauperized populations as well as unionists and the social movement. We revolt against this society that let its own citizens die freezing and starving in the streets while pretending it cannot accommodate \u201call the poverty in the world\u201d ; we condemn attacks on public services, especially regarding health, education, research and proximity that constitute the necessary material conditions to real equality.<\/p>\n<p style=\"text-align: justify;\">Obscure object of desire, the support of 6 million French voters to a fascistic culture is the object of an active solicitation. Front National scores are like a mandate to keep us in the minority, to feed us with stupid populist representations and simplistic hate promoting reasoning; civil society is now no more than a divided and frightened consumption society. This escalation has to stop\u2026 As for us, we won\u2019t let this nationalist front take over feminism to make it the standard of \u201cOccident\u201d ever again. We won\u2019t let a party, no matter the sex of its leader, divide us with impunity. We fight against the great confinement in a fortress Europe that transforms the historical fight for our rights and for our liberties on our bodies and lives into a value of \u201cwestern civilization\u201d and an islamophobic integration criteria\u2026 What about \u201cWe\u201d? What about \u201cour\u201d rights? What about those million women living below the poverty threshold or assigned to domestic work? What about real sex equality and real sexual equality?\u2026 How do we fight heterosexism in our society: a society that maintains wage discriminations as much as it maintains the lawfulness of insults and the impunity of violence? What means are we given to build up an emancipator sex education and to have a real access to reproductive or non-reproductive sexual rights for all (maintenance of abortions clinics, valorization and diffusion of medical gynecology, free birth control, access to MAP without discrimination)?<\/p>\n<p style=\"text-align: justify;\">As feminists, how not demand the abrogation of laws criminalizing women because of their religion, the multiplication of feminist collective day care, the reform of school books and the development of women\u2019s history, postcolonial studies and the notion of \u201cgender\u201d in every discipline, the eradication of publicities and toys promoting compulsory heterosexuality, the full recognition of prostitutes social rights?\u2026<\/p>\n<p style=\"text-align: justify;\">What are we pretending to teach the world and what is the history we want to be the heirESSEs to? Today, we call for a vote to the candidate who is still able to stop the neoconservative project of an amnesiac Europe and stop those degrading extreme right\u2019s politics as well as rightward drifts of parties in government from here or there. This call doesn\u2019t give a mandate to M. Hollande nor does it mean we agree to his economic and social program: our votes are a promise that carries the tumult of past fights, a promise to this memory of struggles, a commitment to the future. If we win this time, we don\u2019t forget that fascists are back in Europe; a torn down and desolated Europe that is so because of decades of aggressive neoliberalism. Faithful to Virginia Woolf and her feminist pamphlet <em>Three Guineas<\/em> (expurgated from her \u201ccomplete\u201d works recently published in La Pl\u00e9iade), we claim that from now on, whoever tries to instrumentalize us pretending to defend women\u2019s rights under cover of progress, national identity or defense of european borders \u2013 will find on his way the Feminist International we are wishing for.<\/p>\n<p style=\"text-align: center;\"><a href=\"http:\/\/www.egalite.be\/wp-content\/uploads\/2012\/05\/muslimwomensrights.jpg\"><img decoding=\"async\" class=\"aligncenter size-full wp-image-2545\" title=\"muslimwomensrights\" alt=\"\" src=\"http:\/\/www.egalite.be\/wp-content\/uploads\/2012\/05\/muslimwomensrights.jpg\" width=\"427\" height=\"326\" \/><\/a><\/p>\n<\/div>\n","protected":false},"excerpt":{"rendered":"<p>\u00a0 \u00a0\u00a0\u00a0\u00a0\u00a0\u00a0\u00a0\u00a0\u00a0\u00a0\u00a0 Nous citoyennes et indig\u00e8nes, immigr\u00e9es et autochtones, bourgeoises et prol\u00e9taires, travailleuses et ch\u00f4meuses, nationales et naturalis\u00e9es, europ\u00e9ennes et \u00e9trang\u00e8res, militantes et universitaires :\u00a0filles, m\u00e8res, m\u00e9nopaus\u00e9es, avort\u00e9es ou hormon\u00e9es, Noires, blanches, tsiganes, arabes, musulmanes, juives ou chr\u00e9tiennes, croyantes, m\u00e9cr\u00e9antes, voil\u00e9es, d\u00e9voil\u00e9es, revoil\u00e9es, sexy, grosses, anorexiques, valides ou non, straight, trans, gouines, queer, morales, immorales, &#8230; <a title=\"Nous, f\u00e9ministes\" class=\"read-more\" href=\"https:\/\/bruxelles-pantheres.be\/?p=1193\" aria-label=\"En savoir plus sur Nous, f\u00e9ministes\">Lire la suite<\/a><\/p>\n","protected":false},"author":1,"featured_media":913,"comment_status":"open","ping_status":"open","sticky":false,"template":"","format":"standard","meta":{"footnotes":""},"categories":[21,36,42,4,7,28,37,39],"tags":[],"class_list":["post-1193","post","type-post","status-publish","format-standard","has-post-thumbnail","hentry","category-anti-imperialisme","category-europe","category-homophobie","category-islamophobie","category-negrophobie","category-racismes","category-romophobie","category-sans-papier"],"_links":{"self":[{"href":"https:\/\/bruxelles-pantheres.be\/index.php?rest_route=\/wp\/v2\/posts\/1193","targetHints":{"allow":["GET"]}}],"collection":[{"href":"https:\/\/bruxelles-pantheres.be\/index.php?rest_route=\/wp\/v2\/posts"}],"about":[{"href":"https:\/\/bruxelles-pantheres.be\/index.php?rest_route=\/wp\/v2\/types\/post"}],"author":[{"embeddable":true,"href":"https:\/\/bruxelles-pantheres.be\/index.php?rest_route=\/wp\/v2\/users\/1"}],"replies":[{"embeddable":true,"href":"https:\/\/bruxelles-pantheres.be\/index.php?rest_route=%2Fwp%2Fv2%2Fcomments&post=1193"}],"version-history":[{"count":1,"href":"https:\/\/bruxelles-pantheres.be\/index.php?rest_route=\/wp\/v2\/posts\/1193\/revisions"}],"predecessor-version":[{"id":1194,"href":"https:\/\/bruxelles-pantheres.be\/index.php?rest_route=\/wp\/v2\/posts\/1193\/revisions\/1194"}],"wp:featuredmedia":[{"embeddable":true,"href":"https:\/\/bruxelles-pantheres.be\/index.php?rest_route=\/wp\/v2\/media\/913"}],"wp:attachment":[{"href":"https:\/\/bruxelles-pantheres.be\/index.php?rest_route=%2Fwp%2Fv2%2Fmedia&parent=1193"}],"wp:term":[{"taxonomy":"category","embeddable":true,"href":"https:\/\/bruxelles-pantheres.be\/index.php?rest_route=%2Fwp%2Fv2%2Fcategories&post=1193"},{"taxonomy":"post_tag","embeddable":true,"href":"https:\/\/bruxelles-pantheres.be\/index.php?rest_route=%2Fwp%2Fv2%2Ftags&post=1193"}],"curies":[{"name":"wp","href":"https:\/\/api.w.org\/{rel}","templated":true}]}}