{"id":1199,"date":"2012-05-04T22:58:22","date_gmt":"2012-05-04T21:58:22","guid":{"rendered":"https:\/\/bruxelles-pantheres.be\/?p=1199"},"modified":"2013-11-15T23:01:30","modified_gmt":"2013-11-15T22:01:30","slug":"leur-sort-est-entre-nos-mains","status":"publish","type":"post","link":"https:\/\/bruxelles-pantheres.be\/?p=1199","title":{"rendered":"\u00ab Leur sort est entre nos mains \u00bb"},"content":{"rendered":"<p>&nbsp;<\/p>\n<div>\n<div>\n<h6><a title=\"Une lettre de Khader Adnan en soutien aux prisonniers gr\u00e9vistes de la faim\" href=\"http:\/\/mcpalestine.canalblog.com\/archives\/2012\/05\/04\/24180549.html\" rel=\"bookmark\">Une lettre de Khader Adnan en soutien aux prisonniers gr\u00e9vistes de la faim<\/a><\/h6>\n<\/div>\n<div>Khader Adnan, <abbr title=\"2012-05-04T09:43:08Z\">vendredi 4 mai 2012<\/abbr><\/div>\n<div><\/div>\n<div>\n<div>\n<h1><img decoding=\"async\" class=\"alignleft\" alt=\"\" src=\"http:\/\/storage.canalblog.com\/14\/45\/217331\/75381549.png\" \/><\/h1>\n<\/div>\n<div>\n<p style=\"text-align: justify;\">Au nom d\u2019Allah, le Tout Mis\u00e9ricordieux, le Tr\u00e8s Mis\u00e9ricordieux<\/p>\n<p style=\"text-align: justify;\">Louange \u00e0 Allah et que la paix et les b\u00e9n\u00e9\u00addic\u00adtions soient sur le Mes\u00adsager\u00a0d\u2019Allah<\/p>\n<p style=\"text-align: justify;\">Chers peuples libres du monde. Chers opprim\u00e9s et priv\u00e9s de leurs droits dans le monde. Chers amis de notre peuple, qui vous \u00eates tenus \u00e0 mes c\u00f4t\u00e9s avec une conviction in\u00e9bran\u00adlable en la libert\u00e9 et la dignit\u00e9 pour mon peuple et pour nos pri\u00adson\u00adniers qui lan\u00adguissent dans les prisons de\u00a0l\u2019occupation.<\/p>\n<p style=\"text-align: justify;\">Chers femmes et hommes libres, jeunes et vieux, gens ordi\u00adnaires et \u00e9lites intel\u00adlec\u00adtuelles de partout \u2013 je m\u2019adresse \u00e0 vous aujourd\u2019hui avec un \u00e9lan d\u2019espoir et de douleur pour chaque Pales\u00adtinien qui souffre de l\u2019occupation de sa terre, pour chacun d\u2019entre nous qui a \u00e9t\u00e9 tu\u00e9, bless\u00e9 ou empri\u00adsonn\u00e9 par l\u2019Etat ter\u00adro\u00adriste qui nie tout ce qui est beau dans nos vies, m\u00eame le sourire de nos enfants et de nos familles. Je vous adresse ma pre\u00admi\u00e8re lettre apr\u00e8s ma lib\u00e9\u00adration \u2013 en priant qu\u2019elle ne soit pas la der\u00adni\u00e8re \u2013 apr\u00e8s qu\u2019Allah m\u2019ait accord\u00e9 la libert\u00e9, la fiert\u00e9 et la dignit\u00e9. J\u2019ai \u00e9t\u00e9 un \u00ab\u00a0d\u00e9tenu admi\u00adnis\u00adtratif\u00a0\u00bb dans les ge\u00f4les de l\u2019occupation pendant quatre mois, sur les\u00adquels j\u2019ai pass\u00e9 66 jours en gr\u00e8ve de la\u00a0faim.<!--more--><\/p>\n<p style=\"text-align: justify;\">J\u2019ai \u00e9t\u00e9 conduit \u00e0 me d\u00e9clarer en gr\u00e8ve de la faim illi\u00admit\u00e9e \u00e0 cause du har\u00adc\u00e8\u00adlement quo\u00adtidien et des vio\u00adla\u00adtions des droits de mon peuple par l\u2019occupation sio\u00adniste isra\u00e9\u00adlienne. Pour moi, la goutte d\u2019eau qui a\u00a0fait d\u00e9border le vase furent les arres\u00adta\u00adtions, la bru\u00adtalit\u00e9 du raid noc\u00adturne \u00e0 mon domicile, la vio\u00adlence de ma d\u00e9tention, pendant laquelle j\u2019ai \u00e9t\u00e9 emmen\u00e9 \u00e0 la colonie \u00ab\u00a0Mavo Dotan\u00a0\u00bb, sur notre terre occup\u00e9e en 1967, et les coups et les humi\u00adlia\u00adtions que j\u2019ai subis pendant l\u2019interrogatoire qui a\u00a0suivi mon arres\u00adtation, la mani\u00e8re dont j\u2019ai \u00e9t\u00e9 trait\u00e9 pendant l\u2019interrogatoire au centre de d\u00e9tention Jalameh, avec les pires et les plus basses insultes ver\u00adbales du dic\u00adtion\u00adnaire. Apr\u00e8s l\u2019interrogatoire, j\u2019ai \u00e9t\u00e9 condamn\u00e9 \u00e0 l\u2019emprisonnement sous d\u00e9tention admi\u00adnis\u00adtrative, sans charges, ce qui prouve que mon arres\u00adtation et celles des autres ne servent qu\u2019\u00e0 main\u00adtenir un quota de pri\u00adson\u00adniers, \u00e0 les har\u00adceler, \u00e0 les priver de libert\u00e9 et \u00e0 saper notre d\u00e9ter\u00admi\u00adnation, notre fiert\u00e9 et notre\u00a0dignit\u00e9.<\/p>\n<p style=\"text-align: justify;\">J\u2019\u00e9cris aujourd\u2019hui pour remercier tous ceux qui sont rest\u00e9s debout en soutien \u00e0 mon peuple, \u00e0 nos pri\u00adson\u00adniers, \u00e0 Hana al-Shalabi et \u00e0 moi-m\u00eame. J\u2019en appelle \u00e0 vous pour sou\u00adtenir la justice, la fiert\u00e9 et la dignit\u00e9 en face de l\u2019occupation. Les attaques contre la libert\u00e9 et la dignit\u00e9 du peuple pales\u00adtinien sont des attaques contre les gens libres du monde par une occu\u00adpation cri\u00admi\u00adnelle qui menace la s\u00e9curit\u00e9, la libert\u00e9 et la dignit\u00e9 de tous, peu importe\u00a0o\u00f9.<\/p>\n<p style=\"text-align: justify;\">Merci de continuer \u00e0 d\u00e9noncer cette occu\u00adpation, \u00e0 la boy\u00adcotter et \u00e0 l\u2019isoler inter\u00adna\u00adtio\u00adna\u00adlement. Montrez son v\u00e9ri\u00adtable visage, celui qui a \u00e9t\u00e9 clai\u00adrement expos\u00e9 lors de l\u2019agression contre notre com\u00adpagnon danois par un officier isra\u00e9lien. Contrai\u00adrement \u00e0 cette attaque, les assas\u00adsinats de notre peuple sont des crimes dont on ne parle pas et que les cam\u00e9ras ne filment pas. Nos pri\u00adson\u00adniers meurent en silence. Des cen\u00adtaines de d\u00e9fen\u00adseurs de la libert\u00e9 sont en gr\u00e8ve de la faim dans les prisons, dont les huit che\u00adva\u00adliers, Bilal Diab et Thaer Hlahalh, main\u00adtenant au 61\u00e8me jour de gr\u00e8ve de la faim, Hassan Safadi, Omar Abu Shalal, Mahmoud Sarsak, Mahmoud Sarsal, Mohammad Taj, Jaafar Azzedine (qui n\u2019a \u00e9t\u00e9 arr\u00eat\u00e9 que parce qu\u2019il a\u00a0exprim\u00e9 sa soli\u00addarit\u00e9 \u00e0 mon \u00e9gard) et Ahmad haj Ali. Leurs vies sont main\u00adtenant en grand\u00a0danger.<\/p>\n<p style=\"text-align: justify;\">Nous sommes tous res\u00adpon\u00adsables et nous per\u00addrons tous si quoique ce soit leur arrive. Agissons tout de suite, faisons pression sur l\u2019occupation pour leur lib\u00e9\u00adration imm\u00e9\u00addiate, ou leurs enfants pour\u00adraient ne jamais nous\u00a0pardonner.<\/p>\n<p style=\"text-align: justify;\">Que tous ces per\u00adsonnes libres et r\u00e9vo\u00adlu\u00adtion\u00adnaires joignent leurs mains contre l\u2019oppression de l\u2019occupation, des\u00adcendent dans les rues \u2013 devant les prisons de l\u2019occupation, devant ses ambas\u00adsades et devant toutes les autres ins\u00adti\u00adtu\u00adtions qui la sou\u00adtiennent dans le monde\u00a0entier.<\/p>\n<p style=\"text-align: justify;\">Avec notre profonde reconnaissance, Khader\u00a0Adnan<\/p>\n<p><img decoding=\"async\" class=\"alignright\" alt=\"\" src=\"http:\/\/storage.canalblog.com\/76\/86\/217331\/75381550.png\" \/><\/p>\n<\/div>\n<\/div>\n<\/div>\n","protected":false},"excerpt":{"rendered":"<p>&nbsp; Une lettre de Khader Adnan en soutien aux prisonniers gr\u00e9vistes de la faim Khader Adnan, vendredi 4 mai 2012 Au nom d\u2019Allah, le Tout Mis\u00e9ricordieux, le Tr\u00e8s Mis\u00e9ricordieux Louange \u00e0 Allah et que la paix et les b\u00e9n\u00e9\u00addic\u00adtions soient sur le Mes\u00adsager\u00a0d\u2019Allah Chers peuples libres du monde. Chers opprim\u00e9s et priv\u00e9s de leurs droits &#8230; <a title=\"\u00ab Leur sort est entre nos mains \u00bb\" class=\"read-more\" href=\"https:\/\/bruxelles-pantheres.be\/?p=1199\" aria-label=\"En savoir plus sur \u00ab Leur sort est entre nos mains \u00bb\">Lire la suite<\/a><\/p>\n","protected":false},"author":1,"featured_media":1129,"comment_status":"open","ping_status":"open","sticky":false,"template":"","format":"standard","meta":{"footnotes":""},"categories":[21,36,4,6,8,28],"tags":[12],"class_list":["post-1199","post","type-post","status-publish","format-standard","has-post-thumbnail","hentry","category-anti-imperialisme","category-europe","category-islamophobie","category-palestine-moyen-orient","category-prisons","category-racismes","tag-gaza"],"_links":{"self":[{"href":"https:\/\/bruxelles-pantheres.be\/index.php?rest_route=\/wp\/v2\/posts\/1199","targetHints":{"allow":["GET"]}}],"collection":[{"href":"https:\/\/bruxelles-pantheres.be\/index.php?rest_route=\/wp\/v2\/posts"}],"about":[{"href":"https:\/\/bruxelles-pantheres.be\/index.php?rest_route=\/wp\/v2\/types\/post"}],"author":[{"embeddable":true,"href":"https:\/\/bruxelles-pantheres.be\/index.php?rest_route=\/wp\/v2\/users\/1"}],"replies":[{"embeddable":true,"href":"https:\/\/bruxelles-pantheres.be\/index.php?rest_route=%2Fwp%2Fv2%2Fcomments&post=1199"}],"version-history":[{"count":1,"href":"https:\/\/bruxelles-pantheres.be\/index.php?rest_route=\/wp\/v2\/posts\/1199\/revisions"}],"predecessor-version":[{"id":1200,"href":"https:\/\/bruxelles-pantheres.be\/index.php?rest_route=\/wp\/v2\/posts\/1199\/revisions\/1200"}],"wp:featuredmedia":[{"embeddable":true,"href":"https:\/\/bruxelles-pantheres.be\/index.php?rest_route=\/wp\/v2\/media\/1129"}],"wp:attachment":[{"href":"https:\/\/bruxelles-pantheres.be\/index.php?rest_route=%2Fwp%2Fv2%2Fmedia&parent=1199"}],"wp:term":[{"taxonomy":"category","embeddable":true,"href":"https:\/\/bruxelles-pantheres.be\/index.php?rest_route=%2Fwp%2Fv2%2Fcategories&post=1199"},{"taxonomy":"post_tag","embeddable":true,"href":"https:\/\/bruxelles-pantheres.be\/index.php?rest_route=%2Fwp%2Fv2%2Ftags&post=1199"}],"curies":[{"name":"wp","href":"https:\/\/api.w.org\/{rel}","templated":true}]}}