{"id":1201,"date":"2012-05-04T23:01:51","date_gmt":"2012-05-04T22:01:51","guid":{"rendered":"https:\/\/bruxelles-pantheres.be\/?p=1201"},"modified":"2013-11-15T23:05:46","modified_gmt":"2013-11-15T22:05:46","slug":"il-y-a-dix-ans-le-racisme-et-lextreme-droite-ont-tue-mes-parents","status":"publish","type":"post","link":"https:\/\/bruxelles-pantheres.be\/?p=1201","title":{"rendered":"Il y a dix ans, le racisme et l\u2019extr\u00eame droite ont tu\u00e9 mes parents"},"content":{"rendered":"<address><img decoding=\"async\" class=\"alignleft\" alt=\"http:\/\/www.lesoir.be\/zc\/vignettes475x300\/mediastore\/_2010\/mai\/du_21_a_la_fin\/_31_kenza_dr.jpg\" src=\"http:\/\/www.lesoir.be\/zc\/vignettes475x300\/mediastore\/_2010\/mai\/du_21_a_la_fin\/_31_kenza_dr.jpg\" \/><\/address>\n<p>Schaerbeek: Kenza Isnasni revient sur les lieux du drame 10 ans apr\u00e8s<\/p>\n<div style=\"text-align: justify;\">\n<p><strong>Description : <\/strong><\/p>\n<div>\n<p>Le 7 mai 2002, les parents de Kenza Isnasni \u00e9taient abattu par un homme de 79 ans, partisan du Vlaams Blok. Le mobile du crime: racisme. 10 ans plus tard, Kenza Isnasni raconte ce qui s\u2019est pass\u00e9 cette nuit l\u00e0 au 121 rue vanderlinden \u00e0 Schaerbeek.<strong> <a href=\"http:\/\/ma-tvideo.france3.fr\/video\/7e2b30727c5s.html\">Vid\u00e9o <\/a><\/strong><\/p>\n<\/div>\n<address><!--more--><\/address>\n<address><strong>Communiqu\u00e9 de presse\/7 mai 2002-7 mai 2012: <\/strong><\/address>\n<address><strong>Il y a dix ans, le racisme et l\u2019extr\u00eame droite ont tu\u00e9 mes parents<\/strong>\/\/ Persbericht<\/address>\n<\/div>\n<p>&nbsp;<\/p>\n<div style=\"text-align: justify;\">\n<div>par <a href=\"https:\/\/www.facebook.com\/Kenza.ISNASNI\">Kenza Isnasni<\/a>, mardi 1 mai 2012, 12:50 \u00b7<\/div>\n<\/div>\n<p>&nbsp;<\/p>\n<p style=\"text-align: justify;\">Le 7 mai 2002, vers 4h du matin, un double homicide secoue la commune de Schaerbeek, \u00e0 Bruxelles. Mes parents, Isnasni Ahmed (47 ans) et El-Hajji Habiba (45 ans), sont assassin\u00e9s par un individu connu pour son adh\u00e9sion aux th\u00e8ses de l\u2019extr\u00eame droite et sa proximit\u00e9 avec Johan Demol (\u00e9lu du Vlaams Blok devenu Vlaams Belang). Avant de se donner la mort et p\u00e9rir suite aux \u00e9manations des flammes de l\u2019incendie qu\u2019il a lui-m\u00eame provoqu\u00e9 dans tout l\u2019immeuble du 121 rue Vanderlinden, l\u2019assassin, Hendrik Vyt, un homme de 79 ans, avait \u00e9galement tir\u00e9 sur mes deux petits fr\u00e8res, Yassine et Walid. Entre la vie et la mort, ils avaient d\u00fb \u00eatre hospitalis\u00e9s. Mobile du crime : racisme.<\/p>\n<p>&nbsp;<\/p>\n<p style=\"text-align: justify;\">Pour rappel, l\u2019assassin avait d\u00e9clar\u00e9 la veille de son crime : \u00ab Puisque que Pim Fortuyn a \u00e9t\u00e9 tu\u00e9, puisque le Pen n\u2019a pas \u00e9t\u00e9 \u00e9lu au second tour, nous allons nous d\u00e9barrasser de \u00e7a nous-m\u00eames avec une kalachnikov \u00bb. Le message \u00e9tait clair\u2026<\/p>\n<p>&nbsp;<\/p>\n<p style=\"text-align: justify;\">Une action en justice avait \u00e9t\u00e9 introduite contre X pour non-assistance \u00e0 personne en danger. En cause : des soup\u00e7ons de manquements au niveau des services de police et du Fonds R\u00e9gional du Logement.<\/p>\n<p>&nbsp;<\/p>\n<p style=\"text-align: justify;\">Aujourd\u2019hui, 10 ans plus tard :<\/p>\n<p>&nbsp;<\/p>\n<p style=\"text-align: justify;\">\u25cf Je n\u2019ai toujours pas pu obtenir de reconnaissance aupr\u00e8s des instances judiciaires. L\u2019instruction s\u2019est sold\u00e9e par un non-lieu. Avec tous les \u00e9l\u00e9ments recueillis, j\u2019ai la conviction qu\u2019un tel drame ne peut \u00eatre le simple fruit du hasard.<\/p>\n<p>&nbsp;<\/p>\n<p style=\"text-align: justify;\">\u25cf Comme en 2002 lors des \u00e9lections pr\u00e9sidentielles fran\u00e7aises, l\u2019extr\u00e9misme de droite se renforce et propage son message de haine \u00e0 travers toute l\u2019Europe.<\/p>\n<p>&nbsp;<\/p>\n<p style=\"text-align: justify;\">\u25cf Comme en 2002 lors de la publication du rapport de l\u2019Observatoire europ\u00e9en des Ph\u00e9nom\u00e8nes Racistes et X\u00e9nophobes de Vienne, l\u2019islamophobie est une r\u00e9alit\u00e9 et trouve sans cesse de nouveaux espaces d\u2019expression. Le dernier rapport d\u2019Amnesty International, rendu public le 24 avril 2012, indique clairement une mont\u00e9e des discriminations envers les musulmans en Europe et particuli\u00e8rement en Belgique, en Espagne, en France, aux Pays-Bas et en Suisse.<\/p>\n<p>&nbsp;<\/p>\n<p style=\"text-align: justify;\">Ce drame a boulevers\u00e9 ma vie, mais je me suis relev\u00e9e et j\u2019ai r\u00e9sist\u00e9 car je n\u2019accepte pas cet \u00e9tat des lieux. Je n\u2019accepte plus ce climat d\u2019exclusion et de discriminations. Je n\u2019accepte plus ce racisme banalis\u00e9 et cette passivit\u00e9 g\u00e9n\u00e9rale qui nous emp\u00eachent de nous rassembler autour des vrais enjeux : les questions de justice sociale, d\u2019acc\u00e8s \u00e0 l\u2019enseignement et \u00e0 l\u2019emploi. Ces questions requi\u00e8rent la mobilisation de tous et sans que personne n\u2019en soit exclu.<\/p>\n<p>&nbsp;<\/p>\n<p style=\"text-align: justify;\">Ma r\u00e9sistance a \u00e9t\u00e9 de me lever au nom de ce que je suis contre ce qui a d\u00e9truit ma famille. Ma r\u00e9sistance consiste \u00e0 \u0153uvrer en faveur d\u2019un monde meilleur pour les g\u00e9n\u00e9rations futures. Ma r\u00e9sistance consiste \u00e0 prendre mes responsabilit\u00e9s et \u00e0 agir contre toutes les formes de discrimination.<\/p>\n<p>&nbsp;<\/p>\n<p style=\"text-align: justify;\">La Belgique d\u2019aujourd\u2019hui, je ne la reconnais plus. Ma Belgique, j\u2019aimerais qu\u2019elle m\u2019\u00e9coute, qu\u2019elle entende ma r\u00e9volte, qu\u2019elle me donne des r\u00e9ponses, qu\u2019elle permette \u00e0 chacun d\u2019y trouver sa place. Au-del\u00e0 des simples promesses li\u00e9es aux \u00e9ch\u00e9ances \u00e9lectorales, j\u2019attends de notre gouvernement qu\u2019il prenne des engagements fermes et des mesures fortes pour endiguer la mont\u00e9e du racisme et de la x\u00e9nophobie.<\/p>\n<p>&nbsp;<\/p>\n<p style=\"text-align: justify;\">Le recul de ces dix longues ann\u00e9es pass\u00e9es \u00e0 relever des d\u00e9fis a renforc\u00e9 ma conviction et mon espoir que si un avenir meilleur est possible, il ne le sera pas sans la mobilisation de l\u2019ensemble de la soci\u00e9t\u00e9.<\/p>\n<p>&nbsp;<\/p>\n<p style=\"text-align: justify;\"><strong>En m\u00e9moire \u00e0 mes parents, le 7 mai 2012, \u00e0 10h, je d\u00e9poserai une gerbe de fleurs au pied de l\u2019immeuble situ\u00e9 au 121, rue Vanderlinden \u00e0 Schaerbeek. J\u2019inviterai, \u00e0 cette occasion, chaque citoyen \u00e0 venir se recueillir tout au long de cette journ\u00e9e du 7 mai. Il s\u2019agit d\u2019un moment \u00e0 la fois de comm\u00e9moration et de recueillement, mais \u00e9galement de prise de conscience sur nos responsabilit\u00e9s respectives.<\/strong><\/p>\n<p>&nbsp;<\/p>\n<p style=\"text-align: justify;\">ISNASNI Kenza<\/p>\n<p>&nbsp;<\/p>\n<p style=\"text-align: justify;\">__________________________________________________________________________________________<\/p>\n<p>&nbsp;<\/p>\n<address>Persbericht\/ <strong>7 mei 2002 \u2013 7 mei 2012: 10 jaar geleden hebben racisme en extreemrechts mijn ouders gedood<\/strong><\/address>\n<p>&nbsp;<\/p>\n<p style=\"text-align: justify;\"><strong>\u00a0<\/strong><\/p>\n<p>&nbsp;<\/p>\n<p style=\"text-align: justify;\"><strong>Op 7 mei 2002, rond 4u \u2019s ochtends, vond een dubbele moord plaats in de gemeente Schaarbeek te Brussel. Mijn ouders, Ahmed Isnasni (47j) en Habiba El-Hajji (45j), werden vermoord door een man die bekend stond voor zijn sympathie voor de extreem-rechtse ideologie en zijn nauwe banden met Johan Demol (toen verkozen door het Vlaams Blok, tegenwoordig bekend als het Vlaams Belang). \u00a0Voordat de moordenaar, Hedrik Vyt, een man van 79j, zichzelf van het leven beroofde en omkwam in de vlammen van de brand die hij zelf veroorzaakte op de Vanderlindenstraat 121, schoot hij ook nog eens op mijn twee kleine broertjes Yassine en Walid. Tussen leven en dood moesten ze worden opgenomen in het ziekenhuis. Het motief van deze misdaad: racisme.<\/strong><\/p>\n<p>&nbsp;<\/p>\n<p style=\"text-align: justify;\"><strong>\u00a0<\/strong><\/p>\n<p>&nbsp;<\/p>\n<p style=\"text-align: justify;\">Ter herinnering, de moordenaar had aan de vooravond van de misdaad gezegd: \u201c Aangezien Pim Fortuyn werd en (Jean-Marie) Le Pen niet werd verkozen in de tweede ronde, zullen wij onszelf daarvan ontdoen met een Kalashnikov.\u201d \u00a0De boodschap was duidelijk \u2026<\/p>\n<p>&nbsp;<\/p>\n<p style=\"text-align: justify;\">Een klacht werd tegen X ingediend wegens het verzuim hulp te bieden aan een persoon in gevaar. Aan de orde: beschuldiging van nalatigheid door de politie en de regionale Woningsfonds.<\/p>\n<p>&nbsp;<\/p>\n<p style=\"text-align: justify;\">Vandaag \u2013 10 jaar later:<\/p>\n<p>&nbsp;<\/p>\n<ul style=\"text-align: justify;\">\n<li>Ik heb nog steeds geen erkenning kunnen krijgen van de rechterlijke autoriteiten.\u00a0 Ze verwierpen de zaak. Echter, met al de bekomen bewijzen ben ik ervan overtuigd dat dergelijke tragedie niet louter toeval kan zijn.<\/li>\n<\/ul>\n<p>&nbsp;<\/p>\n<ul style=\"text-align: justify;\">\n<li>Net zoals in 2002, tijdens de Franse presidentverkiezingen, blijft extreemrechts groeien en blijft het zijn \u00a0boodschap van haat verspreiden doorheen heel Europa.<\/li>\n<\/ul>\n<p>&nbsp;<\/p>\n<ul style=\"text-align: justify;\">\n<li>Net\u00a0 zoals in 2002 toen het rapport werd gepubliceerd van de Europese Waarnemingscentrum voor Racisme en Vreemdelingenhaat in Wenen, is islamofobie nog steeds een feit en blijft het nieuwe ruimte vinden om zich uit te drukken.\u00a0 Het laatste rapport van Amnesty International, uitgegeven op 24 april 2012, geeft duidelijk een toename aan van de discriminatie van moslims in Europa, in het bijzonder in Belgi\u00eb, Spanje, Frankrijk, Nederland en Zwitserland.<\/li>\n<\/ul>\n<p>&nbsp;<\/p>\n<p style=\"text-align: justify;\">Dit drama heeft mijn leven kapot gemaakt, maar ik ben terug opgestaan en heb me verzet omdat ik deze gang van zaken niet aanvaard. Ik aanvaard het huidige klimaat van uitsluiting en discriminatie niet. Ik aanvaard het gebagatelliseerde racisme niet, noch aanvaard ik de algemene passiviteit die ons ervan weerhoudt om ons te verzamelen rond de zaken die er echt toe doen: vraagstukken rond sociale rechtvaardigheid, toegang tot onderwijs en werkgelegenheid. Deze problemen vereisen de betrokkenheid van eenieder zonder enige uitsluiting.<\/p>\n<p>&nbsp;<\/p>\n<p style=\"text-align: justify;\">Mijn verzet heeft me ertoe gebracht om in naam van wat ik ben op te staan tegen datgene dat mijn familie vernietigde. \u00a0Mijn verzet heeft me ertoe geleid om te vechten voor een betere wereld voor de toekomstige generaties. Mijn verzet heeft me aangezet om mijn verantwoordelijkheid op te nemen en alle mogelijke vormen van discriminatie te bestrijden.<\/p>\n<p>&nbsp;<\/p>\n<p style=\"text-align: justify;\">Het Belgi\u00eb van vandaag herken ik niet meer. Ik zou graag willen dat Belgi\u00eb naar mij luistert,\u00a0 dat het mijn opstandigheid\u00a0 aanhoort, dat het mij antwoorden geeft, dat het het eenieder mogelijk maakt om hier zijn\/haar plaats te vinden.\u00a0 Op de enkele beloftes die men tijdens verkiezingen maakt na, verwacht ik van de overheid dat ze zich hard inzet en sterke maatregelen neemt om de groeiende racisme en vreemdelingenhaat tegen te gaan.<\/p>\n<p>&nbsp;<\/p>\n<p style=\"text-align: justify;\">Terugblikkend op de afgelopen 10 jaar die ik heb besteed aan het aangaan van uitdagingen, ben ik er steeds meer van overtuigd dat een betere toekomst wel degelijk mogelijk is, maar niet zonder de mobilisatie van de hele maatschappij.<\/p>\n<p>&nbsp;<\/p>\n<p style=\"text-align: justify;\"><strong>Op 7 mei 2012 om 10 uur zal ik ter nagedachte van mijn ouders een bos bloemen leggen aan de voorkant van het huis in de Vanderlindenstraat 121 te Schaarbeek. Voor deze gelegenheid zou ik elke burger willen uitnodigen om deze dag mee te herdenken. Dit is een dag van zowel herdenking als bezinning, maar evenwel van bewustwording van onze respectievelijke verantwoordelijkheden.<\/strong><\/p>\n<p>&nbsp;<\/p>\n<p style=\"text-align: justify;\"><strong>\u00a0<\/strong><\/p>\n<p>&nbsp;<\/p>\n<p style=\"text-align: justify;\">ISNASNI Kenza<\/p>\n<p>&nbsp;<\/p>\n<div>\n<address style=\"text-align: justify;\"><strong>Press release\/ May 7th 2002- May 7th 2012: ten years ago, racism and extreme right have killed my parents<\/strong><\/address>\n<\/div>\n<p>&nbsp;<\/p>\n<div style=\"text-align: justify;\">\n<div>par <a href=\"https:\/\/www.facebook.com\/Kenza.ISNASNI\">Kenza Isnasni<\/a>, mardi 1 mai 2012, 22:55 \u00b7<\/div>\n<\/div>\n<p>&nbsp;<\/p>\n<div>\n<div>\n<p style=\"text-align: justify;\"><strong>On May 7th 2002 around 4 o\u2019clock in the morning a double-homicide took place in the municipality of Schaarbeek, Brussels. My parents Ahmed Isnasni, 47, and Habiba El-Hajji, 45, were murdered by a man known for his sympathy towards far-right ideology and his close association with Johan Demol (then elected official of the Vlaams Blok, currently known as the Vlaams Belang). Before he took his own life in the flames of the fire he started in the building at 121, Vanderlinden Street, the murderer Hendrik Vyt, 79, had also shot my two little brothers Yassine and Walid. Their life being in danger, they had to be hospitalized immediately. The motive of the crime was racism.<\/strong><\/p>\n<p style=\"text-align: justify;\">Let us not forget that the night before the crime, the murderer stated: \u201cSince Pim Fortuyn was murdered and that [Jean-Marie] Le Pen was not elected in the second round, we\u2019re going to get rid of that ourselves with a Kalashnikov.\u201d The message was clear\u2026<\/p>\n<p style=\"text-align: justify;\">A complaint was filed against X for failure to render assistance to a person in danger. The plaintiff considered there was negligence from the police and the Regional Housing Fund.<\/p>\n<p style=\"text-align: justify;\">Today \u2013 10 years later:<\/p>\n<p style=\"text-align: justify;\"><strong>\u00b7<\/strong> \u00a0\u00a0\u00a0\u00a0\u00a0\u00a0\u00a0\u00a0\u00a0Judicial authorities have not acknowledged the aforementioned failure. They dismissed the case. However, the evidence leads me to believe that such tragedy does not happen by chance.<\/p>\n<p style=\"text-align: justify;\"><strong>\u00b7 \u00a0<\/strong>\u00a0\u00a0\u00a0\u00a0\u00a0\u00a0\u00a0\u00a0The far-right wing is growing stronger as it was at the 2002 presidential elections in France and it is still propagating its message of hatred across Europe.<\/p>\n<p style=\"text-align: justify;\"><strong>\u00b7<\/strong> \u00a0\u00a0\u00a0\u00a0\u00a0\u00a0\u00a0\u00a0\u00a0As stated in the 2002 report published by the European Monitoring Centre on Racism and Xenophobia (currently known as the European Union Agency for Fundamental Rights or Fundamental Rights Agency) based in Vienna, islamophobia is a fact and it keeps finding new ways to express itself. The latest report issued by Amnesty International on April 24th 2012 clearly shows that discriminations against Muslims in Europe are increasing, particularly in Belgium, Spain, France, the Netherlands and Switzerland.<\/p>\n<p style=\"text-align: justify;\">That tragedy shattered my life. But I got back on my feet and I resisted because I do not accept this situation. I do not accept the current climate of rejection and discrimination. I do not accept trivialized racism anymore, nor do I accept the general passivity that keeps us from getting together and talking about what is really at takes: social justice, access to education and employment. These questions call for everybody\u2019s mobilization. There is no place for rejection.<\/p>\n<p style=\"text-align: justify;\">My resilience led me to stand up against what destroyed my family in the name of what I am. My resilience led me to struggle in favor of a better world for future generations. My resilience led me to take my responsibilities and fight all forms of discrimination.<\/p>\n<p style=\"text-align: justify;\">I do not recognize Belgium anymore. I wish my dear Belgium listened to me so that it could hear my anger. I wish it gave me answers and let each and every one finds his\/her own place. Beyond the mere promises made during election campaigns, I want the government to commit and take strong measures against growing racism and xenophobia. When I look back on the last ten years that I spent taking up challenges, I am more than ever convinced and hopeful that a better future is possible, but not without the mobilization of the whole society.<\/p>\n<p style=\"text-align: justify;\"><strong>On May 7th 2012 at 10 o\u2019clock, I will leave a bunch of flowers in memory of my parents in front of the house at 121, Vanderlinden Street, Schaarbeek. For this occasion, I would like to invite every citizen to come and commemorate on that day. Not only will this be the opportunity to commemorate but also to become aware of our respective responsibilities. <\/strong><\/p>\n<p>Kenza ISNASNI<\/p>\n<ul>\n<li>Contact: kenzaisnasni@hotmail.com<\/li>\n<\/ul>\n<\/div>\n<\/div>\n<p>&nbsp;<\/p>\n<p style=\"text-align: justify;\"><strong>\u00a0Deux apr\u00e8s le double meurtre <em>Kenza Isnasni<\/em> \u00e9crit <em>une lettre<\/em> \u00e0 ces parents.<\/strong><\/p>\n<p><iframe src=\"\/\/www.youtube.com\/embed\/irdDa1pcvDY\" height=\"315\" width=\"420\" allowfullscreen=\"\" frameborder=\"0\"><\/iframe><\/p>\n","protected":false},"excerpt":{"rendered":"<p>Schaerbeek: Kenza Isnasni revient sur les lieux du drame 10 ans apr\u00e8s Description : Le 7 mai 2002, les parents de Kenza Isnasni \u00e9taient abattu par un homme de 79 ans, partisan du Vlaams Blok. Le mobile du crime: racisme. 10 ans plus tard, Kenza Isnasni raconte ce qui s\u2019est pass\u00e9 cette nuit l\u00e0 au &#8230; <a title=\"Il y a dix ans, le racisme et l\u2019extr\u00eame droite ont tu\u00e9 mes parents\" class=\"read-more\" href=\"https:\/\/bruxelles-pantheres.be\/?p=1201\" aria-label=\"En savoir plus sur Il y a dix ans, le racisme et l\u2019extr\u00eame droite ont tu\u00e9 mes parents\">Lire la suite<\/a><\/p>\n","protected":false},"author":1,"featured_media":205,"comment_status":"open","ping_status":"open","sticky":false,"template":"","format":"standard","meta":{"footnotes":""},"categories":[24,36,4,28,17,5],"tags":[31,14,23,67,30,54],"class_list":["post-1201","post","type-post","status-publish","format-standard","has-post-thumbnail","hentry","category-belgique-maroc","category-europe","category-islamophobie","category-racismes","category-video","category-violence-policiere","tag-belgique","tag-bruxelles","tag-discrimination","tag-kenza-isnasni","tag-maroc","tag-police"],"_links":{"self":[{"href":"https:\/\/bruxelles-pantheres.be\/index.php?rest_route=\/wp\/v2\/posts\/1201","targetHints":{"allow":["GET"]}}],"collection":[{"href":"https:\/\/bruxelles-pantheres.be\/index.php?rest_route=\/wp\/v2\/posts"}],"about":[{"href":"https:\/\/bruxelles-pantheres.be\/index.php?rest_route=\/wp\/v2\/types\/post"}],"author":[{"embeddable":true,"href":"https:\/\/bruxelles-pantheres.be\/index.php?rest_route=\/wp\/v2\/users\/1"}],"replies":[{"embeddable":true,"href":"https:\/\/bruxelles-pantheres.be\/index.php?rest_route=%2Fwp%2Fv2%2Fcomments&post=1201"}],"version-history":[{"count":1,"href":"https:\/\/bruxelles-pantheres.be\/index.php?rest_route=\/wp\/v2\/posts\/1201\/revisions"}],"predecessor-version":[{"id":1202,"href":"https:\/\/bruxelles-pantheres.be\/index.php?rest_route=\/wp\/v2\/posts\/1201\/revisions\/1202"}],"wp:featuredmedia":[{"embeddable":true,"href":"https:\/\/bruxelles-pantheres.be\/index.php?rest_route=\/wp\/v2\/media\/205"}],"wp:attachment":[{"href":"https:\/\/bruxelles-pantheres.be\/index.php?rest_route=%2Fwp%2Fv2%2Fmedia&parent=1201"}],"wp:term":[{"taxonomy":"category","embeddable":true,"href":"https:\/\/bruxelles-pantheres.be\/index.php?rest_route=%2Fwp%2Fv2%2Fcategories&post=1201"},{"taxonomy":"post_tag","embeddable":true,"href":"https:\/\/bruxelles-pantheres.be\/index.php?rest_route=%2Fwp%2Fv2%2Ftags&post=1201"}],"curies":[{"name":"wp","href":"https:\/\/api.w.org\/{rel}","templated":true}]}}