{"id":1210,"date":"2012-05-02T23:16:39","date_gmt":"2012-05-02T22:16:39","guid":{"rendered":"https:\/\/bruxelles-pantheres.be\/?p=1210"},"modified":"2013-11-15T23:21:16","modified_gmt":"2013-11-15T22:21:16","slug":"non-au-delit-de-pre-terrorisme","status":"publish","type":"post","link":"https:\/\/bruxelles-pantheres.be\/?p=1210","title":{"rendered":"Non au d\u00e9lit de \u00ab pr\u00e9-terrorisme \u00bb"},"content":{"rendered":"<p>&nbsp;<\/p>\n<div class=\"entry-content\">\n<h3><img decoding=\"async\" class=\"alignleft\" alt=\"http:\/\/www.franceinfo.fr\/sites\/default\/files\/imagecache\/462_ressource\/2012\/03\/15\/557725\/images\/ressource\/IP3VISO120315013.jpg\" src=\"http:\/\/www.franceinfo.fr\/sites\/default\/files\/imagecache\/462_ressource\/2012\/03\/15\/557725\/images\/ressource\/IP3VISO120315013.jpg\" \/><\/h3>\n<p style=\"text-align: left;\"><time itemprop=\"datePublished\" datetime=\"2012-04-30T14:07:17+02:00\"><\/time>Par Jean-Pierre Lees, Mathieu Burnel, Halim Hicheur, Rabah Bouguerrouma<\/p>\n<div style=\"text-align: justify;\">Si nul ne peut <a href=\"http:\/\/conjugaison.lemonde.fr\/conjugaison\/troisieme-groupe\/croire\" target=\"_blank\">croire<\/a> s\u00e9rieusement que le 6 mai 2012 puisse alt\u00e9rer quoi que ce soit au cours de nos existences, il n\u2019en va pas de m\u00eame du 4 mai prochain, date du verdict dans le proc\u00e8s d\u2019Adl\u00e8ne Hicheur. Ce jour-l\u00e0, nous saurons enfin si le simple fait d\u2019\u00e9crire sur des forums virtuels des propos peu am\u00e8nes pour l\u2019Occident constitue un acte de terrorisme passible de plusieurs ann\u00e9es de prison. Ce jour-l\u00e0, l\u2019autorit\u00e9 judiciaire d\u00e9terminera enfin si l\u2019on a ou non le droit de consid\u00e9rer que le d\u00e9ploiement des arm\u00e9es occidentales en Irak et en Afghanistan est un acte de guerre, voire un acte d\u2019invasion, et non une simple op\u00e9ration de police men\u00e9e pour le bien de l\u2019humanit\u00e9 dans une extension r\u00e9cente du territoire am\u00e9ricain. Et si une telle opinion constitue en soi l\u2019expression caract\u00e9ris\u00e9e de sympathies <em>\u00ab\u00a0prodjihadistes\u00a0\u00bb<\/em>.<!--more-->Si la juge Rebeyrotte devait <a href=\"http:\/\/conjugaison.lemonde.fr\/conjugaison\/premier-groupe\/condamner\" target=\"_blank\">condamner<\/a> Adl\u00e8ne (m\u00eame \u00e0 une peine qui se limite \u00e0 <a href=\"http:\/\/conjugaison.lemonde.fr\/conjugaison\/troisieme-groupe\/couvrir\" target=\"_blank\">couvrir<\/a> les deux ans et demi de pr\u00e9ventive qui viennent de lui <a href=\"http:\/\/conjugaison.lemonde.fr\/conjugaison\/premier-groupe\/briser\" target=\"_blank\">briser<\/a> le corps), il conviendra d\u2019en <a href=\"http:\/\/conjugaison.lemonde.fr\/conjugaison\/premier-groupe\/tirer\" target=\"_blank\">tirer<\/a> toutes les cons\u00e9quences. On aura alors \u00e0 coeur d\u2019<a href=\"http:\/\/conjugaison.lemonde.fr\/conjugaison\/troisieme-groupe\/interdire\" target=\"_blank\">interdire<\/a> tous les <a href=\"http:\/\/www.lemonde.fr\/blogs\/\">blogs<\/a> anarchisants qui appellent \u00e0 <a href=\"http:\/\/conjugaison.lemonde.fr\/conjugaison\/troisieme-groupe\/pendre\" target=\"_blank\">pendre<\/a> les patrons, voire \u00e0 <a href=\"http:\/\/conjugaison.lemonde.fr\/conjugaison\/premier-groupe\/bouffer\" target=\"_blank\">bouffer<\/a> les riches, tous les groupuscules marxistes qui d\u00e9fendaient la <em>\u00ab\u00a0r\u00e9sistance irakienne\u00a0\u00bb<\/em> contre l\u2019<em>\u00ab\u00a0agression imp\u00e9rialiste US\u00a0\u00bb<\/em>, tous les propalestiniens qui soutiennent ceux qui luttent contre l\u2019<em>\u00ab\u00a0occupant sioniste\u00a0\u00bb<\/em> ou, dans un autre registre, tous les x\u00e9nophobes qui appellent sans <a href=\"http:\/\/conjugaison.lemonde.fr\/conjugaison\/troisieme-groupe\/rire\" target=\"_blank\">rire<\/a> \u00e0 \u00e9gorger des Arabes le jour de l\u2019A\u00efd, comme tous les satanistes en herbe qui \u00e9talent une volont\u00e9 farouche de br\u00fbler une \u00e0 une les \u00e9glises de notre pays. Avec un peu de pers\u00e9v\u00e9rance, on se rendra bient\u00f4t compte que les forums virtuels les plus anodins sont remplis d\u2019intentions criminelles impunies.On nous dira que le cas d\u2019Adl\u00e8ne est tout de m\u00eame singulier, qu\u2019on ne peut \u00e9tendre qu\u2019abusivement sa situation au reste de la population. Certes, Adl\u00e8ne est d\u2019origine alg\u00e9rienne. Son p\u00e8re figurait d\u00e9j\u00e0 sur les fichiers antiterroristes fran\u00e7ais, apparemment pour <a href=\"http:\/\/conjugaison.lemonde.fr\/conjugaison\/auxiliaire\/avoir\" target=\"_blank\">avoir<\/a> fait un p\u00e8lerinage \u00e0 La Mecque. Pour <a href=\"http:\/\/conjugaison.lemonde.fr\/conjugaison\/premier-groupe\/aggraver\" target=\"_blank\">aggraver<\/a> son cas, Adl\u00e8ne, comme tant d\u2019autres de sa cit\u00e9, a pr\u00e9f\u00e9r\u00e9 <a href=\"http:\/\/conjugaison.lemonde.fr\/conjugaison\/premier-groupe\/collectionner\" target=\"_blank\">collectionner<\/a> les dipl\u00f4mes plut\u00f4t que les peines de prison. Il est pass\u00e9 par Normale-Sup Lyon, \u00e9tait chercheur en <a href=\"http:\/\/www.lemonde.fr\/physique\/\">physique<\/a> fondamentale au CERN (l\u2019Organisation europ\u00e9enne pour la recherche <a href=\"http:\/\/www.lemonde.fr\/nucleaire\/\">nucl\u00e9aire<\/a>). Voil\u00e0 qui est peu pardonnable. Ainsi qu\u2019ont pu le <a href=\"http:\/\/conjugaison.lemonde.fr\/conjugaison\/premier-groupe\/constater\" target=\"_blank\">constater<\/a> tous ceux qui ont assist\u00e9 \u00e0 son <a href=\"http:\/\/www.lemonde.fr\/proces\/\">proc\u00e8s<\/a>, c\u2019est un esprit m\u00e9thodique, qui sait <a href=\"http:\/\/conjugaison.lemonde.fr\/conjugaison\/deuxieme-groupe\/choisir\" target=\"_blank\">choisir<\/a> ses mots, d\u00e9velopper une pens\u00e9e sans se <a href=\"http:\/\/conjugaison.lemonde.fr\/conjugaison\/premier-groupe\/laisser\" target=\"_blank\">laisser<\/a> <a href=\"http:\/\/conjugaison.lemonde.fr\/conjugaison\/premier-groupe\/dominer\" target=\"_blank\">dominer<\/a> par tel ou tel chantage \u00e9motionnel.<\/p>\n<p>On peut \u00e9piloguer tant qu\u2019on veut sur le caract\u00e8re d\u2019\u00a0\u00bbexception\u00a0\u00bb de la <a href=\"http:\/\/www.lemonde.fr\/justice\/\">justice<\/a> antiterroriste, sur le renversement des principes m\u00eames du droit qu\u2019elle contient ; on n\u2019a rien dit tant que l\u2019on n\u2019a pas \u00e9lucid\u00e9 la nature de sa coh\u00e9rence, qui, tout en s\u2019inscrivant dans le champ du droit, le d\u00e9borde de toutes parts. Cette coh\u00e9rence est celle de l\u2019actuelle gestion socialis\u00e9e des affects.<\/p>\n<p>Le terrorisme est le premier crime d\u00e9fini par la nature affective de ses cons\u00e9quences, le premier crime affectif de l\u2019Histoire. C\u2019est pourquoi on peine tant \u00e0 le d\u00e9finir juridiquement. Le terroriste, l\u2019acte terroriste, le groupe terroriste, se d\u00e9finissent par ceci qu\u2019ils font peur, qu\u2019ils r\u00e9pandent, dit-on, l\u2019affect de terreur. Et la justice antiterroriste est f\u00e9roce, comme l\u2019est la <a href=\"http:\/\/www.lemonde.fr\/police\/\">police<\/a> antiterroriste, parce que la peur rend f\u00e9roce.<\/p>\n<p>Ne soyons pas dupes : rien n\u2019est plus exploitable et mall\u00e9able que le sentiment de peur, et c\u2019est en cela que la Direction centrale du renseignement int\u00e9rieur (DCRI) est une police \u00e9minemment <a href=\"http:\/\/www.lemonde.fr\/politique\/\">politique<\/a>. Le hic, bien \u00e9videmment, c\u2019est que toute la terreur associ\u00e9e \u00e0 tel ou tel fait, qu\u2019il ait eu lieu au caf\u00e9 Terminus ou \u00e0 Toulouse, c\u2019est l\u2019appareil gouvernemental qui la produit en exploitant le fait \u00e0 dessein, et non son auteur. Claude Gu\u00e9ant n\u2019aura pas m\u00e9nag\u00e9 ses efforts et <a href=\"http:\/\/www.lemonde.fr\/nicolas-sarkozy\/\">Nicolas Sarkozy<\/a> ses effets pour r\u00e9pandre, et ce jusque dans les \u00e9coles primaires, l\u2019effroi li\u00e9 aux assassinats de Toulouse. Les histoires de terroristes sont les contes cruels, pleins de barbus, de bombes et de sabres, dont on berce le sommeil agit\u00e9 des solitudes d\u00e9mocratiques. Tout souci de vraisemblance y est superflu. On peut <a href=\"http:\/\/conjugaison.lemonde.fr\/conjugaison\/premier-groupe\/rafler\" target=\"_blank\">rafler<\/a> des musulmans pour le spectacle \u00e0 la veille de l\u2019\u00e9lection pr\u00e9sidentielle ; et le refaire une semaine plus tard, pour les lib\u00e9rer tous.<\/p>\n<p>Dans le cas d\u2019Adl\u00e8ne, on se souviendra du directeur g\u00e9n\u00e9ral de la police nationale, Fr\u00e9d\u00e9ric P\u00e9chenard, se vantant sur <a href=\"http:\/\/www.lemonde.fr\/voyage-france\/\">France<\/a> Info d\u2019<a href=\"http:\/\/conjugaison.lemonde.fr\/conjugaison\/auxiliaire\/avoir\" target=\"_blank\">avoir<\/a> arr\u00eat\u00e9 in extremis <em>\u00ab\u00a0un individu autoradicalis\u00e9 qui s\u2019appr\u00eatait \u00e0 d\u00e9poser une bombe dans un r\u00e9giment de chasseurs alpins\u00a0\u00bb<\/em>. Bizarrement, lors de son proc\u00e8s, les journalistes, les amis et les soutiens d\u2019Adl\u00e8ne purent <a href=\"http:\/\/conjugaison.lemonde.fr\/conjugaison\/premier-groupe\/constater\" target=\"_blank\">constater<\/a> que, comme par magie, cette <em>\u00ab\u00a0bombe-\u00e0-deux-doigts-d\u2019exploser\u00a0\u00bb <\/em>avait disparu des d\u00e9bats. Comme il fallait bien <a href=\"http:\/\/conjugaison.lemonde.fr\/conjugaison\/premier-groupe\/parler\" target=\"_blank\">parler<\/a> de quelque chose, c\u2019est-\u00e0-dire <a href=\"http:\/\/conjugaison.lemonde.fr\/conjugaison\/premier-groupe\/consacrer\" target=\"_blank\">consacrer<\/a> le flair et le s\u00e9rieux sans pareil de la DCRI, on s\u2019acharna \u00e0 d\u00e9montrer que le contenu de quelques mails d\u2019Adl\u00e8ne \u00e9tait si terrifiant que cela m\u00e9ritait bien six ann\u00e9es de prison. Quelle importance, l\u2019image \u00e9tait d\u00e9j\u00e0 dans la bo\u00eete, c\u2019est-\u00e0-dire dans les t\u00eates.<\/p>\n<p>Nous nous trouvons, avec le proc\u00e8s d\u2019Adl\u00e8ne, \u00e0 la crois\u00e9e des chemins. Soit la justice valide la doctrine insens\u00e9e du d\u00e9c\u00e8lement pr\u00e9coce, du \u00ab\u00a0pr\u00e9-terrorisme\u00a0\u00bb, et se lance dans la neutralisation pr\u00e9ventive de tous les <em>\u00ab\u00a0individus autoradicalis\u00e9s\u00a0\u00bb<\/em>, par nature ind\u00e9tectables, qui courent les rues et les forums. Ce qui signifie : <a href=\"http:\/\/conjugaison.lemonde.fr\/conjugaison\/premier-groupe\/basculer\" target=\"_blank\">basculer<\/a> dans la psychose sous l\u2019imp\u00e9ratif inaccessible de pr\u00e9voir l\u2019impr\u00e9visible, <a href=\"http:\/\/conjugaison.lemonde.fr\/conjugaison\/deuxieme-groupe\/affranchir\" target=\"_blank\">affranchir<\/a> la surveillance polici\u00e8re de tout pr\u00e9texte, de toute limite. Soit la justice antiterroriste acquitte Adl\u00e8ne, et renonce donc \u00e0 <a href=\"http:\/\/conjugaison.lemonde.fr\/conjugaison\/premier-groupe\/confisquer\" target=\"_blank\">confisquer<\/a> une nouvelle fois ce qu\u2019elle pr\u00e9tend prot\u00e9ger : la libert\u00e9. A <a href=\"http:\/\/www.lemonde.fr\/vous\/\">vous<\/a> de <a href=\"http:\/\/conjugaison.lemonde.fr\/conjugaison\/premier-groupe\/juger\" target=\"_blank\">juger<\/a>, il n\u2019y va apr\u00e8s tout, dans cette affaire, que de ce simple d\u00e9tail.<\/p>\n<hr \/>\n<p><em><strong><a href=\"http:\/\/www.lemonde.fr\/sujet\/d68b\/jean-pierre-lees.html\" target=\"_blank\">Jean-Pierre Lees<\/a><\/strong>, physicien, directeur de recherche au CNRS<br \/>\n<strong><a href=\"http:\/\/www.lemonde.fr\/sujet\/2845\/mathieu-burnel.html\" target=\"_blank\">Mathieu Burnel<\/a><\/strong>, mis en examen dans l\u2019affaire de Tarnac<br \/>\n<strong><a href=\"http:\/\/www.lemonde.fr\/sujet\/be90\/halim-hicheur.html\" target=\"_blank\">Halim Hicheur<\/a><\/strong>, fr\u00e8re d\u2019Adl\u00e8ne Hicheur<br \/>\n<strong><a href=\"http:\/\/www.lemonde.fr\/sujet\/df2c\/rabah-bouguerrouma.html\" target=\"_blank\">Rabah Bouguerrouma<\/a><\/strong>, porte-parole du Collectif viennois de soutien \u00e0 Adl\u00e8ne Hicheur<\/em><\/p>\n<p>LE MONDE | <time itemprop=\"datePublished\" datetime=\"2012-04-30T14:07:17+02:00\">30.04.2012 \u00e0 14h07<\/time><\/p>\n<\/div>\n<\/div>\n","protected":false},"excerpt":{"rendered":"<p>&nbsp; Par Jean-Pierre Lees, Mathieu Burnel, Halim Hicheur, Rabah Bouguerrouma Si nul ne peut croire s\u00e9rieusement que le 6 mai 2012 puisse alt\u00e9rer quoi que ce soit au cours de nos existences, il n\u2019en va pas de m\u00eame du 4 mai prochain, date du verdict dans le proc\u00e8s d\u2019Adl\u00e8ne Hicheur. Ce jour-l\u00e0, nous saurons enfin &#8230; <a title=\"Non au d\u00e9lit de \u00ab pr\u00e9-terrorisme \u00bb\" class=\"read-more\" href=\"https:\/\/bruxelles-pantheres.be\/?p=1210\" aria-label=\"En savoir plus sur Non au d\u00e9lit de \u00ab pr\u00e9-terrorisme \u00bb\">Lire la suite<\/a><\/p>\n","protected":false},"author":1,"featured_media":174,"comment_status":"open","ping_status":"open","sticky":false,"template":"","format":"standard","meta":{"footnotes":""},"categories":[21,24,36,4,8,28,5],"tags":[31,14,23,38,15,29,49],"class_list":["post-1210","post","type-post","status-publish","format-standard","has-post-thumbnail","hentry","category-anti-imperialisme","category-belgique-maroc","category-europe","category-islamophobie","category-prisons","category-racismes","category-violence-policiere","tag-belgique","tag-bruxelles","tag-discrimination","tag-guerre","tag-resistance","tag-torture","tag-usa"],"_links":{"self":[{"href":"https:\/\/bruxelles-pantheres.be\/index.php?rest_route=\/wp\/v2\/posts\/1210","targetHints":{"allow":["GET"]}}],"collection":[{"href":"https:\/\/bruxelles-pantheres.be\/index.php?rest_route=\/wp\/v2\/posts"}],"about":[{"href":"https:\/\/bruxelles-pantheres.be\/index.php?rest_route=\/wp\/v2\/types\/post"}],"author":[{"embeddable":true,"href":"https:\/\/bruxelles-pantheres.be\/index.php?rest_route=\/wp\/v2\/users\/1"}],"replies":[{"embeddable":true,"href":"https:\/\/bruxelles-pantheres.be\/index.php?rest_route=%2Fwp%2Fv2%2Fcomments&post=1210"}],"version-history":[{"count":1,"href":"https:\/\/bruxelles-pantheres.be\/index.php?rest_route=\/wp\/v2\/posts\/1210\/revisions"}],"predecessor-version":[{"id":1211,"href":"https:\/\/bruxelles-pantheres.be\/index.php?rest_route=\/wp\/v2\/posts\/1210\/revisions\/1211"}],"wp:featuredmedia":[{"embeddable":true,"href":"https:\/\/bruxelles-pantheres.be\/index.php?rest_route=\/wp\/v2\/media\/174"}],"wp:attachment":[{"href":"https:\/\/bruxelles-pantheres.be\/index.php?rest_route=%2Fwp%2Fv2%2Fmedia&parent=1210"}],"wp:term":[{"taxonomy":"category","embeddable":true,"href":"https:\/\/bruxelles-pantheres.be\/index.php?rest_route=%2Fwp%2Fv2%2Fcategories&post=1210"},{"taxonomy":"post_tag","embeddable":true,"href":"https:\/\/bruxelles-pantheres.be\/index.php?rest_route=%2Fwp%2Fv2%2Ftags&post=1210"}],"curies":[{"name":"wp","href":"https:\/\/api.w.org\/{rel}","templated":true}]}}