{"id":1212,"date":"2012-05-02T23:21:29","date_gmt":"2012-05-02T22:21:29","guid":{"rendered":"https:\/\/bruxelles-pantheres.be\/?p=1212"},"modified":"2013-11-15T23:24:40","modified_gmt":"2013-11-15T22:24:40","slug":"un-exemple-pour-nous-tous","status":"publish","type":"post","link":"https:\/\/bruxelles-pantheres.be\/?p=1212","title":{"rendered":"Un exemple pour nous tous !"},"content":{"rendered":"<p>Dans le cadre de la journ\u00e9e international des prisonniers palestiniens du 27 Avril 2012. La militante de 86 \u00e0 l\u2019action pour les prisonniers palestiniens \u00e0 Bruxelles.<\/p>\n<p>Un exemple pour nous tous !<!--more--><iframe src=\"\/\/www.youtube.com\/embed\/39GSRKnqMoU\" height=\"315\" width=\"560\" allowfullscreen=\"\" frameborder=\"0\"><\/iframe><\/p>\n<p><strong>Ce vendredi 4 mai de 17 \u00e0 18h \u00e0 la Bourse<\/strong><\/p>\n<div>\n<div>\n<div>\n<div>\n<p align=\"center\"><strong><span style=\"color: #ff0000;\">Rassemblement sp\u00e9cial en soutien aux prisonniers<\/span> <\/strong><\/p>\n<p align=\"center\"><strong><span style=\"color: #008000;\">palestiniens dans les prisons isra\u00e9liennes<\/span><\/strong><\/p>\n<\/div>\n<div>\n<div>\n<p>2000 prisonniers politiques palestiniens dans les prisons isra\u00e9liennes m\u00e8nent une gr\u00e8ve de la faim jusqu\u2019au finish.\u00a0\u00a0Plusieursgr\u00e9vistes ont d\u00e9j\u00e0 d\u00e9pass\u00e9 les 60 jours!<\/p>\n<\/div>\n<div>\n<p>Les prisonniers politiques palestiniens exigent la fin de la d\u00e9tention administrative, la politique de l\u2019arbitraire, de l\u2019isolement, le droit de recevoir des visites, un traitement digne.<\/p>\n<\/div>\n<div>\n<p>Les autorit\u00e9s isra\u00e9liennes r\u00e9agissent par la terreur: d\u00e9placement et s\u00e9paration des gr\u00e9vistes, fin des visites, confiscation des effets personnels, traitements humiliants, etc.<\/p>\n<\/div>\n<div>\n<p><strong>Nous exigeons\u00a0:<\/strong><\/p>\n<ul>\n<li>\u00a0&#8211; \u00a0<strong>Le respect des <\/strong><strong>conventions internationales dans les prisons!<\/strong><\/li>\n<\/ul>\n<ul>\n<li>\u00a0&#8211; <strong>La lib\u00e9ration de tous les les d\u00e9tenus emprisonn\u00e9s sans jugement!<\/strong><\/li>\n<\/ul>\n<ul>\n<li>\u00a0&#8211; \u00a0<strong>La lib\u00e9ration de tous les enfants d\u00e9tenus !<\/strong><\/li>\n<\/ul>\n<ul>\n<li>\u00a0&#8211; \u00a0<strong>U<\/strong><strong>ne commission d\u2019observation internationale des droits humains<\/strong><\/li>\n<\/ul>\n<ul>\n<li>\u00a0&#8211;\u00a0<strong>Une protestation de l\u2019Etat Belge aupr\u00e8s des autorit\u00e9s isra\u00e9liennes et les instances internationales.<\/strong><\/li>\n<\/ul>\n<\/div>\n<\/div>\n<div>\n<div>\n<ul>\n<li>\u00a0&#8211; <strong>Une politique de boycott, de d\u00e9sinvestissement et de sanction\u00a0pour le non respect des conventions internationales.<\/strong><\/li>\n<\/ul>\n<\/div>\n<\/div>\n<\/div>\n<\/div>\n<\/div>\n<div>\n<p>Appel lanc\u00e9 par: COCAB, PTB\u00a0&#8211; PVDA\u00a0,\u00a0 Intal, Mouvement Citoyen Palestine , Egalit\u00e9,\u00a0\u00a0Association Belgo-Palestinienne, Communaut\u00e9 Palestinienne en Belgique et au Luxembourg,\u2026<\/p>\n<\/div>\n<p>&nbsp;<\/p>\n<div dir=\"ltr\" style=\"text-align: center;\" align=\"left\"><span style=\"color: #008000;\"><strong>Nu vrijdag 4 mei van 17 tot 18u aan de Beurs<\/strong><\/span><\/div>\n<h4 dir=\"ltr\" style=\"text-align: center;\" align=\"center\"><span style=\"color: #ff0000;\"><strong>Speciale samenkomst ter steun aan de Palestijnse<\/strong><\/span><\/h4>\n<h4 dir=\"ltr\" style=\"text-align: center;\" align=\"center\"><span style=\"color: #000000;\"><strong> gevangenen in de Isra\u00eblische gevangenissen<\/strong><\/span><\/h4>\n<p>2000 Palestijnse politieke gevangenen voeren een hongerstaking tot de finish. Meerdere\u00a0hongerstakers al meer dan 60 dagen !<\/p>\n<p>De Palestijnse politieke gevangenen eisen de stopzetting van de administratieve detentie,\u00a0en van de politiek van willekeur en isolement, het recht op bezoek, een waardige behandeling.<\/p>\n<p>De Isra\u00eblische autoriteiten reageren met terreur: verplaatsing en scheiding van de stakers, in beslagname van hun persoonlijke bezittingen, vernederende behandeling, enz.<\/p>\n<p><strong>Wij eisen\u00a0:<\/strong><\/p>\n<p><strong>&#8211;\u00a0\u00a0Het respect van de internationale overeenkomsten in de gevangenissen!\u00a0\u00a0\u00a0<\/strong><\/p>\n<div>\n<p><strong>&#8211;\u00a0\u00a0De vrijlating van de gevangenen zonder veroordeling!\u00a0\u00a0<\/strong><\/p>\n<\/div>\n<div>\n<p><strong>&#8211;\u00a0\u00a0De vrijlating van alle kinderen!\u00a0\u00a0<\/strong><\/p>\n<p><strong>&#8211;\u00a0\u00a0Een internationale onderzoekscommissie van de mensenrechten\u00a0\u00a0<\/strong><\/p>\n<p><strong>&#8211;\u00a0\u00a0Een protest van de Belgische staat bij de Isra\u00eblische autoriteiten en de internationale instanties\u00a0<\/strong><\/p>\n<p><strong>&#8211;\u00a0 Een politiek van boycott, desinvestering en sanctie wegens niet respecteren van de internationale overeenkomsten\u00a0\u00a0<\/strong><\/p>\n<div>\n<p>Oproep van: COCAB, PTB\u00a0&#8211; PVDA\u00a0,\u00a0 Intal, Mouvement Citoyen Palestine , Egalit\u00e9,\u00a0\u00a0Association Belgo-Palestinienne, Communaut\u00e9 Palestinienne en Belgique et au Luxembourg,\u2026<\/p>\n<h2><a title=\"\" href=\"http:\/\/mcpalestine.canalblog.com\/archives\/2012\/02\/17\/23509459.html\" rel=\"bookmark\">\u00ab\u00a0Libres dans la prison de Gaza\u00a0\u00bb (DVD)<\/a><\/h2>\n<hr \/>\n<div align=\"justify\">\n<p><strong>Le reportage de Chris Den Hond et Mireille Court sur les prisonniers palestiniens de Gaza r\u00e9cemment lib\u00e9r\u00e9s est d\u00e9sormais disponible en DVD\u00a0!<\/strong><\/p>\n<p><strong>Belgique\u00a0: <\/strong><cite><a href=\"http:\/\/www.mcpalestine.canalblog.com\/\" target=\"_blank\" rel=\"nofollow\">www.<\/a><\/cite><cite><a href=\"http:\/\/www.mcpalestine.canalblog.com\/\" target=\"_blank\" rel=\"nofollow\">mcpalestine.canalblog.com<\/a><\/cite><\/p>\n<\/div>\n<p>D\u2019une dur\u00e9e de 25 minutes, ce film impressionnant est <strong>en vente au prix de 6 euros au local d\u2019EGALITE<\/strong><\/p>\n<table width=\"17\" border=\"0\" cellpadding=\"0\">\n<tbody>\n<tr>\n<td><\/td>\n<td><\/td>\n<\/tr>\n<\/tbody>\n<\/table>\n<p><strong>Info\u00a0: 0476\/84.19.69 et\/ou\u00a0<\/strong><a href=\"mailto:info.egalite@gmail.com\" target=\"_blank\"><strong>info.egalite@gmail.com<\/strong><\/a><iframe src=\"\/\/www.youtube.com\/embed\/D2YXkDfNUBM\" height=\"315\" width=\"560\" allowfullscreen=\"\" frameborder=\"0\"><\/iframe><\/p>\n<p><em>\u00ab\u00a0Fin 2011, 1028 prisonniers palestiniens ont \u00e9t\u00e9 rel\u00e2ch\u00e9s en \u00e9change du soldat isra\u00e9lien Gilad Shalit. Nous avons voulu donner un visage \u00e0 ces r\u00e9sistants, inconnus dans le monde. Pour les rencontrer, nous avons d\u00fb passer par un des tunnels \u00e0 Rafah. Les ex-prisonniers nous ont racont\u00e9 leur vie en prison\u00a0: l\u2019interrogatoire, l\u2019isolement, la brutalit\u00e9 des ge\u00f4liers, l\u2019interdiction de visites familiales, les gr\u00e8ves de la faim et aussi la joie de la lib\u00e9ration.\u00a0\u00bb<\/em><\/p>\n<p>Pour plus de renseignements (organiser une projection par exemple), contactez\u00a0: cdenhond@yahoo.fr ou mireille_court@yahoo.fr<\/p>\n<\/div>\n<\/div>\n","protected":false},"excerpt":{"rendered":"<p>Dans le cadre de la journ\u00e9e international des prisonniers palestiniens du 27 Avril 2012. La militante de 86 \u00e0 l\u2019action pour les prisonniers palestiniens \u00e0 Bruxelles. Un exemple pour nous tous !<\/p>\n","protected":false},"author":1,"featured_media":1129,"comment_status":"open","ping_status":"open","sticky":false,"template":"","format":"standard","meta":{"footnotes":""},"categories":[21,4,6,8,18,28,17],"tags":[12,15,29],"class_list":["post-1212","post","type-post","status-publish","format-standard","has-post-thumbnail","hentry","category-anti-imperialisme","category-islamophobie","category-palestine-moyen-orient","category-prisons","category-resistance-bruxelles","category-racismes","category-video","tag-gaza","tag-resistance","tag-torture"],"_links":{"self":[{"href":"https:\/\/bruxelles-pantheres.be\/index.php?rest_route=\/wp\/v2\/posts\/1212","targetHints":{"allow":["GET"]}}],"collection":[{"href":"https:\/\/bruxelles-pantheres.be\/index.php?rest_route=\/wp\/v2\/posts"}],"about":[{"href":"https:\/\/bruxelles-pantheres.be\/index.php?rest_route=\/wp\/v2\/types\/post"}],"author":[{"embeddable":true,"href":"https:\/\/bruxelles-pantheres.be\/index.php?rest_route=\/wp\/v2\/users\/1"}],"replies":[{"embeddable":true,"href":"https:\/\/bruxelles-pantheres.be\/index.php?rest_route=%2Fwp%2Fv2%2Fcomments&post=1212"}],"version-history":[{"count":1,"href":"https:\/\/bruxelles-pantheres.be\/index.php?rest_route=\/wp\/v2\/posts\/1212\/revisions"}],"predecessor-version":[{"id":1213,"href":"https:\/\/bruxelles-pantheres.be\/index.php?rest_route=\/wp\/v2\/posts\/1212\/revisions\/1213"}],"wp:featuredmedia":[{"embeddable":true,"href":"https:\/\/bruxelles-pantheres.be\/index.php?rest_route=\/wp\/v2\/media\/1129"}],"wp:attachment":[{"href":"https:\/\/bruxelles-pantheres.be\/index.php?rest_route=%2Fwp%2Fv2%2Fmedia&parent=1212"}],"wp:term":[{"taxonomy":"category","embeddable":true,"href":"https:\/\/bruxelles-pantheres.be\/index.php?rest_route=%2Fwp%2Fv2%2Fcategories&post=1212"},{"taxonomy":"post_tag","embeddable":true,"href":"https:\/\/bruxelles-pantheres.be\/index.php?rest_route=%2Fwp%2Fv2%2Ftags&post=1212"}],"curies":[{"name":"wp","href":"https:\/\/api.w.org\/{rel}","templated":true}]}}