{"id":1219,"date":"2012-04-29T23:39:32","date_gmt":"2012-04-29T22:39:32","guid":{"rendered":"https:\/\/bruxelles-pantheres.be\/?p=1219"},"modified":"2013-11-15T23:41:20","modified_gmt":"2013-11-15T22:41:20","slug":"actie-minderhedenforum-vraagt-respect-voor-diversiteit-op-de-werkvloer","status":"publish","type":"post","link":"https:\/\/bruxelles-pantheres.be\/?p=1219","title":{"rendered":"Actie Minderhedenforum vraagt respect voor diversiteit op de werkvloer"},"content":{"rendered":"<div class=\"entry-content\">\n<div>Bewerkt door: Luc Beernaert \u2212 28\/04\/12, 20u01 \u00a0\u2212\u00a0Bron: belga.be<\/div>\n<div><img decoding=\"async\" id=\"topImg\" alt=\"\" src=\"http:\/\/static1.demorgen.be\/static\/photo\/2012\/8\/4\/9\/20120428193515\/media_xl_4792644.jpg\" width=\"468\" \/><\/div>\n<div>\u00a9 belga.<\/div>\n<p><strong>Op de Wapper in Antwerpen heeft een 150-tal mensen deelgenomen aan een actie van het Minderhedenforum rond het dragen van religieuze symbolen op de werkvloer. De organisatie wil naar eigen zeggen \u00ab\u00a0een stem geven aan de werkgevers die eerst naar beroepskennis kijken en niet naar uiterlijke symbolen\u00a0\u00bb.<!--more--><\/strong><\/p>\n<p>Shoppers kregen flyers toegestopt en mochten zich laten fotograferen met ballonnen die boodschappen als \u2018Ik ben er klaar voor\u2019 droegen. De actie, onder het motto \u2018Hoofddoek, kruisje, keppeltje, Belgi\u00eb is er klaar voor!\u2019, kreeg de steun van andere middenveldorganisaties als Amnesty International, ACV en de Vlaamse Jeugdraad.<\/p>\n<p><strong>Unizo geprikkeld<\/strong><br \/>\nOndernemersorganisatie Unizo reageerde al enigszins geprikkeld. \u00ab\u00a0De actie mikt ten onrechte en te eenzijdig op de werkgevers voor het oplossen van een veel bredere maatschappelijke aangelegenheid\u00a0\u00bb, vindt Unizo-topman Karl Van Eetvelt. \u00ab\u00a0Wij staan open voor elk maatschappelijk overleg en wijzen elke vorm van manifeste en overigens terecht wettelijk verboden discriminatie af.\u00a0\u00bb<\/p>\n<p><strong>Richtlijnen voor werkgevers<\/strong><br \/>\nVan Eetvelt wijst er voorts op dat Unizo nu al richtlijnen aanbiedt voor werkgevers in verband met het aanwerven van mensen met een allochtone achtergrond en het omgaan met discriminerende klanten.<\/p>\n<p><strong>Positief signaal<\/strong><br \/>\nNaima Charkaoui, co\u00f6rdinator van het Minderhedenforum, benadrukte dan weer dat de actie vooral bedoeld was als positief signaal. \u00ab\u00a0We willen gewoon laten zien dat heel wat winkeliers en andere werkgevers geen probleem meer hebben met religieuze diversiteit op de werkvloer\u00a0\u00bb, zegt Charkaoui. \u00ab\u00a0We vinden het tijd dat hun stilte wordt doorbroken.\u00a0\u00bb<\/p>\n<ul>\n<li><img decoding=\"async\" alt=\"\" src=\"http:\/\/static1.demorgen.be\/static\/photo\/2012\/13\/11\/3\/20120428193612\/media_xl_4792668.jpg\" width=\"468\" \/><\/li>\n<li><img decoding=\"async\" alt=\"\" src=\"http:\/\/static0.demorgen.be\/static\/photo\/2012\/14\/12\/4\/20120428193624\/media_xl_4792669.jpg\" width=\"468\" \/><\/li>\n<li><img decoding=\"async\" alt=\"\" src=\"http:\/\/static3.demorgen.be\/static\/photo\/2012\/9\/5\/10\/20120428193650\/media_xl_4792645.jpg\" width=\"468\" \/><\/li>\n<li><img decoding=\"async\" alt=\"\" src=\"http:\/\/static3.demorgen.be\/static\/photo\/2012\/11\/7\/12\/20120428193705\/media_xl_4792647.jpg\" width=\"468\" \/><\/li>\n<li><a href=\"http:\/\/www.demorgen.be\/dm\/nl\/989\/Binnenland\/article\/detail\/1430849\/2012\/04\/28\/Actie-Minderhedenforum-vraagt-respect-voor-diversiteit-op-de-werkvloer.dhtml\">Source<\/a><\/li>\n<\/ul>\n<p>Parce que des dizaines de milliers de femmes, jeunes et moins jeunes, se retrouvent sans emploi. Parce que le taux de ch\u00f4mage \u00e0 Bruxelles est plus qu\u2019inqui\u00e9tant et que la majorit\u00e9 d\u2019entre les ch\u00f4meurs sont des femmes. Parce que trouver un emploi au sein d\u2019une entreprise en ces temps de crise n\u2019est d\u00e9j\u00e0 pas chose ais\u00e9e et qu\u2019il rel\u00e8ve aujourd\u2019hui de la mission impossible pour une femme portant le foulard de trouver un emploi. Parce que cela dure maintenant depuis trop longtemps et parce que des femmes Belges sont r\u00e9volt\u00e9es d\u2019\u00eatre consid\u00e9r\u00e9es comme des citoyennes de seconde zone ! Pour toutes ces raisons, nous disons STOP !<\/p>\n<p style=\"text-align: center;\"><a href=\"http:\/\/www.egalite.be\/wp-content\/uploads\/2012\/04\/KIF_0020.jpg\"><img decoding=\"async\" class=\"aligncenter  wp-image-2471\" title=\"KIF_0020\" alt=\"\" src=\"http:\/\/www.egalite.be\/wp-content\/uploads\/2012\/04\/KIF_0020.jpg\" width=\"818\" height=\"613\" \/><\/a><\/p>\n<\/div>\n","protected":false},"excerpt":{"rendered":"<p>Bewerkt door: Luc Beernaert \u2212 28\/04\/12, 20u01 \u00a0\u2212\u00a0Bron: belga.be \u00a9 belga. Op de Wapper in Antwerpen heeft een 150-tal mensen deelgenomen aan een actie van het Minderhedenforum rond het dragen van religieuze symbolen op de werkvloer. De organisatie wil naar eigen zeggen \u00ab\u00a0een stem geven aan de werkgevers die eerst naar beroepskennis kijken en niet &#8230; <a title=\"Actie Minderhedenforum vraagt respect voor diversiteit op de werkvloer\" class=\"read-more\" href=\"https:\/\/bruxelles-pantheres.be\/?p=1219\" aria-label=\"En savoir plus sur Actie Minderhedenforum vraagt respect voor diversiteit op de werkvloer\">Lire la suite<\/a><\/p>\n","protected":false},"author":1,"featured_media":19,"comment_status":"open","ping_status":"open","sticky":false,"template":"","format":"standard","meta":{"footnotes":""},"categories":[36,4,28],"tags":[10,31,23,15,9],"class_list":["post-1219","post","type-post","status-publish","format-standard","has-post-thumbnail","hentry","category-europe","category-islamophobie","category-racismes","tag-ecole","tag-belgique","tag-discrimination","tag-resistance","tag-voile"],"_links":{"self":[{"href":"https:\/\/bruxelles-pantheres.be\/index.php?rest_route=\/wp\/v2\/posts\/1219","targetHints":{"allow":["GET"]}}],"collection":[{"href":"https:\/\/bruxelles-pantheres.be\/index.php?rest_route=\/wp\/v2\/posts"}],"about":[{"href":"https:\/\/bruxelles-pantheres.be\/index.php?rest_route=\/wp\/v2\/types\/post"}],"author":[{"embeddable":true,"href":"https:\/\/bruxelles-pantheres.be\/index.php?rest_route=\/wp\/v2\/users\/1"}],"replies":[{"embeddable":true,"href":"https:\/\/bruxelles-pantheres.be\/index.php?rest_route=%2Fwp%2Fv2%2Fcomments&post=1219"}],"version-history":[{"count":1,"href":"https:\/\/bruxelles-pantheres.be\/index.php?rest_route=\/wp\/v2\/posts\/1219\/revisions"}],"predecessor-version":[{"id":1220,"href":"https:\/\/bruxelles-pantheres.be\/index.php?rest_route=\/wp\/v2\/posts\/1219\/revisions\/1220"}],"wp:featuredmedia":[{"embeddable":true,"href":"https:\/\/bruxelles-pantheres.be\/index.php?rest_route=\/wp\/v2\/media\/19"}],"wp:attachment":[{"href":"https:\/\/bruxelles-pantheres.be\/index.php?rest_route=%2Fwp%2Fv2%2Fmedia&parent=1219"}],"wp:term":[{"taxonomy":"category","embeddable":true,"href":"https:\/\/bruxelles-pantheres.be\/index.php?rest_route=%2Fwp%2Fv2%2Fcategories&post=1219"},{"taxonomy":"post_tag","embeddable":true,"href":"https:\/\/bruxelles-pantheres.be\/index.php?rest_route=%2Fwp%2Fv2%2Ftags&post=1219"}],"curies":[{"name":"wp","href":"https:\/\/api.w.org\/{rel}","templated":true}]}}