{"id":1223,"date":"2012-04-27T23:43:39","date_gmt":"2012-04-27T22:43:39","guid":{"rendered":"https:\/\/bruxelles-pantheres.be\/?p=1223"},"modified":"2013-11-15T23:45:03","modified_gmt":"2013-11-15T22:45:03","slug":"rapport-sur-lislamophobie-le-racisme-anti-musulman-a-explose","status":"publish","type":"post","link":"https:\/\/bruxelles-pantheres.be\/?p=1223","title":{"rendered":"Rapport sur l\u2019islamophobie : le racisme anti-musulman a explos\u00e9"},"content":{"rendered":"<p>&nbsp;<\/p>\n<div><\/div>\n<p>&nbsp;<\/p>\n<p style=\"text-align: justify;\"><img decoding=\"async\" alt=\"Rapport sur l'islamophobie en France : le racisme anti-musulman a explos\u00e9\" src=\"http:\/\/www.mooslym.com\/images\/islamophobie_rapport_ccif.jpg\" width=\"580\" height=\"300\" \/><\/p>\n<p>&nbsp;<\/p>\n<p style=\"text-align: left;\"><strong>Image :<\/strong> Un rapport du CCIF montre la net augmentation des actes anti-musulmans en France.<\/p>\n<p>&nbsp;<\/p>\n<p style=\"text-align: justify;\">Islamophobie. Les actes et menaces racistes ont recul\u00e9 en France l\u2019an dernier (-7% par rapport \u00e0 2010), mais le racisme anti-musulman lui a explos\u00e9 de plus de 58% selon le rapport annuel du Collectif contre l\u2019Islamophobie en France (CCIF). On remarque que 84,73% des victimes sont des femmes.<\/p>\n<p>&nbsp;<\/p>\n<p style=\"text-align: justify;\">Communiqu\u00e9 du <a href=\"http:\/\/www.islamophobie.net\/rapport-annuel\">CCIF<\/a> :<!--more--><\/p>\n<p>&nbsp;<\/p>\n<p style=\"text-align: justify;\">Sans grande surprise ni action concr\u00e8te de l\u2019Etat, l\u2019islamophobie a explos\u00e9 en 2011: plus de 58% d\u2019augmentation sur toute l\u2019ann\u00e9e, des chiffres bien loin de ceux annonc\u00e9s par le minist\u00e8re de l\u2019Interieur. Premi\u00e8res victimes, les femmes, touch\u00e9es dans 84,73% des cas visant les individus, soit 10% de plus qu\u2019en 2010. Plus fort encore, lors des agressions verbales ou physiques, elles consitutent 94% des victimes !<\/p>\n<p>&nbsp;<\/p>\n<p style=\"text-align: justify;\">On pu \u00e9galement remarquer que le fl\u00e9au de l\u2019islamophobie s\u2019est g\u00e9n\u00e9ralis\u00e9 \u00e0 toutes les sph\u00e8res de la soci\u00e9t\u00e9, n\u2019\u00e9pargnant aucun bord politique, faisant des agents de l\u2019Etat les premiers coupables.<\/p>\n<p>&nbsp;<\/p>\n<p style=\"text-align: justify;\">Depuis plusieurs ann\u00e9es, une succession de \u00ab d\u00e9bats \u00bb sur la la\u00efcit\u00e9, l\u2019identit\u00e9 nationale, l\u2019int\u00e9grisme religieux, le multiculturalisme ont nourri des oppositions politiques et id\u00e9ologiques tr\u00e8s fortes. Mais ces clivages n\u2019ont pas occult\u00e9 le principal : la convergence autour du rejet de l\u2019Islam pratiqu\u00e9 et des musulmans. L\u2019Islam ainsi r\u00e9ifi\u00e9 est pr\u00e9sent\u00e9 comme un corps \u00e9tranger et hostile \u00e0 la nation. En cette p\u00e9riode \u00e9lectorale, alors que tout le monde reconna\u00eet l\u2019\u00e9chec du d\u00e9bat sur l\u2019identit\u00e9 nationale, les politiques se sont \u00e0 nouveau empar\u00e9 de l\u2019Islam comme arme de campagne, comme un \u00e9pouvantail masquant les vrais probl\u00e8mes de la France: disparu le ch\u00f4mage ou la crise du logement, remplac\u00e9s \u00e0 toute vitesse par des pol\u00e9miques st\u00e9riles sur le halal. Envol\u00e9e la pauvret\u00e9, masqu\u00e9e par des arrestations clownesques d\u2019islamistes \u00ab\u00a0radicaux\u00a0\u00bb finalement relach\u00e9s.<\/p>\n<p>&nbsp;<\/p>\n<p style=\"text-align: justify;\">Ce durcissement des \u00e9lites fran\u00e7aises n\u2019est pas isol\u00e9 en Europe, dans laquelle le rejet de l\u2019Islam se banalise sous couvert de th\u00e9matiques nationales. Apr\u00e8s deux d\u00e9cennies de propagande, les dogmes islamophobes se sont solidement enracin\u00e9s dans les opinions publiques. Inversement, les actes islamophobes n\u2019ont gu\u00e8re plus de place parmi les priorit\u00e9s publiques alors que le CCIF constate avec inqui\u00e9tude leur croissance continue.<\/p>\n<p>&nbsp;<\/p>\n<p style=\"text-align: justify;\"><a title=\"rapport annuel du CCIF 2012\" href=\"http:\/\/www.islamophobie.net\/sites\/default\/files\/file_attach\/rapport_2012_CCIF.pdf\">Lire le rapport d\u2019activit\u00e9 annuel<\/a> (ann\u00e9e 2011)<\/p>\n<p>&nbsp;<\/p>\n<h2 style=\"text-align: justify;\">Rapport annuel<\/h2>\n<p>&nbsp;<\/p>\n<div id=\"node-228\">\n<div>\n<p style=\"text-align: justify;\">Sans grande surprise ni action concr\u00e8te de l\u2019Etat, l\u2019islamophobie a explos\u00e9 en 2011: plus de 58% d\u2019augmentation sur toute l\u2019ann\u00e9e, des chiffres bien loin de ceux annonc\u00e9s par le minist\u00e8re de l\u2019Interieur. Premi\u00e8res victimes, les femmes, touch\u00e9es dans 84,73% des cas visant les individus, soit 10% de plus qu\u2019en 2010. Plus fort encore, lors des agressions verbales ou physiques, elles consitutent 94% des victimes !<\/p>\n<p style=\"text-align: justify;\">On pu \u00e9galement remarquer que le fl\u00e9au de l\u2019islamophobie s\u2019est g\u00e9n\u00e9ralis\u00e9 \u00e0 toutes les sph\u00e8res de la soci\u00e9t\u00e9, n\u2019\u00e9pargnant aucun bord politique, faisant des agents de l\u2019Etat les premiers coupables.<\/p>\n<p>Depuis plusieurs ann\u00e9es, une succession de \u00ab d\u00e9bats \u00bb sur la la\u00efcit\u00e9, l\u2019identit\u00e9 nationale, l\u2019int\u00e9grisme religieux, le multiculturalisme ont nourri des oppositions politiques et id\u00e9ologiques tr\u00e8s fortes. Mais ces clivages n\u2019ont pas occult\u00e9 le principal : la convergence autour du rejet de l\u2019Islam pratiqu\u00e9 et des musulmans. L\u2019Islam ainsi r\u00e9ifi\u00e9 est pr\u00e9sent\u00e9 comme un corps \u00e9tranger et hostile \u00e0 la nation. En cette p\u00e9riode \u00e9lectorale, alors que tout le monde reconna\u00eet l\u2019\u00e9chec du d\u00e9bat sur l\u2019identit\u00e9 nationale, les politiques se sont \u00e0 nouveau empar\u00e9 de l\u2019Islam comme arme de campagne, comme un \u00e9pouvantail masquant les vrais probl\u00e8mes de la France: disparu le ch\u00f4mage ou la crise du logement, remplac\u00e9s \u00e0 toute vitesse par des pol\u00e9miques st\u00e9riles sur le halal. Envol\u00e9e la pauvret\u00e9, masqu\u00e9e par des arrestations clownesques d\u2019islamistes \u00ab\u00a0radicaux\u00a0\u00bb finalement relach\u00e9s.<\/p>\n<p style=\"text-align: justify;\">Ce durcissement des \u00e9lites fran\u00e7aises n\u2019est pas isol\u00e9 en Europe, dans laquelle le rejet de l\u2019Islam se banalise sous couvert de th\u00e9matiques nationales. Apr\u00e8s deux d\u00e9cennies de propagande, les dogmes islamophobes se sont solidement enracin\u00e9s dans les opinions publiques. Inversement, les actes islamophobes n\u2019ont gu\u00e8re plus de place parmi les priorit\u00e9s publiques alors que le CCIF constate avec inqui\u00e9tude leur croissance continue.<\/p>\n<p><a title=\"rapport annuel du CCIF 2012\" href=\"http:\/\/www.islamophobie.net\/sites\/default\/files\/file_attach\/rapport_2012_CCIF.pdf\">Lire notre dernier rapport d\u2019activit\u00e9 annuel <\/a>(ann\u00e9e 2011)<\/p>\n<p style=\"text-align: justify;\">Lire nos pr\u00e9c\u00e9dentes publications dans <a title=\"espace presse\" href=\"http:\/\/www.islamophobie.net\/espace-presse\">l\u2019espace presse <\/a><\/p>\n<div>\n<div style=\"text-align: justify;\">Documents:<\/div>\n<div>\n<div>\n<div style=\"text-align: justify;\"><a title=\"rapport_2012_CCIF.pdf\" href=\"http:\/\/www.islamophobie.net\/sites\/default\/files\/rapport_2012_CCIF.pdf\" type=\"application\/pdf; length=4572606\">Rapport 2012<\/a><\/div>\n<\/div>\n<\/div>\n<\/div>\n<\/div>\n<\/div>\n","protected":false},"excerpt":{"rendered":"<p>&nbsp; &nbsp; &nbsp; Image : Un rapport du CCIF montre la net augmentation des actes anti-musulmans en France. &nbsp; Islamophobie. Les actes et menaces racistes ont recul\u00e9 en France l\u2019an dernier (-7% par rapport \u00e0 2010), mais le racisme anti-musulman lui a explos\u00e9 de plus de 58% selon le rapport annuel du Collectif contre l\u2019Islamophobie &#8230; <a title=\"Rapport sur l\u2019islamophobie : le racisme anti-musulman a explos\u00e9\" class=\"read-more\" href=\"https:\/\/bruxelles-pantheres.be\/?p=1223\" aria-label=\"En savoir plus sur Rapport sur l\u2019islamophobie : le racisme anti-musulman a explos\u00e9\">Lire la suite<\/a><\/p>\n","protected":false},"author":1,"featured_media":222,"comment_status":"open","ping_status":"open","sticky":false,"template":"","format":"standard","meta":{"footnotes":""},"categories":[22,25,36,4,20,28],"tags":[31,23],"class_list":["post-1223","post","type-post","status-publish","format-standard","has-post-thumbnail","hentry","category-emploi","category-enseignement","category-europe","category-islamophobie","category-logement","category-racismes","tag-belgique","tag-discrimination"],"_links":{"self":[{"href":"https:\/\/bruxelles-pantheres.be\/index.php?rest_route=\/wp\/v2\/posts\/1223","targetHints":{"allow":["GET"]}}],"collection":[{"href":"https:\/\/bruxelles-pantheres.be\/index.php?rest_route=\/wp\/v2\/posts"}],"about":[{"href":"https:\/\/bruxelles-pantheres.be\/index.php?rest_route=\/wp\/v2\/types\/post"}],"author":[{"embeddable":true,"href":"https:\/\/bruxelles-pantheres.be\/index.php?rest_route=\/wp\/v2\/users\/1"}],"replies":[{"embeddable":true,"href":"https:\/\/bruxelles-pantheres.be\/index.php?rest_route=%2Fwp%2Fv2%2Fcomments&post=1223"}],"version-history":[{"count":1,"href":"https:\/\/bruxelles-pantheres.be\/index.php?rest_route=\/wp\/v2\/posts\/1223\/revisions"}],"predecessor-version":[{"id":1224,"href":"https:\/\/bruxelles-pantheres.be\/index.php?rest_route=\/wp\/v2\/posts\/1223\/revisions\/1224"}],"wp:featuredmedia":[{"embeddable":true,"href":"https:\/\/bruxelles-pantheres.be\/index.php?rest_route=\/wp\/v2\/media\/222"}],"wp:attachment":[{"href":"https:\/\/bruxelles-pantheres.be\/index.php?rest_route=%2Fwp%2Fv2%2Fmedia&parent=1223"}],"wp:term":[{"taxonomy":"category","embeddable":true,"href":"https:\/\/bruxelles-pantheres.be\/index.php?rest_route=%2Fwp%2Fv2%2Fcategories&post=1223"},{"taxonomy":"post_tag","embeddable":true,"href":"https:\/\/bruxelles-pantheres.be\/index.php?rest_route=%2Fwp%2Fv2%2Ftags&post=1223"}],"curies":[{"name":"wp","href":"https:\/\/api.w.org\/{rel}","templated":true}]}}