{"id":1236,"date":"2012-04-24T23:58:31","date_gmt":"2012-04-24T22:58:31","guid":{"rendered":"https:\/\/bruxelles-pantheres.be\/?p=1236"},"modified":"2013-11-16T00:01:07","modified_gmt":"2013-11-15T23:01:07","slug":"sur-les-femmes-voilees","status":"publish","type":"post","link":"https:\/\/bruxelles-pantheres.be\/?p=1236","title":{"rendered":"Sur les femmes voil\u00e9es"},"content":{"rendered":"<div class=\"entry-content\">\n<article>Port du voile\u00a0: \u00ab\u00a0Un patron a-t-il le droit de faire tous les choix\u00a0?\u00a0\u00bb chat <time>mercredi 25 avril 2012, 16:10<\/time><\/article>\n<div>\n<p>La Belgique a \u00e9t\u00e9 point\u00e9e du doigt pour discrimination des personnes voil\u00e9es. Hajare Boujtat, cit\u00e9e par Amnesty, t\u00e9moigne de son exp\u00e9rience\u00a0: \u00ab\u00a0L\u2019employeur a encore le droit de faire un choix, je peux le concevoir. Mais peut-il faire tous les choix, au risque de faire preuve de discrimination\u00a0?\u00a0\u00bb Elle a r\u00e9pondu \u00e0 vos questions lors du chat de midi<!--more--><\/p>\n<p><strong>Sur son histoire<\/strong><\/p>\n<p><em>\u00ab Je suis assistante sociale de formation et travaille dans l\u2019insertion socioprofessionnelle. Je suis une femme engag\u00e9e et citoyenne, et particuli\u00e8rement investie sur les questions de discriminations faites aux femmes en g\u00e9n\u00e9ral. Toutes les discriminations m\u2019interpellent et si je t\u00e9moigne aujourd\u2019hui, c\u2019est pour participer \u00e0 ce processus de lutte contre les discriminations. \u00bb<\/em><\/p>\n<p><strong>Sur l\u2019Islam \u00e0 l\u2019\u00e9tranger et en Belgique<\/strong><\/p>\n<p><em>\u00ab Tout d\u2019abord, je tiens \u00e0 pr\u00e9ciser qu\u2019une musulmane se rendant dans un pays islamique n\u2019est syst\u00e9matiquement oblig\u00e9e de porter le foulard, c\u2019est l\u00e0 une id\u00e9e re\u00e7ue. D\u2019autre part, nous vivons ici en Europe, en Belgique, et par cons\u00e9quent les \u00ab r\u00e9glementations \u00bb ou \u00ab m\u0153urs \u00bb des autres pays ne nous concernent en rien. Personnellement, je vis et je suis n\u00e9e ici et mon Islam est un Islam de Belgique qui n\u2019impose rien \u00e0 celles et ceux qui vivent leur spiritualit\u00e9 autrement. J\u2019aimerais que l\u2019on cesse de nous renvoyer \u00e0 des pays que nous ne connaissons pas, et dans lesquelles nous n\u2019avons jamais \u00e9t\u00e9. \u00bb<\/em><\/p>\n<p><em> \u00ab Voyez au Maroc par exemple, nombre de femmes ne sont pas voil\u00e9es et cela ne pose absolument aucun probl\u00e8me. Certaines femmes sont m\u00eame plus lib\u00e9r\u00e9es que les femmes occidentales. Voyez simplement mon foulard comme une libert\u00e9 d\u2019expression, il n\u2019est ni pros\u00e9lyte, ni imposable \u00e0 qui que ce soit. La libert\u00e9 c\u2019est cela aussi, permettre \u00e0 chacun de se v\u00eatir comme bon lui semble. \u00bb<\/em><\/p>\n<p><em> \u00ab Par ailleurs, nous sommes en Belgique. Par cons\u00e9quent, Riad, T\u00e9h\u00e9ran ou Tombouctou ne nous concernent en rien dans la volont\u00e9 que nous avons \u00e0 cr\u00e9er un meilleur vivre-ensemble, ici, en Belgique. De plus, l\u2019ensemble de ces pays ou r\u00e9gions c\u00f4toient en leur sein des communaut\u00e9s tr\u00e8s diverses, et donc, je crois qu\u2019il faut arr\u00eater les pr\u00e9jug\u00e9s<\/em><strong>. \u00bb<\/strong><\/p>\n<p><strong> Sur la neutralit\u00e9 philosophique<\/strong><\/p>\n<p><em>\u00ab Qu\u2019est-ce qu\u2019\u00eatre neutre sur le plan des convictions ? Une personne se revendiquant de la la\u00efcit\u00e9 (philosophique) fait-elle preuve d\u2019une totale impartialit\u00e9 ? C\u2019est l\u00e0 un courant de pens\u00e9e et une conviction au m\u00eame titre que n\u2019importe quelle religion. Le libre examen impose la libert\u00e9 de conscience et le refus de se soumettre au dogme. Mais lorsque l\u2019on impose la la\u00efcit\u00e9 \u00e0 tout prix, ne s\u2019inscrit-on pas l\u00e0 dans un dogme ? Une femme qui ne porte pas le foulard se voit-elle moins neutre qu\u2019une femme qui a d\u00e9cid\u00e9 de le porter ?<\/em><\/p>\n<p><em> \u00ab Chacun est anim\u00e9 par des convictions, qu\u2019elles soient philosophiques ou politiques, et de ce fait vous ne pourrez jamais aspirer \u00e0 une totale neutralit\u00e9 dans vos services. Je le r\u00e9p\u00e8te l\u2019interdiction vise \u00e0 donner l\u2019impression d\u2019une neutralit\u00e9, pas la neutralit\u00e9. \u00bb<\/em><\/p>\n<p><em> \u00ab En somme, vous ne pouvez pas esp\u00e9rer une neutralit\u00e9 totale. Partir du postulat qu\u2019avec mon foulard, je ne serai pas neutre et que d\u2019un coup de baguette, en retirant mon foulard, je regagnerai en neutralit\u00e9, \u00e7a n\u2019a pas de sens. Avec ou sans mon foulard je reste la m\u00eame personne sur le plan de la conscience professionnelle.<\/em><strong> \u00bb<\/strong><\/p>\n<p><strong> Sur la libert\u00e9 des employeurs<\/strong><\/p>\n<p><em>\u00ab Que l\u2019employeur ait encore le droit de faire des choix, je peux le concevoir. Mais je me pose la question de savoir si un patron a le droit de faire tous les choix, au risque de faire preuve de discrimination. Je trouve tout aussi discriminatoire qu\u2019une personne habill\u00e9e style punk se fasse refuser un emploi. Je comprends la n\u00e9cessit\u00e9 pour un employeur d\u2019imposer ou d\u2019attendre que ses employ\u00e9s r\u00e9pondent \u00e0 un code vestimentaire, mais il est tout \u00e0 fait possible de porter un foulard et d\u2019\u00eatre pr\u00e9sentable.<\/em><\/p>\n<p><em> \u00ab Maintenant, si le refus de ce patron s\u2019inscrit uniquement dans une perspective \u00e9conomique qui vise \u00e0 ne pas effrayer un public ou que sais-je, l\u00e0, \u00e7a me pose un probl\u00e8me. \u00bb<\/em><\/p>\n<p><strong>Sur les diff\u00e9rences homme-femme dans l\u2019Islam<\/strong><\/p>\n<p><em>\u00ab Sans vouloir rentrer dans le d\u00e9bat th\u00e9ologique, tant les hommes que les femmes ont des droits et des devoirs en Islam. Dans ce cadre, l\u2019homme aussi est tenu d\u2019observer un certain code vestimentaire, et il y a d\u2019autres points de devoir auquel l\u2019homme doit se conformer et la femme non. Je ne pense donc pas \u00eatre davantage discrimin\u00e9e dans ma religion. Ou peut-\u00eatre est-ce tout simplement parce que les femmes sont plus belles ? \u00bb<\/em><\/p>\n<p><strong>Sur les femmes voil\u00e9es parce que contraintes<\/strong><\/p>\n<p><em>\u00ab Je trouve tout aussi discriminant d\u2019interdire le foulard que de l\u2019imposer, il faut pouvoir accepter qu\u2019il puisse exister d\u2019autres mod\u00e8les d\u2019\u00e9mancipation. Mais l\u2019argument qui pr\u00e9tend que la majorit\u00e9 des femmes qui portent le foulard le font par pression est faux. C\u2019est un ph\u00e9nom\u00e8ne qui existe mais il reste tr\u00e8s minoritaire. Je n\u2019ai ni p\u00e8re, ni fr\u00e8re, ni mari qui puisse m\u2019imposer de le porter ou m\u00eame de le retirer, c\u2019est un choix personnel et r\u00e9fl\u00e9chi et un droit avant tout. \u00bb<\/em><\/p>\n<p><em> \u00ab Je connais des belgo-belges vivant dans des quartiers hupp\u00e9s, qui interdisent \u00e0 leur fille d\u2019aller \u00e0 une f\u00eate d\u2019anniversaire. C\u2019est une question d\u2019\u00e9ducation propre \u00e0 chaque foyer. Stoppons les amalgames et sortons de nos pr\u00e9jug\u00e9s simplistes qui appartiennent \u00e0 des temps r\u00e9volus. Nous vivons une \u00e8re d\u2019ouverture, d\u2019interculturalisme. Il faut pouvoir \u00e9voluer avec ce temps et accepter la diff\u00e9rence des autres m\u00eame si elles contredisent nos valeurs profondes qui se sont fond\u00e9es sur la peur et la m\u00e9connaissance de l\u2019autre. \u00bb<\/em><\/p>\n<p><strong>Sur la diff\u00e9rence entre burka et foulard<\/strong><\/p>\n<p><em>\u00ab Le foulard ne cache pas le visage. Il est d\u2019ailleurs permis sur la photo d\u2019identit\u00e9 d\u2019\u00eatre avec son foulard, donc si la logique est d\u2019\u00eatre reconnue et si c\u2019est l\u00e0 le seul probl\u00e8me, le voil\u00e0 r\u00e9solu. \u00bb<\/em><\/p>\n<p><strong>Sur les femmes occidentales qui portent le voile<\/strong><\/p>\n<p><em>\u00ab Je ne crois pas que ce soit tant l\u2019origine ou la confession d\u2019origine qui est probl\u00e9matique, c\u2019est davantage la visibilit\u00e9 du signe qui g\u00eane. Donc je crois que m\u00eame une belgo-belge musulmane subit des discriminations \u00e0 cet \u00e9gard. \u00bb<\/em><\/p>\n<p><strong>Sur l\u2019enfance face \u00e0 la religion<\/strong><\/p>\n<p><em>\u00ab Je pense qu\u2019effectivement \u00e0 cet \u00e2ge-l\u00e0 (cinq ans), il est indispensable d\u2019aborder la question avec beaucoup de p\u00e9dagogie, et par cons\u00e9quent, il convient sans pour autant faire de pros\u00e9lytisme, d\u2019expliquer bri\u00e8vement qu\u2019il existe diff\u00e9rentes cultures et religions et que celles-ci ont des codes vestimentaires et des pratiques diverses. Je pense notamment au je\u00fbne du mois de ramadan, un enfant de cinq ans est tout \u00e0 fait \u00e0 m\u00eame de comprendre ce que cela repr\u00e9sente et donc je crois qu\u2019il est possible d\u2019expliquer cela bri\u00e8vement et simplement sans pour autant tomber dans le d\u00e9bat th\u00e9ologique ou dans la caricature. \u00bb<\/em><\/p>\n<p><strong>Et le mot de la fin<\/strong><\/p>\n<p><em>\u00ab Merci \u00e0 tous pour vos contributions et d\u00e9sol\u00e9 pour ceux \u00e0 qui je n\u2019ai pas pu r\u00e9pondre, le temps ne nous l\u2019ayant malheureusement pas permis. Je salue ce type d\u2019initiative qui vise \u00e0 d\u00e9battre et tenter de comprendre l\u2019autre. J\u2019invite tout le monde \u00e0 aller vers l\u2019autre pour le comprendre et \u00e0 ne pas se cantonner \u00e0 ce que disent les m\u00e9dias. L\u2019identit\u00e9 de notre pays est appel\u00e9e \u00e0 \u00e9voluer au m\u00eame titre que toute identit\u00e9, rien n\u2019est destin\u00e9 \u00e0 \u00eatre fig\u00e9. Par cons\u00e9quent, je pense qu\u2019il est important de cesser de vivre dans le pass\u00e9 et qu\u2019il importe d\u2019accepter le fait que notre pays dispose d\u2019un paysage culturel riche et divers. Et c\u2019est ce patrimoine qu\u2019il faut conserver et continuer \u00e0 faire \u00e9voluer. \u00bb<\/em><\/p>\n<p><strong>J\u00e9r\u00e9mie Degives (St.)<\/strong><\/p>\n<p><strong>R\u00e9daction en ligne<\/strong><\/p>\n<p><a href=\"http:\/\/mobile.lesoir.be\/actualite\/belgique\/page_11163_911457.shtml\">Source<\/a><\/p>\n<\/div>\n<\/div>\n<p><iframe src=\"http:\/\/www.rtl.be\/videos\/page\/rtl-video-en-embed\/640.aspx?VideoID=392702\" height=\"338\" width=\"600\" frameborder=\"0\"><\/iframe><br \/>\n<a href=\"http:\/\/www.rtl.be\/videos\/video\/392702.aspx\" target=\"_blank\">Amnesty d\u00e9nonce les discriminations \u00e0 l&rsquo;encontre des musulmans en Europe.<\/a><\/p>\n<address class=\"h1 crayon article-titre-19299 \"><strong>Les musulmans victimes de discrimination <\/strong><\/address>\n<address class=\"h1 crayon article-titre-19299 \"><strong>parce qu\u2019ils expriment leur foi<\/strong><\/address>\n<div class=\"socialtags-hovers\" style=\"text-align: center;\">\n<dl class=\"spip_document_5548 spip_documents spip_documents_left\" style=\"float: left;\">\n<dt><a title=\"PDF - 635 ko\" href=\"http:\/\/www.amnestyinternational.be\/doc\/IMG\/pdf\/reI_sumeI_choice_and_prejudice.pdf\" type=\"application\/pdf\"><img decoding=\"async\" style=\"height: 425px; width: 301px;\" alt=\"PDF - 635 ko\" src=\"http:\/\/www.amnestyinternational.be\/doc\/local\/cache-vignettes\/L301xH425\/vignette_rapport-0ecb7.jpg\" width=\"301\" height=\"425\" \/><\/a><abbr class=\"published\" title=\"2012-04-24T09:33:19Z\"><\/abbr><\/dt>\n<dt><abbr class=\"published\" title=\"2012-04-24T09:33:19Z\">mardi 24 avril 2012<\/abbr>, <span class=\"auteurs\">par <span class=\"vcard author\"><a class=\"url fn spip_in\" href=\"http:\/\/www.amnestyinternational.be\/doc\/Brian-May\">Brian May<\/a><\/span><\/span><\/dt>\n<\/dl>\n<div class=\"surlignable\" style=\"text-align: justify;\">\n<div class=\"crayon article-chapo-19299 chapo\">\n<p>&nbsp;<\/p>\n<p>&nbsp;<\/p>\n<p>&nbsp;<\/p>\n<p>&nbsp;<\/p>\n<p>&nbsp;<\/p>\n<p>&nbsp;<\/p>\n<p>&nbsp;<\/p>\n<p>&nbsp;<\/p>\n<p>&nbsp;<\/p>\n<p>&nbsp;<\/p>\n<p><strong>Les gouvernements europ\u00e9ens doivent se mobiliser davantage pour combattre les st\u00e9r\u00e9otypes et pr\u00e9jug\u00e9s n\u00e9gatifs contre les musulmans, qui nourrissent les discriminations en particulier dans les domaines de l\u2019\u00e9ducation et de l\u2019emploi.<\/strong><\/p>\n<\/div>\n<div class=\"crayon article-texte-19299 texte\">\n<div class=\"cs_sommaire cs_sommaire_avec_fond\" id=\"outil_sommaire\">\n<div class=\"cs_sommaire_inner\">\n<div class=\"cs_sommaire_titre_avec_fond cs_done\">\u00a0 Sommaire<\/div>\n<ul>\n<li><a title=\"Le port de signes et de v\u00eatements religieux ou culturels fait partie du droit \u00e0 la libert\u00e9 (...)\" href=\"http:\/\/www.amnestyinternational.be\/doc\/agir-2099\/nos-campagnes\/exigeons-la-dignite\/lutter-contre-les-discriminations\/article\/les-musulmans-victimes-de#le_port_de_signes_et_de_vetements_religieux_ou_culturels_fait_partie_du_droit_a_la_liberte_d_expression\">Le port de signes et de v\u00eatements religieux\u00a0(\u2026)<\/a><\/li>\n<li><a title=\"La l\u00e9gislation de l'UE interdisant la discrimination fond\u00e9e sur la religion ou les convictions (...)\" href=\"http:\/\/www.amnestyinternational.be\/doc\/agir-2099\/nos-campagnes\/exigeons-la-dignite\/lutter-contre-les-discriminations\/article\/les-musulmans-victimes-de#la_legislation_de_l_ue_interdisant_la_discrimination_fondee_sur_la_religion_ou_les_convictions_dans_le_domaine_de_l_emploi_semble_inefficace_dans_toute_l_europe\">La l\u00e9gislation de l\u2019UE interdisant la\u00a0(\u2026)<\/a><\/li>\n<li><a title=\"Le droit de cr\u00e9er des lieux de culte fait l'objet de restrictions dans certains pays (...)\" href=\"http:\/\/www.amnestyinternational.be\/doc\/agir-2099\/nos-campagnes\/exigeons-la-dignite\/lutter-contre-les-discriminations\/article\/les-musulmans-victimes-de#le_droit_de_creer_des_lieux_de_culte_fait_l_objet_de_restrictions_dans_certains_pays_europeens\">Le droit de cr\u00e9er des lieux de culte fait\u00a0(\u2026)<\/a><\/li>\n<\/ul>\n<\/div>\n<\/div>\n<p>Les gouvernements europ\u00e9ens doivent se mobiliser davantage pour combattre les st\u00e9r\u00e9otypes et pr\u00e9jug\u00e9s n\u00e9gatifs contre les musulmans, qui nourrissent les discriminations en particulier dans les domaines de l\u2019\u00e9ducation et de l\u2019emploi, indique un rapport rendu public par Amnesty.<\/p>\n<p>Le rapport\u00a0: \u00ab\u00a0<a class=\"spip_out\" href=\"http:\/\/www.amnesty.be\/doc\/IMG\/pdf\/reI_sumeI_choice_and_prejudice.pdf\" rel=\"external\"><em> <strong>Choice and prejudice\u00a0: discrimination against Muslims in Europe<\/strong> <\/em><\/a>\u00a0\u00bb examine en quoi la discrimination fond\u00e9e sur la religion ou les convictions affecte divers aspects de la vie des musulmans, notamment l\u2019emploi et l\u2019\u00e9ducation.<br \/>\nIl s\u2019attache en particulier \u00e0 la situation en Belgique, en Espagne, en France, aux Pays-Bas et en Suisse, pays dans lesquels Amnesty International a d\u00e9j\u00e0 fait part de ses pr\u00e9occupations sur un certain nombre de sujets, comme la cr\u00e9ation de lieux de culte et l\u2019interdiction du voile int\u00e9gral.<\/p>\n<h3 class=\"h3 spip\" id=\"le_port_de_signes_et_de_vetements_religieux_ou_culturels_fait_partie_du_droit_a_la_liberte_d_expression\"><a class=\"sommaire_ancre\" title=\"Sommaire\" href=\"http:\/\/www.amnestyinternational.be\/doc\/agir-2099\/nos-campagnes\/exigeons-la-dignite\/lutter-contre-les-discriminations\/article\/les-musulmans-victimes-de#outil_sommaire\">\u00a0<\/a>Le port de signes et de v\u00eatements religieux ou culturels fait partie du droit \u00e0 la libert\u00e9 d\u2019expression<\/h3>\n<p>Le port de signes et de v\u00eatements religieux ou culturels fait partie du droit \u00e0 la libert\u00e9 d\u2019expression, et du droit \u00e0 la libert\u00e9 de religion ou de conviction. Au cours des 10 derni\u00e8res ann\u00e9es, dans de nombreux pays dont l\u2019Espagne, la France, la Belgique, la Suisse et les Pays-Bas, des interdictions du port du voile ou d\u2019autres v\u00eatements religieux et traditionnels \u00e0 l\u2019\u00e9cole ont \u00e9t\u00e9 prononc\u00e9es.<br \/>\nToute restriction au port de symboles et v\u00eatements culturels ou religieux \u00e0 l\u2019\u00e9cole doit \u00eatre fond\u00e9e sur une \u00e9valuation au cas par cas, a pr\u00e9cis\u00e9 Marco Perolini. Les mesures d\u2019interdiction totale risquent de compromettre l\u2019acc\u00e8s \u00e0 l\u2019\u00e9ducation des jeunes filles musulmanes et de porter atteinte \u00e0 leur droit \u00e0 la libert\u00e9 d\u2019expression et leur droit d\u2019exprimer leurs convictions.<\/p>\n<h3 class=\"h3 spip\" id=\"la_legislation_de_l_ue_interdisant_la_discrimination_fondee_sur_la_religion_ou_les_convictions_dans_le_domaine_de_l_emploi_semble_inefficace_dans_toute_l_europe\"><a class=\"sommaire_ancre\" title=\"Sommaire\" href=\"http:\/\/www.amnestyinternational.be\/doc\/agir-2099\/nos-campagnes\/exigeons-la-dignite\/lutter-contre-les-discriminations\/article\/les-musulmans-victimes-de#outil_sommaire\">\u00a0<\/a>La l\u00e9gislation de l\u2019UE interdisant la discrimination fond\u00e9e sur la religion ou les convictions dans le domaine de l\u2019emploi semble inefficace dans toute l\u2019Europe<\/h3>\n<p>Le rapport met \u00e9galement en \u00e9vidence le fait que la l\u00e9gislation interdisant la discrimination dans l\u2019emploi n\u2019est pas correctement appliqu\u00e9e <strong>en Belgique, en France et aux Pays-Bas<\/strong>. Certains employeurs ont pu s\u2019affranchir de l\u2019obligation de l\u2019\u00e9galit\u00e9 de traitement en invoquant le motif que tel ou tel symbole culturel ou religieux allait d\u00e9plaire aux clients ou aux autres membres du personnel, ou qu\u2019il \u00e9tait incompatible avec l\u2019image de l\u2019entreprise ou allait \u00e0 l\u2019encontre de sa \u00ab\u00a0neutralit\u00e9\u00a0\u00bb.<br \/>\nCeci est absolument contraire \u00e0 la l\u00e9gislation de l\u2019Union europ\u00e9enne (UE) en mati\u00e8re de lutte contre la discrimination, qui n\u2019autorise des diff\u00e9rences de traitement dans le domaine de l\u2019emploi que lorsque la nature sp\u00e9cifique de l\u2019emploi l\u2019exige.<\/p>\n<h3 class=\"h3 spip\" id=\"le_droit_de_creer_des_lieux_de_culte_fait_l_objet_de_restrictions_dans_certains_pays_europeens\"><a class=\"sommaire_ancre\" title=\"Sommaire\" href=\"http:\/\/www.amnestyinternational.be\/doc\/agir-2099\/nos-campagnes\/exigeons-la-dignite\/lutter-contre-les-discriminations\/article\/les-musulmans-victimes-de#outil_sommaire\">\u00a0<\/a>Le droit de cr\u00e9er des lieux de culte fait l\u2019objet de restrictions dans certains pays europ\u00e9ens<\/h3>\n<p>Composante essentielle du droit \u00e0 la libert\u00e9 d\u2019expression ou de conviction, le droit de cr\u00e9er des lieux de culte fait l\u2019objet de restrictions dans certains pays europ\u00e9ens, bien que les \u00c9tats aient l\u2019obligation de prot\u00e9ger, respecter et mettre en \u0153uvre ce droit.<br \/>\nEn Suisse, les musulmans sont vis\u00e9s sp\u00e9cifiquement depuis l\u2019inscription dans la Constitution en 2010 de l\u2019interdiction de la construction de minarets, une initiative qui a introduit dans la loi fondamentale les st\u00e9r\u00e9otypes anti-musulmans et viole les obligations internationales de l\u2019\u00c9tat helv\u00e9tique.<\/p>\n<dl class=\"spip_document_5548 spip_documents spip_documents_left\" style=\"float: left;\">\n<dt><\/dt>\n<\/dl>\n<p>En Catalogne (Espagne), les musulmans sont contraints de prier dans des espaces ext\u00e9rieurs parce que les salles de pri\u00e8re sont trop petites pour accueillir tous les fid\u00e8les et que les demandes de construction de mosqu\u00e9es se heurtent \u00e0 la pol\u00e9mique \u2013 certains jugeant ces demandes incompatibles avec les traditions et la culture catalanes. Ceci porte atteinte \u00e0 la libert\u00e9 de religion, qui comprend le droit d\u2019exercer le culte collectivement dans un endroit appropri\u00e9.<\/p>\n<p><em> <strong>Dans de nombreux pays europ\u00e9ens pr\u00e9vaut l\u2019id\u00e9e que l\u2019on veut bien accepter l\u2019islam et les musulmans tant qu\u2019ils ne sont pas trop visibles. Cette attitude est \u00e0 l\u2019origine de violations des droits humains. Il faut la combattre.<\/strong> <\/em><\/p>\n<\/div>\n<\/div>\n<div class=\"liste documents documents_joints\">\n<h2 class=\"h2\" style=\"text-align: justify;\">Documents joints<\/h2>\n<ul class=\"liste-items\">\n<li class=\"item\" style=\"text-align: justify;\"><strong><a title=\"T\u00e9l\u00e9charger\" href=\"http:\/\/www.amnestyinternational.be\/doc\/IMG\/pdf\/reI_sumeI_choice_and_prejudice.pdf\" type=\"application\/pdf\">Document<\/a><\/strong> <span class=\"small\">(<span>PDF \u2013 635\u00a0ko<\/span>)<\/span><\/li>\n<\/ul>\n<\/div>\n<\/div>\n<div style=\"text-align: center;\"><strong>Amnesty d\u00e9nonce les discriminations <\/strong><\/div>\n<div style=\"text-align: center;\"><strong>envers les musulmans en Europe<\/strong><\/div>\n<div id=\"_mcePaste\" style=\"text-align: justify;\">Dans un rapport publi\u00e9 ce mardi, Amnesty International d\u00e9nonce les discriminations dont sont victimes les musulmans en Europe. Deux jours apr\u00e8s le r\u00e9sultat historique de l\u2019extr\u00eame droite en France, Amnesty pointe du doigt l\u2019exploitation politique des pr\u00e9jug\u00e9s.<\/div>\n<div id=\"_mcePaste\" style=\"text-align: justify;\">\u00a9 Image Globe<\/div>\n<div id=\"_mcePaste\" style=\"text-align: justify;\">Licenci\u00e9s \u00e0 cause de leurs barbes, exclues des classes pour ports du foulard, pri\u00e8res de rues par manque de lieux de culte\u2026 Amnesty International a d\u00e9nonc\u00e9 ce mardi dans un rapport les \u00ab\u00a0discriminations\u00a0\u00bb envers les musulmans dans des pays europ\u00e9ens comme la France et la Belgique, et l\u2019exploitation politique des \u00ab\u00a0pr\u00e9jug\u00e9s\u00a0\u00bb.<\/div>\n<div id=\"_mcePaste\" style=\"text-align: justify;\">Dans son rapport qui se concentre sur la France, la Belgique, les Pays-Bas, l\u2019Espagne et la Suisse, Amnesty International appelle les gouvernements europ\u00e9ens \u00ab\u00a0\u00e0 faire plus pour s\u2019en prendre aux st\u00e9r\u00e9otypes n\u00e9gatifs (\u2026) contre les musulmans, qui attisent les discriminations, essentiellement dans l\u2019\u00e9ducation et le monde du travail\u00a0\u00bb.<\/div>\n<div id=\"_mcePaste\" style=\"text-align: justify;\">\u00ab\u00a0Plut\u00f4t que de riposter \u00e0 ces pr\u00e9jug\u00e9s, les partis politiques\u00a0\u00bb les \u00ab\u00a0encouragent bassement dans leur qu\u00eate de voix \u00e9lectorales\u00a0\u00bb, a estim\u00e9 Marco Perolini d\u2019Amnesty.<\/div>\n<div id=\"_mcePaste\" style=\"text-align: justify;\">Symboles religieux ou culturels<\/div>\n<div id=\"_mcePaste\" style=\"text-align: justify;\">\u00ab\u00a0Des femmes musulmanes se voient refuser des emplois et des jeunes filles sont emp\u00each\u00e9es d\u2019aller en classe simplement parce qu\u2019elles portent des v\u00eatements traditionnels comme le foulard\u00a0\u00bb, a-t-il relev\u00e9. \u00ab\u00a0Des hommes peuvent \u00eatre licenci\u00e9s pour porter des barbes associ\u00e9es \u00e0 l\u2019islam.\u00a0\u00bb<\/div>\n<div id=\"_mcePaste\" style=\"text-align: justify;\">En France, en Belgique et aux Pays-Bas, les employeurs sont autoris\u00e9s, en violation de la l\u00e9gislation europ\u00e9enne, \u00e0 discriminer des musulmans sous pr\u00e9texte que \u00ab\u00a0les symboles religieux ou culturels agaceront les clients ou les coll\u00e8gues\u00a0\u00bb, note l\u2019organisation de d\u00e9fense des droits de l\u2019Homme.<\/div>\n<div id=\"_mcePaste\" style=\"text-align: justify;\">La l\u00e9gislation europ\u00e9enne en la mati\u00e8re \u00ab\u00a0semble \u00eatre inefficace (\u2026), car nous observons un taux plus \u00e9lev\u00e9 de ch\u00f4mage parmi les musulmans, en particulier chez les musulmanes d\u2019origine \u00e9trang\u00e8re\u00a0\u00bb, poursuit Marco Perolini.<\/div>\n<div id=\"_mcePaste\" style=\"text-align: justify;\">\u00ab\u00a0L\u2019interdiction n\u2019est pas la bonne approche\u00a0\u00bb<\/div>\n<div id=\"_mcePaste\" style=\"text-align: justify;\">Dans son rapport intitul\u00e9 \u00ab\u00a0Choix et pr\u00e9judice: les discriminations contre les musulmans en Europe\u00a0\u00bb et publi\u00e9 deux jours apr\u00e8s le r\u00e9sultat historique de l\u2019extr\u00eame droite en France, Amnesty insiste sur le fait que \u00ab\u00a0porter des symboles ou des v\u00eatements religieux ou culturels fait partie du droit de libert\u00e9 d\u2019expression\u00a0\u00bb.<\/div>\n<div id=\"_mcePaste\" style=\"text-align: justify;\">\u00ab\u00a0L\u2019interdiction de porter des v\u00eatements (\u2026) n\u2019est pas la bonne approche\u00a0\u00bb, estime l\u2019organisation.\u00a0\u00bbUne interdiction g\u00e9n\u00e9rale risque de porter pr\u00e9judice \u00e0 l\u2019acc\u00e8s des filles \u00e0 l\u2019\u00e9ducation et de violer leur droit de libert\u00e9 d\u2019expression\u00a0\u00bb, poursuit Amnesty.<\/div>\n<div id=\"_mcePaste\" style=\"text-align: justify;\">L\u2019organisation d\u00e9nonce aussi l\u2019acc\u00e8s limit\u00e9 fait aux musulmans pour prier, notamment en Suisse o\u00f9 la population a vot\u00e9 en 2009 contre la construction de nouveaux minarets, et en Catalogne (est de l\u2019Espagne) o\u00f9 certains doivent prier dehors faute de lieux de pri\u00e8re ad\u00e9quats.<\/div>\n<div id=\"_mcePaste\" style=\"text-align: justify;\">Le Vif.be, avec Belga<\/div>\n<address style=\"text-align: justify;\">\n<p style=\"text-align: justify;\">source : <a href=\"http:\/\/www.levif.be\/info\/actualite\/international\/amnesty-denonce-les-discriminations-envers-les-musulmans-en-europe\/article-4000085241789.htm\" target=\"_blank\">levif.be<\/a>, le 24 avril 2012<\/p>\n<p style=\"text-align: justify;\">Dans un rapport publi\u00e9 ce mardi, Amnesty International d\u00e9nonce les discriminations dont sont victimes les musulmans en Europe. Deux jours apr\u00e8s le r\u00e9sultat historique de l\u2019extr\u00eame droite en France, Amnesty pointe du doigt l\u2019exploitation politique des pr\u00e9jug\u00e9s.<\/p>\n<p style=\"text-align: justify;\"><img decoding=\"async\" alt=\"\" src=\"http:\/\/images11.levif.be\/images\/resized\/400\/008\/524\/147\/1\/500_0_KEEP_RATIO_SCALE_CENTER_FFFFFF\/image\/4000085241471.jpg\" \/><\/p>\n<p style=\"text-align: justify;\">\u00a9 Image Globe<\/p>\n<p style=\"text-align: justify;\">Licenci\u00e9s \u00e0 cause de leurs barbes, exclues des classes pour ports du foulard, pri\u00e8res de rues par manque de lieux de culte\u2026 Amnesty International a d\u00e9nonc\u00e9 ce mardi dans un rapport les \u00ab\u00a0discriminations\u00a0\u00bb envers les musulmans dans des pays europ\u00e9ens comme la France et la Belgique, et l\u2019exploitation politique des \u00ab\u00a0pr\u00e9jug\u00e9s\u00a0\u00bb.<\/p>\n<p style=\"text-align: justify;\">Dans son rapport qui se concentre sur la France, la Belgique, les Pays-Bas, l\u2019Espagne et la Suisse, Amnesty International appelle les gouvernements europ\u00e9ens \u00ab\u00a0\u00e0 faire plus pour s\u2019en prendre aux st\u00e9r\u00e9otypes n\u00e9gatifs (\u2026) contre les musulmans, qui attisent les discriminations, essentiellement dans l\u2019\u00e9ducation et le monde du travail\u00a0\u00bb.<\/p>\n<p style=\"text-align: justify;\">\u00ab\u00a0Plut\u00f4t que de riposter \u00e0 ces pr\u00e9jug\u00e9s, les partis politiques\u00a0\u00bb les \u00ab\u00a0encouragent bassement dans leur qu\u00eate de voix \u00e9lectorales\u00a0\u00bb, a estim\u00e9 Marco Perolini d\u2019Amnesty.<\/p>\n<p style=\"text-align: justify;\">Symboles religieux ou culturels<\/p>\n<p style=\"text-align: justify;\">\u00ab\u00a0Des femmes musulmanes se voient refuser des emplois et des jeunes filles sont emp\u00each\u00e9es d\u2019aller en classe simplement parce qu\u2019elles portent des v\u00eatements traditionnels comme le foulard\u00a0\u00bb, a-t-il relev\u00e9. \u00ab\u00a0Des hommes peuvent \u00eatre licenci\u00e9s pour porter des barbes associ\u00e9es \u00e0 l\u2019islam.\u00a0\u00bb<\/p>\n<p style=\"text-align: justify;\">En France, en Belgique et aux Pays-Bas, les employeurs sont autoris\u00e9s, en violation de la l\u00e9gislation europ\u00e9enne, \u00e0 discriminer des musulmans sous pr\u00e9texte que \u00ab\u00a0les symboles religieux ou culturels agaceront les clients ou les coll\u00e8gues\u00a0\u00bb, note l\u2019organisation de d\u00e9fense des droits de l\u2019Homme.<\/p>\n<p style=\"text-align: justify;\">La l\u00e9gislation europ\u00e9enne en la mati\u00e8re \u00ab\u00a0semble \u00eatre inefficace (\u2026), car nous observons un taux plus \u00e9lev\u00e9 de ch\u00f4mage parmi les musulmans, en particulier chez les musulmanes d\u2019origine \u00e9trang\u00e8re\u00a0\u00bb, poursuit Marco Perolini.<\/p>\n<p style=\"text-align: justify;\">\u00ab\u00a0L\u2019interdiction n\u2019est pas la bonne approche\u00a0\u00bb<\/p>\n<p style=\"text-align: justify;\">Dans son rapport intitul\u00e9 \u00ab\u00a0<a href=\"http:\/\/www.amnesty.org\/fr\/library\/asset\/EUR01\/002\/2012\/fr\/7e03b713-89d0-4134-818a-0cb003d42422\/eur010022012fr.pdf\" target=\"_blank\">Choix et pr\u00e9judice: les discriminations contre les musulmans en Europe<\/a>\u00a0\u00bb et publi\u00e9 deux jours apr\u00e8s le r\u00e9sultat historique de l\u2019extr\u00eame droite en France, Amnesty insiste sur le fait que \u00ab\u00a0porter des symboles ou des v\u00eatements religieux ou culturels fait partie du droit de libert\u00e9 d\u2019expression\u00a0\u00bb.<\/p>\n<p style=\"text-align: justify;\">\u00ab\u00a0L\u2019interdiction de porter des v\u00eatements (\u2026) n\u2019est pas la bonne approche\u00a0\u00bb, estime l\u2019organisation.\u00a0\u00bbUne interdiction g\u00e9n\u00e9rale risque de porter pr\u00e9judice \u00e0 l\u2019acc\u00e8s des filles \u00e0 l\u2019\u00e9ducation et de violer leur droit de libert\u00e9 d\u2019expression\u00a0\u00bb, poursuit Amnesty.<\/p>\n<p style=\"text-align: justify;\">L\u2019organisation d\u00e9nonce aussi l\u2019acc\u00e8s limit\u00e9 fait aux musulmans pour prier, notamment en Suisse o\u00f9 la population a vot\u00e9 en 2009 contre la construction de nouveaux minarets, et en Catalogne (est de l\u2019Espagne) o\u00f9 certains doivent prier dehors faute de lieux de pri\u00e8re ad\u00e9quats.<\/p>\n<p style=\"text-align: justify;\">Le Vif.be, avec Belga<\/p>\n<\/address>\n<address style=\"text-align: justify;\">\u00a0<\/address>\n<address style=\"text-align: justify;\">Le rapport d\u2019Amnesty International renforce la position de Justice and Democracy<\/address>\n<p style=\"text-align: justify;\"><strong><a title=\"amnesty\" href=\"http:\/\/www.justicedemocracy.org\/wp-content\/uploads\/2012\/04\/amnesty.jpg\" rel=\"lightbox[151]\"><img decoding=\"async\" title=\"amnesty\" alt=\"\" src=\"http:\/\/www.justicedemocracy.org\/wp-content\/uploads\/2012\/04\/amnesty.jpg\" width=\"154\" height=\"147\" \/><\/a><\/strong><\/p>\n<p style=\"text-align: justify;\"><strong>COMMUNIQUE DE PRESSE<\/strong><\/p>\n<p style=\"text-align: justify;\">Ce mardi 24 avril 2012, l\u2019organisation Amnesty International a rendu public un rapport intitul\u00e9 <a title=\"Choix et pr\u00e9jug\u00e9s - La discrimination \u00e0 l\u2019\u00e9gard des musulmans en Europe\" href=\"http:\/\/www.amnesty.org\/en\/library\/asset\/EUR01\/001\/2012\/en\/85bd6054-5273-4765-9385-59e58078678e\/eur010012012en.pdf\" target=\"_blank\">\u201cChoix et pr\u00e9jug\u00e9s \u2013 La discrimination \u00e0 l\u2019\u00e9gard des musulmans en Europe\u201d<\/a>.<\/p>\n<p style=\"text-align: justify;\">Ce rapport met en \u00e9vidence les nombreuses discriminations subies par les citoyens et citoyennes de confession musulmane en Europe, dans des secteurs aussi divers que l\u2019enseignement, l\u2019emploi et la fonction publique. La Belgique y est particuli\u00e8rement vis\u00e9e.<\/p>\n<p style=\"text-align: justify;\">Parmi les mesures jug\u00e9es discriminatoires et attentatoires aux droits fondamentaux par Amnesty International, il y a les l\u00e9gislations interdisant de fa\u00e7on g\u00e9n\u00e9rale et absolue le port du voile int\u00e9gral dans l\u2019espace public. <a title=\"Justice and Democracy\" href=\"http:\/\/www.ejustice.just.fgov.be\/tsv_pdf\/2010\/01\/07\/10003857.pdf\" target=\"_blank\">Justice and Democracy (J&amp;D) asbl<\/a> souhaite rappeler \u00e0 cet \u00e9gard qu\u2019elle a introduit, le 14 novembre 2011, <a title=\"Recours contre la loi anti-voile integral : texte integral\" href=\"http:\/\/www.justicedemocracy.org\/2011\/07\/26\/recours-cour-constitutionnelle\/\" target=\"_blank\">un recours en annulation<\/a>, actuellement pendant, contre la loi belge du 1er juin 2011 \u00ab visant \u00e0 interdire le port de tout v\u00eatement cachant totalement ou de mani\u00e8re principale le visage \u00bb ou loi \u201canti-voile int\u00e9gral\u201d aupr\u00e8s de la Cour constitutionnelle.<\/p>\n<p style=\"text-align: justify;\">Sur la m\u00eame question, nous souhaitons attirer l\u2019attention sur l\u2019existence d\u2019une proposition juridique rendue publique, le 25 mars 2010, par le groupe de travail <a title=\"Groupe de travail neutralite.be\" href=\"http:\/\/www.neutralite.be\/\" target=\"_blank\">neutralite.be<\/a>. Cette <a title=\"Proposition de circulaire\" href=\"http:\/\/www.neutralite.be\/fr-Port_du_voile_integral_dans_lespace_public_circulaire.pdf\" target=\"_blank\">proposition de circulaire<\/a>, privil\u00e9giant la r\u00e9gulation \u00e0 l\u2019interdiction, est de nature \u00e0 assurer l\u2019\u00e9quilibre entre l\u2019exigence de s\u00e9curit\u00e9 publique et le respect de la libert\u00e9 individuelle.<\/p>\n<p style=\"text-align: justify;\">Justice and Democracy asbl<\/p>\n","protected":false},"excerpt":{"rendered":"<p>Port du voile\u00a0: \u00ab\u00a0Un patron a-t-il le droit de faire tous les choix\u00a0?\u00a0\u00bb chat mercredi 25 avril 2012, 16:10 La Belgique a \u00e9t\u00e9 point\u00e9e du doigt pour discrimination des personnes voil\u00e9es. Hajare Boujtat, cit\u00e9e par Amnesty, t\u00e9moigne de son exp\u00e9rience\u00a0: \u00ab\u00a0L\u2019employeur a encore le droit de faire un choix, je peux le concevoir. Mais peut-il &#8230; <a title=\"Sur les femmes voil\u00e9es\" class=\"read-more\" href=\"https:\/\/bruxelles-pantheres.be\/?p=1236\" aria-label=\"En savoir plus sur Sur les femmes voil\u00e9es\">Lire la suite<\/a><\/p>\n","protected":false},"author":1,"featured_media":222,"comment_status":"open","ping_status":"open","sticky":false,"template":"","format":"standard","meta":{"footnotes":""},"categories":[25,36,4,20,8,28],"tags":[10,31,14,23,9],"class_list":["post-1236","post","type-post","status-publish","format-standard","has-post-thumbnail","hentry","category-enseignement","category-europe","category-islamophobie","category-logement","category-prisons","category-racismes","tag-ecole","tag-belgique","tag-bruxelles","tag-discrimination","tag-voile"],"_links":{"self":[{"href":"https:\/\/bruxelles-pantheres.be\/index.php?rest_route=\/wp\/v2\/posts\/1236","targetHints":{"allow":["GET"]}}],"collection":[{"href":"https:\/\/bruxelles-pantheres.be\/index.php?rest_route=\/wp\/v2\/posts"}],"about":[{"href":"https:\/\/bruxelles-pantheres.be\/index.php?rest_route=\/wp\/v2\/types\/post"}],"author":[{"embeddable":true,"href":"https:\/\/bruxelles-pantheres.be\/index.php?rest_route=\/wp\/v2\/users\/1"}],"replies":[{"embeddable":true,"href":"https:\/\/bruxelles-pantheres.be\/index.php?rest_route=%2Fwp%2Fv2%2Fcomments&post=1236"}],"version-history":[{"count":1,"href":"https:\/\/bruxelles-pantheres.be\/index.php?rest_route=\/wp\/v2\/posts\/1236\/revisions"}],"predecessor-version":[{"id":1237,"href":"https:\/\/bruxelles-pantheres.be\/index.php?rest_route=\/wp\/v2\/posts\/1236\/revisions\/1237"}],"wp:featuredmedia":[{"embeddable":true,"href":"https:\/\/bruxelles-pantheres.be\/index.php?rest_route=\/wp\/v2\/media\/222"}],"wp:attachment":[{"href":"https:\/\/bruxelles-pantheres.be\/index.php?rest_route=%2Fwp%2Fv2%2Fmedia&parent=1236"}],"wp:term":[{"taxonomy":"category","embeddable":true,"href":"https:\/\/bruxelles-pantheres.be\/index.php?rest_route=%2Fwp%2Fv2%2Fcategories&post=1236"},{"taxonomy":"post_tag","embeddable":true,"href":"https:\/\/bruxelles-pantheres.be\/index.php?rest_route=%2Fwp%2Fv2%2Ftags&post=1236"}],"curies":[{"name":"wp","href":"https:\/\/api.w.org\/{rel}","templated":true}]}}