{"id":1238,"date":"2012-04-24T00:01:52","date_gmt":"2012-04-23T23:01:52","guid":{"rendered":"https:\/\/bruxelles-pantheres.be\/?p=1238"},"modified":"2013-11-16T00:03:14","modified_gmt":"2013-11-15T23:03:14","slug":"hema-hema-et-marre-du-racisme","status":"publish","type":"post","link":"https:\/\/bruxelles-pantheres.be\/?p=1238","title":{"rendered":"Hema Hema et marre du Racisme !"},"content":{"rendered":"<p>&nbsp;<\/p>\n<div class=\"entry-content\">\n<address><a href=\"http:\/\/www.egalite.be\/wp-content\/uploads\/2012\/04\/woman-resist.jpg\"><img decoding=\"async\" class=\"size-full wp-image-2418 alignleft\" title=\"woman resist\" alt=\"\" src=\"http:\/\/www.egalite.be\/wp-content\/uploads\/2012\/04\/woman-resist.jpg\" width=\"315\" height=\"449\" \/><\/a><\/address>\n<address>\u00a0<\/address>\n<address><strong><strong>Nous appelons \u00e0<\/strong> manifester<\/strong> ce samedi 28 avril 2012 \u00e0 13h \u00e0 la <a href=\"http:\/\/maps.google.nl\/maps?q=Wapper%2C+Antwerpen+2000+Antwerpen%2C+Vlaams+Gewest%2C+Belgi%C3%AB&amp;hl=nl&amp;ie=UTF8&amp;geocode=FYqADQMdEEZDAA&amp;hnear=Wapper%2C+2000+Antwerpen%2C+Vlaams+Gewest%2C+Belgi%C3%AB&amp;t=m&amp;z=16\">PLACE DE WAPPER (juste \u00e0 c\u00f4t\u00e9 du MEIR) \u00e0 Anvers <\/a><\/address>\n<p style=\"text-align: justify;\">Parce que des dizaines de milliers de femmes, jeunes et moins jeunes, se retrouvent sans emploi. Parce que le taux de ch\u00f4mage \u00e0 Bruxelles est plus qu\u2019inqui\u00e9tant et que la majorit\u00e9 d\u2019entre les ch\u00f4meurs sont des femmes. Parce que trouver un emploi au sein d\u2019une entreprise en ces temps de crise n\u2019est d\u00e9j\u00e0 pas chose ais\u00e9e et qu\u2019il rel\u00e8ve aujourd\u2019hui de la mission impossible pour une femme portant le foulard de trouver un emploi. Parce que cela dure maintenant depuis trop longtemps et parce que des femmes Belges sont r\u00e9volt\u00e9es d\u2019\u00eatre consid\u00e9r\u00e9es comme des citoyennes de seconde zone ! Pour toutes ces raisons, nous disons STOP !<!--more--><\/p>\n<p>Aujourd\u2019hui, plus que jamais, nous d\u00e9cidons de renforcer notre lutte contre toutes ces mesures discriminatoires prises \u00e0 l\u2019encontre des jeunes filles dans l\u2019enseignement, paralysant ainsi leur r\u00eave d\u2019\u00e9mancipation sociale, \u00e0 l\u2019encontre des femmes au ch\u00f4mage qui parce qu\u2019elles portent un foulard se font harcel\u00e9es par l\u2019administration, \u00e0 l\u2019encontre de celles qui se pr\u00e9sentent \u00e0 un entretien d\u2019embauche ou encore \u00e0 l\u2019encontre de celles qui, si elle en ont la chance, ont obtenu un contrat de travail. Nous lan\u00e7ons un signal fort : refusons toutes ces discriminations !<\/p>\n<p>Petit rappel : en mars 2011, une affaire parmi tant d\u2019autres cas pass\u00e9s inaper\u00e7us, les responsables d\u2019une filiale HEMA \u00e0 Genk ont refus\u00e9 de prolonger le contrat d\u2019une employ\u00e9e int\u00e9rimaire parce qu\u2019elle avait d\u00e9cid\u00e9 de porter un foulard et \u00e0 cause de r\u00e9clamations de clients qui ne voulaient pas se faire servir par une femme portant un foulard ! C\u2019est inadmissible !<\/p>\n<p>Jusqu\u2019\u00e0 quand perdurera cette situation? Il est temps d\u2019exiger des autorit\u00e9s des mesures pour en finir avec la discrimination \u00e0 l\u2019encontre de personnes ayant d\u00e9cid\u00e9es en toute l\u00e9galit\u00e9 de pratiquer leurs convictions, et de condamner ces licenciements abusifs et ces refus d\u2019embauche pratiqu\u00e9s en toute impunit\u00e9 dans notre syst\u00e8me!<\/p>\n<p>Un appel est lanc\u00e9 par Hakim Benichou et 11 organisations belges y participent en plus du Mouvement pour les Droits Fondamentaux : Conseil flamand des jeunes, ELLA, VOK, Main dans la main contre le racisme, Boeh, Le Libre Choix, ODiCe, kifkif, Le SCC \u00e0 la diversit\u00e9, de d\u00e9veloppement communautaire Ville d\u2019Anvers et le Forum des minorit\u00e9s.<\/p>\n<p style=\"text-align: center;\">\n<p>Rejoignez-nous pour un <strong>d\u00e9part group\u00e9 de la Gare du Midi<\/strong> (devant la voie 20) \u00e0 12h ce samedi 28 avril 2012.<\/p>\n<p>Pour des raisons pratiques, veuillez nous envoyer un mail \u00e0 mouvdf@gmail.com pour participer \u00e0 l\u2019action.<\/p>\n<p><strong>Soyons nombreux et nombreuses ! <\/strong><\/p>\n<p style=\"text-align: center;\"><strong>Parce que cela nous concerne toutes et tous !<\/strong><\/p>\n<h6 data-ft=\"{&quot;type&quot;:1}\">Mouvement pour les Droits Fondamentaux.<br \/>\n<a href=\"http:\/\/www.mouvdf.blogspot.com\/\" target=\"_blank\" rel=\"nofollow nofollow\">www.mouvdf.blogspot.com<\/a><\/h6>\n<p>Pour contacter HAKIM BENICHOU : hakim@minderhedenforum.be<br \/>\nParticipation des salari\u00e9s Minderhedenforum.NET, Le Forum des Minorit\u00e9s ASBL<br \/>\n(Rue du Progr\u00e8s 323\/4 1030 Schaerbeek) Tel: 02 204 07 84<\/p>\n<div>\n<div>\n<div>\n<address><a href=\"http:\/\/www.dailymotion.com\/video\/xhkk9o_protestons-contre-licenciement-raciste-dune-employee-hema_news\"><strong>Protestation contre LICENCIEMENT RACISTE d\u2019 une employ\u00e9e Hema<\/strong><\/a><\/address>\n<address>MDF (Mouvements des Droits Fondamentaux)<br \/>\nCRI (Collectif R\u00e9flexion Indig\u00e8ne)<br \/>\nEgalite<br \/>\nUne enseigne de la cha\u00eene n\u00e9erlandaise de magasins Hema, situ\u00e9e \u00e0 Genk, a licenci\u00e9 l\u2019une de ses employ\u00e9es qui portait le foulard, apr\u00e8s avoir re\u00e7u nombre de r\u00e9clamations.<br \/>\n<strong>C\u2019est contre ce racisme intol\u00e9rable que nous d\u00e9sirons nous soulever et montrer notre indignation.<\/strong><br \/>\nLes droits \u00e9l\u00e9mentaires garantissent \u00e0 chacun la libert\u00e9 d\u2019exprimer ses convictions politiques et religieuses, en priv\u00e9 et en public.<\/address>\n<\/div>\n<\/div>\n<\/div>\n<\/div>\n","protected":false},"excerpt":{"rendered":"<p>&nbsp; \u00a0 Nous appelons \u00e0 manifester ce samedi 28 avril 2012 \u00e0 13h \u00e0 la PLACE DE WAPPER (juste \u00e0 c\u00f4t\u00e9 du MEIR) \u00e0 Anvers Parce que des dizaines de milliers de femmes, jeunes et moins jeunes, se retrouvent sans emploi. Parce que le taux de ch\u00f4mage \u00e0 Bruxelles est plus qu\u2019inqui\u00e9tant et que la &#8230; <a title=\"Hema Hema et marre du Racisme !\" class=\"read-more\" href=\"https:\/\/bruxelles-pantheres.be\/?p=1238\" aria-label=\"En savoir plus sur Hema Hema et marre du Racisme !\">Lire la suite<\/a><\/p>\n","protected":false},"author":1,"featured_media":222,"comment_status":"open","ping_status":"open","sticky":false,"template":"","format":"standard","meta":{"footnotes":""},"categories":[22,25,36,4,28],"tags":[31,23,15],"class_list":["post-1238","post","type-post","status-publish","format-standard","has-post-thumbnail","hentry","category-emploi","category-enseignement","category-europe","category-islamophobie","category-racismes","tag-belgique","tag-discrimination","tag-resistance"],"_links":{"self":[{"href":"https:\/\/bruxelles-pantheres.be\/index.php?rest_route=\/wp\/v2\/posts\/1238","targetHints":{"allow":["GET"]}}],"collection":[{"href":"https:\/\/bruxelles-pantheres.be\/index.php?rest_route=\/wp\/v2\/posts"}],"about":[{"href":"https:\/\/bruxelles-pantheres.be\/index.php?rest_route=\/wp\/v2\/types\/post"}],"author":[{"embeddable":true,"href":"https:\/\/bruxelles-pantheres.be\/index.php?rest_route=\/wp\/v2\/users\/1"}],"replies":[{"embeddable":true,"href":"https:\/\/bruxelles-pantheres.be\/index.php?rest_route=%2Fwp%2Fv2%2Fcomments&post=1238"}],"version-history":[{"count":1,"href":"https:\/\/bruxelles-pantheres.be\/index.php?rest_route=\/wp\/v2\/posts\/1238\/revisions"}],"predecessor-version":[{"id":1239,"href":"https:\/\/bruxelles-pantheres.be\/index.php?rest_route=\/wp\/v2\/posts\/1238\/revisions\/1239"}],"wp:featuredmedia":[{"embeddable":true,"href":"https:\/\/bruxelles-pantheres.be\/index.php?rest_route=\/wp\/v2\/media\/222"}],"wp:attachment":[{"href":"https:\/\/bruxelles-pantheres.be\/index.php?rest_route=%2Fwp%2Fv2%2Fmedia&parent=1238"}],"wp:term":[{"taxonomy":"category","embeddable":true,"href":"https:\/\/bruxelles-pantheres.be\/index.php?rest_route=%2Fwp%2Fv2%2Fcategories&post=1238"},{"taxonomy":"post_tag","embeddable":true,"href":"https:\/\/bruxelles-pantheres.be\/index.php?rest_route=%2Fwp%2Fv2%2Ftags&post=1238"}],"curies":[{"name":"wp","href":"https:\/\/api.w.org\/{rel}","templated":true}]}}