{"id":1240,"date":"2012-04-19T00:03:45","date_gmt":"2012-04-18T23:03:45","guid":{"rendered":"https:\/\/bruxelles-pantheres.be\/?p=1240"},"modified":"2013-11-16T00:07:45","modified_gmt":"2013-11-15T23:07:45","slug":"collectif-verite-justice-pour-jamal","status":"publish","type":"post","link":"https:\/\/bruxelles-pantheres.be\/?p=1240","title":{"rendered":"Collectif V\u00e9rit\u00e9 &#038; Justice pour Jamal"},"content":{"rendered":"<p><img decoding=\"async\" class=\"alignleft\" title=\"prison 4\" alt=\"prison 4\" src=\"http:\/\/www.etatdexception.net\/wp-content\/uploads\/2012\/04\/prison-41.jpg\" width=\"300\" height=\"200\" \/>Gennevilliers \u2013 Avril 2012Vid\u00e9o r\u00e9alis\u00e9e par les membres du Collectif V\u00e9rit\u00e9 &amp; Justice pour Jamal, autour des mobilisations qui ont suivi la mort de Jamal Ghermaoui (<em>Ayr<\/em>), 23 ans, tu\u00e9 par des agents p\u00e9nitentiers de la maison d\u2019arr\u00eat de Nanterre.<\/p>\n<p>En six mois, aucune enqu\u00eate n\u2019a \u00e9t\u00e9 r\u00e9alis\u00e9e.<!--more--><\/p>\n<p>&nbsp;<\/p>\n<p>Le procureur de la r\u00e9publique a class\u00e9 sans suite une enqu\u00eate totalement b\u00e2cl\u00e9e, \u00ab men\u00e9e \u00bb sans que personne ne soit interrog\u00e9 (surveillants p\u00e9nitenciers, proches de Jamal d\u00e9tenus, etc.).<\/p>\n<p>&nbsp;<\/p>\n<p>Nous refusons ce d\u00e9ni de justice.<\/p>\n<p>&nbsp;<\/p>\n<p>Une plainte a \u00e9t\u00e9 d\u00e9pos\u00e9e \u00ab contre X \u00bb par l\u2019avocat de la famille Ghermaoui, pour \u00ab coups et blessures volontaires ayant entrain\u00e9 la mort sans intention de la donner \u00bb, avec constitution de partie civile.<\/p>\n<p>&nbsp;<\/p>\n<p>Un juge d\u2019instruction vient d\u2019\u00eatre d\u00e9sign\u00e9.<\/p>\n<p>&nbsp;<\/p>\n<p>L\u2019exp\u00e9rience des luttes pass\u00e9es nous apprend que seule la mobilisation du plus grand nombre pourra les contraindre \u00e0 ouvrir et mener s\u00e9rieusement une enqu\u00eate, jusqu\u2019ici totalement inexistante.<\/p>\n<p>&nbsp;<\/p>\n<p><a href=\"http:\/\/www.etatdexception.net\/?p=826\">Source <\/a><\/p>\n<p><iframe src=\"\/\/www.youtube.com\/embed\/HEQWi8K67YU\" height=\"315\" width=\"420\" allowfullscreen=\"\" frameborder=\"0\"><\/iframe><\/p>\n<p><a href=\"https:\/\/bruxelles-pantheres.be\/wp-content\/uploads\/2013\/11\/inde.png\"><img decoding=\"async\" class=\"size-full wp-image-1241 aligncenter\" alt=\"inde\" src=\"https:\/\/bruxelles-pantheres.be\/wp-content\/uploads\/2013\/11\/inde.png\" width=\"679\" height=\"960\" srcset=\"https:\/\/bruxelles-pantheres.be\/wp-content\/uploads\/2013\/11\/inde.png 679w, https:\/\/bruxelles-pantheres.be\/wp-content\/uploads\/2013\/11\/inde-212x300.png 212w\" sizes=\"(max-width: 679px) 100vw, 679px\" \/><\/a><\/p>\n","protected":false},"excerpt":{"rendered":"<p>Gennevilliers \u2013 Avril 2012Vid\u00e9o r\u00e9alis\u00e9e par les membres du Collectif V\u00e9rit\u00e9 &amp; Justice pour Jamal, autour des mobilisations qui ont suivi la mort de Jamal Ghermaoui (Ayr), 23 ans, tu\u00e9 par des agents p\u00e9nitentiers de la maison d\u2019arr\u00eat de Nanterre. En six mois, aucune enqu\u00eate n\u2019a \u00e9t\u00e9 r\u00e9alis\u00e9e.<\/p>\n","protected":false},"author":1,"featured_media":1241,"comment_status":"open","ping_status":"open","sticky":false,"template":"","format":"standard","meta":{"footnotes":""},"categories":[8,28,17,5],"tags":[31,14,23,54,29],"class_list":["post-1240","post","type-post","status-publish","format-standard","has-post-thumbnail","hentry","category-prisons","category-racismes","category-video","category-violence-policiere","tag-belgique","tag-bruxelles","tag-discrimination","tag-police","tag-torture"],"_links":{"self":[{"href":"https:\/\/bruxelles-pantheres.be\/index.php?rest_route=\/wp\/v2\/posts\/1240","targetHints":{"allow":["GET"]}}],"collection":[{"href":"https:\/\/bruxelles-pantheres.be\/index.php?rest_route=\/wp\/v2\/posts"}],"about":[{"href":"https:\/\/bruxelles-pantheres.be\/index.php?rest_route=\/wp\/v2\/types\/post"}],"author":[{"embeddable":true,"href":"https:\/\/bruxelles-pantheres.be\/index.php?rest_route=\/wp\/v2\/users\/1"}],"replies":[{"embeddable":true,"href":"https:\/\/bruxelles-pantheres.be\/index.php?rest_route=%2Fwp%2Fv2%2Fcomments&post=1240"}],"version-history":[{"count":1,"href":"https:\/\/bruxelles-pantheres.be\/index.php?rest_route=\/wp\/v2\/posts\/1240\/revisions"}],"predecessor-version":[{"id":1242,"href":"https:\/\/bruxelles-pantheres.be\/index.php?rest_route=\/wp\/v2\/posts\/1240\/revisions\/1242"}],"wp:featuredmedia":[{"embeddable":true,"href":"https:\/\/bruxelles-pantheres.be\/index.php?rest_route=\/wp\/v2\/media\/1241"}],"wp:attachment":[{"href":"https:\/\/bruxelles-pantheres.be\/index.php?rest_route=%2Fwp%2Fv2%2Fmedia&parent=1240"}],"wp:term":[{"taxonomy":"category","embeddable":true,"href":"https:\/\/bruxelles-pantheres.be\/index.php?rest_route=%2Fwp%2Fv2%2Fcategories&post=1240"},{"taxonomy":"post_tag","embeddable":true,"href":"https:\/\/bruxelles-pantheres.be\/index.php?rest_route=%2Fwp%2Fv2%2Ftags&post=1240"}],"curies":[{"name":"wp","href":"https:\/\/api.w.org\/{rel}","templated":true}]}}