{"id":1248,"date":"2012-04-18T00:12:57","date_gmt":"2012-04-17T23:12:57","guid":{"rendered":"https:\/\/bruxelles-pantheres.be\/?p=1248"},"modified":"2013-11-16T00:17:08","modified_gmt":"2013-11-15T23:17:08","slug":"personne-nest-illegal-geen-mens-is-illegaal","status":"publish","type":"post","link":"https:\/\/bruxelles-pantheres.be\/?p=1248","title":{"rendered":"Personne n\u2019est ill\u00e9gal \/ Geen mens is illegaal"},"content":{"rendered":"<h3 data-ft=\"{&quot;type&quot;:1}\"><a href=\"http:\/\/www.egalite.be\/wp-content\/uploads\/2012\/04\/personne-nest-ill%C3%A9gal.jpg\"><img decoding=\"async\" class=\"wp-image-2370 alignleft\" title=\"personne n'est ill\u00e9gal\" alt=\"\" src=\"http:\/\/www.egalite.be\/wp-content\/uploads\/2012\/04\/personne-nest-ill%C3%A9gal.jpg\" width=\"470\" height=\"187\" \/><\/a><\/h3>\n<p>Rendez-vous d\u00e8s 14h00 devant l\u2019entr\u00e9e principale de la Gare Centrale Bruxelles pour un \u00ab rassemblement statique \u00bb.<br \/>\nNous demandons:<br \/>\n(1) Une solution politique pour les sans-papiers de ce pays<br \/>\n(2) Une solution humaine pour les gr\u00e9vistes de la faim dans les plus brefs d\u00e9lai<!--more--><\/p>\n<p align=\"center\"><strong>Parce que <\/strong><strong><br \/>\n<\/strong><\/p>\n<p align=\"center\"><strong>Personne n\u2019est ill<\/strong><strong>\u00e9<\/strong><strong>gal<\/strong><strong> <\/strong><strong>\/<br \/>\n<\/strong><\/p>\n<p align=\"center\"><strong>Geen mens is illegaal<\/strong><\/p>\n<p style=\"text-align: justify;\"><em>Ce que nous voulons par tous les moyens, c\u2019est une libert\u00e9 absolue, une justice absolue, une \u00e9galit\u00e9 absolue. Cela ne varie jamais. \u00catre absolument et imm\u00e9diatement reconnus et respect\u00e9s en tant qu\u2019\u00eatres humains, voil\u00e0 ce que nous voulons tous, et cela ne varie pas. Peu m\u2019importe votre appartenance \u2013 ce qui compte c\u2019est que vous vouliez \u00eatre reconnus pour des \u00eatres humains et respect\u00e9s en tant que tels. Mais au cours du temps, vous avez utilis\u00e9 diverses m\u00e9thodes pour parvenir \u00e0 vos fins. Si vous en avez chang\u00e9, c\u2019est parce qu\u2019il faut modifier les m\u00e9thodes en fonction de la p\u00e9riode et de ses conditions. L\u2019une des conditions dont nous sommes trop peu inform\u00e9s, c\u2019est la liaison entre notre lutte et la lutte de lib\u00e9ration des peuples du monde entier.<a title=\"\" href=\"http:\/\/www.egalite.be\/?paged=63#_edn1\"><strong>[i]<\/strong><\/a> <\/em>Malcom X<em> <\/em><\/p>\n<p style=\"text-align: justify;\">En 1948, les Palestiniens ont connu la Nakba, la \u00ab\u00a0catastrophe\u00a0\u00bb en arabe : la cr\u00e9ation de l\u2019Etat d\u2019Isra\u00ebl sur la terre palestinienne et le d\u00e9but d\u2019un long processus de d\u00e9possession et d\u2019expulsion. Depuis cette date, <strong>les Palestiniens r\u00e9clament leur terre, leurs droits et un Etat<\/strong>, au prix d\u2019une lutte incessante et de nombreuses souffrances.<\/p>\n<p style=\"text-align: justify;\">Il est fondamental de comprendre la situation de ce peuple, priv\u00e9 du droit d\u2019avoir un pays, de vivre chez lui et non dans des camps de r\u00e9fugi\u00e9s ou emmur\u00e9 dans des ghettos, contr\u00f4l\u00e9 sans cesse par une arm\u00e9e d\u2019occupation, de pouvoir cultiver sa terre et r\u00e9colter ses olives, de circuler librement.<\/p>\n<p style=\"text-align: justify;\">Ce 15 avril 2012, la mission \u00ab\u00a0Bienvenue en Palestine\u00a0\u00bb, devait se rendre \u00a0en Cisjordanie, dans les territoires occup\u00e9s par Isra\u00ebl.\u00a0Le but de cette mission \u00e9tait de montrer pacifiquement notre soutien au peuple palestinien, en demandant leur libert\u00e9 de circulation, et par la m\u00eame celle des \u00e9trangers qui se rendent en Palestine.<\/p>\n<p style=\"text-align: justify;\">Les Palestiniens marquent chaque 17 avril la Journ\u00e9e des prisonniers palestiniens.<\/p>\n<p style=\"text-align: justify;\"><em>Dans le cadre de cette \u00ab\u00a0 Journ\u00e9e des prisonniers palestinien\u00a0s\u00a0\u00bb, 2.300 prisonniers ont dit qu\u2019ils refuseraient de se nourrir aujourd\u2019hui et 1.200 autres ont annonc\u00e9 qu\u2019ils entamaient une gr\u00e8ve de la faim<\/em><em>.<\/em><\/p>\n<p style=\"text-align: justify;\">Avec une capacit\u00e9 d\u2019accueil de 11.000 personnes, Isra\u00ebl va construire le plus grand centre pour demandeurs d\u2019asile et r\u00e9fugi\u00e9s au monde, rapporte The Guardian<a title=\"\" href=\"http:\/\/www.egalite.be\/?paged=63#_edn2\">[ii]<\/a>.<\/p>\n<p style=\"text-align: justify;\"><strong>Ce Dimanche 22 avril, les sans-papiers de la VUB seront en gr\u00e8ve de la faim depuis 100 jours. <\/strong><\/p>\n<p style=\"text-align: justify;\">Dans le pass\u00e9, six Palestiniens sont morts derri\u00e8re les barreaux \u00e0 la suite de complications li\u00e9es \u00e0 des gr\u00e8ves de la faim: Abdul Kader Abou al-Fahem (1970), Rasem Halaweh, Anis Dawleh, Ali al-Jaafari et Ishaq Maraha au d\u00e9but des ann\u00e9es 1980, et Hussein Ibeidat en 1992, selon des sources officielles palestiniennes.<\/p>\n<p style=\"text-align: justify;\">Par l\u2019arme de la gr\u00e8ve de la faim, l\u2019arme de leur corps comme seul arme qui leur reste, et autres actions, les prisonniers palestiniens ont d\u00e9clench\u00e9 une vague de solidarit\u00e9 mondiale et ont rejoint les exemples h\u00e9ro\u00efques les plus connus en Europe\u00a0: celui de l\u2019irlandais Bobby Sands et de ses camarades en 1981. Plus que jamais, les prisonniers palestiniens et leur lutte repr\u00e9sentent l\u2019unit\u00e9 et le droit et le devoir \u00e0 la r\u00e9sistance du peuple.<\/p>\n<p style=\"text-align: justify;\">Nous appelons \u00e0 mener tous ensemble,\u00a0une \u00ab\u00a0<strong>Campagne en faveur des droits politiques, sociaux, culturels \u00e0 part enti\u00e8re, de l\u2019\u00e9galit\u00e9 et de la d\u00e9mocratie pour les minorit\u00e9s\u00a0\u00bb<\/strong> dans nos communaut\u00e9s. Une campagne pour les travailleurs sans emploi et discrimin\u00e9s, avec ou sans foulard, dans les entreprises de sous-traitance, dans les emplois sous-pay\u00e9s et temporaires. Une campagne pour l\u2019arr\u00eat de dix ann\u00e9es de guerre et de soutien aux revendications de la r\u00e9sistance. Une campagne contre la torture. Une campagne pour apprendre \u00e0 la classe ouvri\u00e8re europ\u00e9enne la solidarit\u00e9 avec les fr\u00e8res et s\u0153urs en lutte dans le monde arabe et pour organiser des actions de solidarit\u00e9 avec eux.<\/p>\n<p style=\"text-align: justify;\">\u00ab\u00a0Se battre pour la d\u00e9fense des droits sociaux de tous les travailleurs\u00a0\u00bb\u00a0? Certainement. Mais sans omettre tous les points pr\u00e9cit\u00e9s. Faute de quoi une lutte pour les \u00ab\u00a0droits sociaux\u00a0\u00bb n\u2019aboutirait qu\u2019\u00e0 la d\u00e9fense des privil\u00e8ges sociaux d\u2019une aristocratie ouvri\u00e8re et d\u2019une classe moyenne (blanches).\u00a0\u00bb<a title=\"\" href=\"http:\/\/www.egalite.be\/?paged=63#_edn3\">[iii]<\/a>\u00a0\u00bb<\/p>\n<p style=\"text-align: justify;\"><strong><span style=\"text-decoration: underline;\">Nous appelons \u00e0 manifester ce Dimanche 22 Avril. Rendez-vous d\u00e8s 14h00 devant l\u2019entr\u00e9e principale de la Gare Centrale Bruxelles.<a title=\"\" href=\"http:\/\/www.egalite.be\/?paged=63#_edn4\"><strong><span style=\"text-decoration: underline;\">[iv]<\/span><\/strong><\/a> <\/span><\/strong><\/p>\n<p style=\"text-align: justify;\">Tous ceux qui ont manifest\u00e9 ces dernier mois contre les licenciements, les fermetures d\u2019entreprise et l\u2019aust\u00e9rit\u00e9, savent ce qu\u2019est la r\u00e9pression.<\/p>\n<p style=\"text-align: justify;\">Les \u00ab\u00a0sans papier\u00a0\u00bb en savent quelque chose \u00e9galement, toutes les personnes \u00a0\u00ab\u00a0issues de l\u2019immigration\u00a0\u00bb, rel\u00e9gu\u00e9es au rang de citoyens de seconde zone et qui souffrent plus encore que les autres du ch\u00f4mage, de la pr\u00e9carit\u00e9 et de la mis\u00e8re, du racisme et de l\u2019islamophobie en particulier\u00a0; ces jeunes qui, quotidiennement, se font contr\u00f4ler, dans les quartiers populaires, pour d\u00e9lit de sale gueule le savent aussi.<\/p>\n<p style=\"text-align: justify;\">Nous demandons \u00e0 \u00eatre reconnus en tant qu\u2019\u00eatres humains \u00e0 part enti\u00e8re\u00a0: des hommes et des femmes libres de circuler, de vivre et de travailler sous quelque espace que ce soit, sur cette terre qui est notre patrimoine commun.<\/p>\n<p style=\"text-align: left;\">Nous demandons une solution politique pour les sans-papiers de ce pays et une solution imm\u00e9diate humaine pour les gr\u00e9vistes de la faim.<\/p>\n<p><strong>\u00a0\u00a0\u00a0\u00a0\u00a0\u00a0\u00a0\u00a0\u00a0\u00a0\u00a0\u00a0\u00a0\u00a0\u00a0\u00a0\u00a0\u00a0\u00a0\u00a0\u00a0\u00a0\u00a0\u00a0\u00a0\u00a0\u00a0\u00a0\u00a0\u00a0\u00a0\u00a0\u00a0 Soyons tous ensemble solidaires afin que<\/strong> <strong><\/strong><\/p>\n<p style=\"text-align: center;\"><strong>Geen mens is illegaal \/ Personne n\u2019est ill\u00e9gal<strong> !<\/strong><\/strong><\/p>\n<p style=\"text-align: right;\">Nordine Sa\u00efdi<br \/>\nPorte parole d\u2019 \u00c9GALIT\u00c9<\/p>\n<div>\n<hr align=\"left\" size=\"1\" width=\"33%\" \/>\n<div>\n<p><a title=\"\" href=\"http:\/\/www.egalite.be\/?paged=63#_ednref1\">[i]<\/a> <a href=\"http:\/\/www.egalite.be\/?p=1852\">http:\/\/www.egalite.be\/?p=1852<\/a><\/p>\n<\/div>\n<div>\n<p><a title=\"\" href=\"http:\/\/www.egalite.be\/?paged=63#_ednref2\">[ii]<\/a> <a href=\"http:\/\/www.guardian.co.uk\/world\/2012\/apr\/17\/detention-centre-israel-migration\">http:\/\/www.guardian.co.uk\/world\/2012\/apr\/17\/detention-centre-israel-migration<\/a><\/p>\n<\/div>\n<div>\n<p><a title=\"\" href=\"http:\/\/www.egalite.be\/?paged=63#_ednref3\">[iii]<\/a> <a href=\"http:\/\/www.egalite.be\/?p=2034#_edn2\">http:\/\/www.egalite.be\/?p=2034#_edn2<\/a><\/p>\n<\/div>\n<div>\n<p><a title=\"\" href=\"http:\/\/www.egalite.be\/?paged=63#_ednref4\">[iv]<\/a> <a href=\"https:\/\/www.facebook.com\/events\/193806690737431\/\">https:\/\/www.facebook.com\/events\/193806690737431\/<\/a><\/p>\n<\/div>\n<\/div>\n<p><iframe src=\"\/\/www.youtube.com\/embed\/-vh33ycOrc4\" height=\"315\" width=\"420\" allowfullscreen=\"\" frameborder=\"0\"><\/iframe><\/p>\n","protected":false},"excerpt":{"rendered":"<p>Rendez-vous d\u00e8s 14h00 devant l\u2019entr\u00e9e principale de la Gare Centrale Bruxelles pour un \u00ab rassemblement statique \u00bb. Nous demandons: (1) Une solution politique pour les sans-papiers de ce pays (2) Une solution humaine pour les gr\u00e9vistes de la faim dans les plus brefs d\u00e9lai<\/p>\n","protected":false},"author":1,"featured_media":324,"comment_status":"open","ping_status":"open","sticky":false,"template":"","format":"standard","meta":{"footnotes":""},"categories":[21,36,8,18,28,37,39,17],"tags":[31,14,23,13,15],"class_list":["post-1248","post","type-post","status-publish","format-standard","has-post-thumbnail","hentry","category-anti-imperialisme","category-europe","category-prisons","category-resistance-bruxelles","category-racismes","category-romophobie","category-sans-papier","category-video","tag-belgique","tag-bruxelles","tag-discrimination","tag-nordine-saidi","tag-resistance"],"_links":{"self":[{"href":"https:\/\/bruxelles-pantheres.be\/index.php?rest_route=\/wp\/v2\/posts\/1248","targetHints":{"allow":["GET"]}}],"collection":[{"href":"https:\/\/bruxelles-pantheres.be\/index.php?rest_route=\/wp\/v2\/posts"}],"about":[{"href":"https:\/\/bruxelles-pantheres.be\/index.php?rest_route=\/wp\/v2\/types\/post"}],"author":[{"embeddable":true,"href":"https:\/\/bruxelles-pantheres.be\/index.php?rest_route=\/wp\/v2\/users\/1"}],"replies":[{"embeddable":true,"href":"https:\/\/bruxelles-pantheres.be\/index.php?rest_route=%2Fwp%2Fv2%2Fcomments&post=1248"}],"version-history":[{"count":1,"href":"https:\/\/bruxelles-pantheres.be\/index.php?rest_route=\/wp\/v2\/posts\/1248\/revisions"}],"predecessor-version":[{"id":1249,"href":"https:\/\/bruxelles-pantheres.be\/index.php?rest_route=\/wp\/v2\/posts\/1248\/revisions\/1249"}],"wp:featuredmedia":[{"embeddable":true,"href":"https:\/\/bruxelles-pantheres.be\/index.php?rest_route=\/wp\/v2\/media\/324"}],"wp:attachment":[{"href":"https:\/\/bruxelles-pantheres.be\/index.php?rest_route=%2Fwp%2Fv2%2Fmedia&parent=1248"}],"wp:term":[{"taxonomy":"category","embeddable":true,"href":"https:\/\/bruxelles-pantheres.be\/index.php?rest_route=%2Fwp%2Fv2%2Fcategories&post=1248"},{"taxonomy":"post_tag","embeddable":true,"href":"https:\/\/bruxelles-pantheres.be\/index.php?rest_route=%2Fwp%2Fv2%2Ftags&post=1248"}],"curies":[{"name":"wp","href":"https:\/\/api.w.org\/{rel}","templated":true}]}}