{"id":1250,"date":"2012-04-18T00:17:27","date_gmt":"2012-04-17T23:17:27","guid":{"rendered":"https:\/\/bruxelles-pantheres.be\/?p=1250"},"modified":"2013-11-16T00:21:18","modified_gmt":"2013-11-15T23:21:18","slug":"lincomprehension","status":"publish","type":"post","link":"https:\/\/bruxelles-pantheres.be\/?p=1250","title":{"rendered":"L\u2019incompr\u00e9hension"},"content":{"rendered":"<p>Tous nous avons appris que d\u2019h\u00e9ro\u00efques soldats ricains sont venus mourir loin de chez eux pour nous lib\u00e9rer du nazisme. Mais comment se fait-il que nous et nos livres d\u2019histoire ignorions qu\u2019ils furent pr\u00e9c\u00e9d\u00e9s de plus de 900 000 tirailleurs issus des colonies ? Chair \u00e0 canon pour les alli\u00e9s et terreur des nazis, venu du Maroc, d\u2019Alg\u00e9rie, du S\u00e9n\u00e9gal et d\u2019autres pays africains, souvent enr\u00f4l\u00e9s de force ou sous la promesse d\u2019ind\u00e9pendance.<!--more--><br \/>\n<iframe src=\"\/\/www.youtube.com\/embed\/xDOJhUo8jOE\" height=\"315\" width=\"560\" allowfullscreen=\"\" frameborder=\"0\"><\/iframe><\/p>\n","protected":false},"excerpt":{"rendered":"<p>Tous nous avons appris que d\u2019h\u00e9ro\u00efques soldats ricains sont venus mourir loin de chez eux pour nous lib\u00e9rer du nazisme. Mais comment se fait-il que nous et nos livres d\u2019histoire ignorions qu\u2019ils furent pr\u00e9c\u00e9d\u00e9s de plus de 900 000 tirailleurs issus des colonies ? Chair \u00e0 canon pour les alli\u00e9s et terreur des nazis, venu &#8230; <a title=\"L\u2019incompr\u00e9hension\" class=\"read-more\" href=\"https:\/\/bruxelles-pantheres.be\/?p=1250\" aria-label=\"En savoir plus sur L\u2019incompr\u00e9hension\">Lire la suite<\/a><\/p>\n","protected":false},"author":1,"featured_media":1251,"comment_status":"open","ping_status":"open","sticky":false,"template":"","format":"standard","meta":{"footnotes":""},"categories":[21,24,36,18,17],"tags":[31,14,23,38,30],"class_list":["post-1250","post","type-post","status-publish","format-standard","has-post-thumbnail","hentry","category-anti-imperialisme","category-belgique-maroc","category-europe","category-resistance-bruxelles","category-video","tag-belgique","tag-bruxelles","tag-discrimination","tag-guerre","tag-maroc"],"_links":{"self":[{"href":"https:\/\/bruxelles-pantheres.be\/index.php?rest_route=\/wp\/v2\/posts\/1250","targetHints":{"allow":["GET"]}}],"collection":[{"href":"https:\/\/bruxelles-pantheres.be\/index.php?rest_route=\/wp\/v2\/posts"}],"about":[{"href":"https:\/\/bruxelles-pantheres.be\/index.php?rest_route=\/wp\/v2\/types\/post"}],"author":[{"embeddable":true,"href":"https:\/\/bruxelles-pantheres.be\/index.php?rest_route=\/wp\/v2\/users\/1"}],"replies":[{"embeddable":true,"href":"https:\/\/bruxelles-pantheres.be\/index.php?rest_route=%2Fwp%2Fv2%2Fcomments&post=1250"}],"version-history":[{"count":1,"href":"https:\/\/bruxelles-pantheres.be\/index.php?rest_route=\/wp\/v2\/posts\/1250\/revisions"}],"predecessor-version":[{"id":1252,"href":"https:\/\/bruxelles-pantheres.be\/index.php?rest_route=\/wp\/v2\/posts\/1250\/revisions\/1252"}],"wp:featuredmedia":[{"embeddable":true,"href":"https:\/\/bruxelles-pantheres.be\/index.php?rest_route=\/wp\/v2\/media\/1251"}],"wp:attachment":[{"href":"https:\/\/bruxelles-pantheres.be\/index.php?rest_route=%2Fwp%2Fv2%2Fmedia&parent=1250"}],"wp:term":[{"taxonomy":"category","embeddable":true,"href":"https:\/\/bruxelles-pantheres.be\/index.php?rest_route=%2Fwp%2Fv2%2Fcategories&post=1250"},{"taxonomy":"post_tag","embeddable":true,"href":"https:\/\/bruxelles-pantheres.be\/index.php?rest_route=%2Fwp%2Fv2%2Ftags&post=1250"}],"curies":[{"name":"wp","href":"https:\/\/api.w.org\/{rel}","templated":true}]}}