{"id":1253,"date":"2012-04-14T00:21:53","date_gmt":"2012-04-13T23:21:53","guid":{"rendered":"https:\/\/bruxelles-pantheres.be\/?p=1253"},"modified":"2013-11-16T00:23:51","modified_gmt":"2013-11-15T23:23:51","slug":"une-fleur-contre-les-discriminations","status":"publish","type":"post","link":"https:\/\/bruxelles-pantheres.be\/?p=1253","title":{"rendered":"Une fleur contre les discriminations\u2026"},"content":{"rendered":"<p>&nbsp;<\/p>\n<div class=\"entry-content\">\n<pre><a href=\"http:\/\/fewla.be\/?p=149\">une fleur contre les discriminations\u2026<\/a><\/pre>\n<div>Publi\u00e9 le <a href=\"http:\/\/fewla.be\/?p=149\">13 avril 2012<\/a> par <a title=\"Articles par mediActivista\" href=\"http:\/\/fewla.be\/?author=2\" rel=\"author\">mediActivista<\/a><\/div>\n<div>\n<p><a href=\"http:\/\/fewla.be\/wp-content\/uploads\/2012\/04\/Daniel-Zamudio.jpg\"><img decoding=\"async\" class=\"alignleft\" title=\"Daniel Zamudio\" alt=\"\" src=\"http:\/\/fewla.be\/wp-content\/uploads\/2012\/04\/Daniel-Zamudio.jpg\" width=\"282\" height=\"192\" \/><\/a><\/p>\n<p style=\"text-align: justify;\">Daniel Zamudio, 24 ans, vient de succomber \u00e0 ses blessures ce mardi 27 mars<br \/>\n\u00e0 l\u2019h\u00f4pital Posta Central \u00e0 Santiago du Chili.<\/p>\n<p style=\"text-align: justify;\">Ce jeune homme a \u00e9t\u00e9 battu \u00e0 mort, tortur\u00e9 des heures durant le 3 mars dernier, dans le parc San Borja, par quatre individus n\u00e9onazis connus pour leur m\u00e9faits homophobes et x\u00e9nophobes mais jamais inqui\u00e9t\u00e9s, en raison de son orientation sexuelle\u2026<\/p>\n<p>Il s\u2019est \u00e9teint au bout de 25 jours d\u2019agonie\u2026<!--more--><\/p>\n<p style=\"text-align: justify;\">La droite *opus deiste* en place bloque une loi sur la diversit\u00e9 sexuelle (entre autres) depuis 2005; celle-ci se d\u00e9clare compatissante \u00e0 la douleur ressentie par ce crime, mais n\u2019entend pas changer son vote, car cela ouvrirait les portes aux mariages gays qu\u2019elle juge contre-nature!<\/p>\n<p>Voici un extrait d\u2019une lettre anonyme d\u00e9pos\u00e9e \u00e0 l\u2019h\u00f4pital:<\/p>\n<p style=\"text-align: justify;\">*\u00a0\u00bbPardon, parce qu\u2019inexplicablement nous continuerons \u00e0 nous abrutir devant<br \/>\ndes matches de foot et la farandole d\u2019\u00e9missions TV people. Et ta mort ne sera qu\u2019une date de plus dans la chronologie de ce Chili de merde. (\u2026.)<br \/>\nPardon car ce pays dont nous r\u00eavions est d\u00e9faufil\u00e9, confus par les id\u00e9ologies d\u2019un \u00ab\u00a0Dieu\u00a0\u00bb sexiste, oppresseur et homophobe (\u2026.)\u00a0\u00bb.<\/p>\n<p><a href=\"http:\/\/www.egalite.be\/?p=2116\">Ce samedi 31 mars 2012, FEWLA a voulu rendre hommage \u00e0 Daniel Zamudio avec cette action symbolique \u00ab\u00a0\u2026une fleur contre les discriminations, une loi pour que plus jamais!\u00a0\u00bb \u00e0 l\u2019ambassade du Chili \u00e0 Bruxelles.<\/a><\/p>\n<p>+photos <a href=\"http:\/\/www.flickr.com\/photos\/mediactivista\/sets\/72157629724095501\/\">ici<\/a><\/p>\n<\/div>\n<\/div>\n","protected":false},"excerpt":{"rendered":"<p>&nbsp; une fleur contre les discriminations\u2026 Publi\u00e9 le 13 avril 2012 par mediActivista Daniel Zamudio, 24 ans, vient de succomber \u00e0 ses blessures ce mardi 27 mars \u00e0 l\u2019h\u00f4pital Posta Central \u00e0 Santiago du Chili. Ce jeune homme a \u00e9t\u00e9 battu \u00e0 mort, tortur\u00e9 des heures durant le 3 mars dernier, dans le parc San &#8230; <a title=\"Une fleur contre les discriminations\u2026\" class=\"read-more\" href=\"https:\/\/bruxelles-pantheres.be\/?p=1253\" aria-label=\"En savoir plus sur Une fleur contre les discriminations\u2026\">Lire la suite<\/a><\/p>\n","protected":false},"author":1,"featured_media":1254,"comment_status":"open","ping_status":"open","sticky":false,"template":"","format":"standard","meta":{"footnotes":""},"categories":[35,42,28],"tags":[31,14,23,13,15],"class_list":["post-1253","post","type-post","status-publish","format-standard","has-post-thumbnail","hentry","category-amerique-du-sud","category-homophobie","category-racismes","tag-belgique","tag-bruxelles","tag-discrimination","tag-nordine-saidi","tag-resistance"],"_links":{"self":[{"href":"https:\/\/bruxelles-pantheres.be\/index.php?rest_route=\/wp\/v2\/posts\/1253","targetHints":{"allow":["GET"]}}],"collection":[{"href":"https:\/\/bruxelles-pantheres.be\/index.php?rest_route=\/wp\/v2\/posts"}],"about":[{"href":"https:\/\/bruxelles-pantheres.be\/index.php?rest_route=\/wp\/v2\/types\/post"}],"author":[{"embeddable":true,"href":"https:\/\/bruxelles-pantheres.be\/index.php?rest_route=\/wp\/v2\/users\/1"}],"replies":[{"embeddable":true,"href":"https:\/\/bruxelles-pantheres.be\/index.php?rest_route=%2Fwp%2Fv2%2Fcomments&post=1253"}],"version-history":[{"count":1,"href":"https:\/\/bruxelles-pantheres.be\/index.php?rest_route=\/wp\/v2\/posts\/1253\/revisions"}],"predecessor-version":[{"id":1255,"href":"https:\/\/bruxelles-pantheres.be\/index.php?rest_route=\/wp\/v2\/posts\/1253\/revisions\/1255"}],"wp:featuredmedia":[{"embeddable":true,"href":"https:\/\/bruxelles-pantheres.be\/index.php?rest_route=\/wp\/v2\/media\/1254"}],"wp:attachment":[{"href":"https:\/\/bruxelles-pantheres.be\/index.php?rest_route=%2Fwp%2Fv2%2Fmedia&parent=1253"}],"wp:term":[{"taxonomy":"category","embeddable":true,"href":"https:\/\/bruxelles-pantheres.be\/index.php?rest_route=%2Fwp%2Fv2%2Fcategories&post=1253"},{"taxonomy":"post_tag","embeddable":true,"href":"https:\/\/bruxelles-pantheres.be\/index.php?rest_route=%2Fwp%2Fv2%2Ftags&post=1253"}],"curies":[{"name":"wp","href":"https:\/\/api.w.org\/{rel}","templated":true}]}}