{"id":1271,"date":"2012-04-11T22:46:55","date_gmt":"2012-04-11T21:46:55","guid":{"rendered":"https:\/\/bruxelles-pantheres.be\/?p=1271"},"modified":"2013-11-17T22:49:12","modified_gmt":"2013-11-17T21:49:12","slug":"le-piege-de-dublin-la-face-cachee-de-la-crise-grecque","status":"publish","type":"post","link":"https:\/\/bruxelles-pantheres.be\/?p=1271","title":{"rendered":"Le Pi\u00e8ge de Dublin: la face cach\u00e9e de la crise grecque"},"content":{"rendered":"<p>A travers l\u2019histoire d\u2019un demandeur d\u2019asile afghan qui a remport\u00e9 une victoire historique \u00e0\u00a0 la Cour Europ\u00e9enne des Droits de l\u2019Homme, ce film jette un regard nouveau sur les cons\u00e9quences des politiques migratoires dans un pays mis \u00e0 genoux par la crise \u00e9conomique: la Gr\u00e8ce.<\/p>\n<p>\u00ab\u00a0Le Pi\u00e8ge de Dublin\u00a0\u00bb interroge politiciens, intellectuels, militants, immigr\u00e9s et extr\u00e9mistes afin de comprendre comment des mesures d\u2019aust\u00e9rit\u00e9, combin\u00e9es \u00e0\u00a0 une vague migratoire sans pr\u00e9c\u00e9dent et un syst\u00e8me de rapatriement europ\u00e9en in\u00e9quitable connu sous le nom de Dublin II, engendrent des tensions raciales, une mont\u00e9e du nationalisme et une crise humanitaire aux fronti\u00e8res ext\u00e9rieures de l\u2019Europe.<\/p>\n<p><!--more--><iframe src=\"\/\/player.vimeo.com\/video\/38192532\" height=\"281\" width=\"500\" allowfullscreen=\"\"><\/iframe><\/p>\n<p>R\u00e9alis\u00e9 par Bryan Carter &amp; Sean Carter<br \/>\nRecherche &amp; Traduction: Angeliki Katsoulaki<br \/>\nEcriture &amp; Narration: Bryan Carter<br \/>\nImage &amp; Montage: Sean Carter<br \/>\nSon: John-Patrick Goffin<br \/>\nEtalonnage: Youri Van Cutsem<\/p>\n<p><a href=\"http:\/\/vimeo.com\/38192532\">Le Pi\u00e8ge de Dublin: la face cach\u00e9e de la crise grecque<\/a> from <a href=\"http:\/\/vimeo.com\/bryancarter\">Bryan Carter<\/a> on <a href=\"http:\/\/vimeo.com\">Vimeo<\/a>.<\/p>\n","protected":false},"excerpt":{"rendered":"<p>A travers l\u2019histoire d\u2019un demandeur d\u2019asile afghan qui a remport\u00e9 une victoire historique \u00e0\u00a0 la Cour Europ\u00e9enne des Droits de l\u2019Homme, ce film jette un regard nouveau sur les cons\u00e9quences des politiques migratoires dans un pays mis \u00e0 genoux par la crise \u00e9conomique: la Gr\u00e8ce. \u00ab\u00a0Le Pi\u00e8ge de Dublin\u00a0\u00bb interroge politiciens, intellectuels, militants, immigr\u00e9s et &#8230; <a title=\"Le Pi\u00e8ge de Dublin: la face cach\u00e9e de la crise grecque\" class=\"read-more\" href=\"https:\/\/bruxelles-pantheres.be\/?p=1271\" aria-label=\"En savoir plus sur Le Pi\u00e8ge de Dublin: la face cach\u00e9e de la crise grecque\">Lire la suite<\/a><\/p>\n","protected":false},"author":1,"featured_media":446,"comment_status":"open","ping_status":"open","sticky":false,"template":"","format":"standard","meta":{"footnotes":""},"categories":[21,36,28,39,17],"tags":[],"class_list":["post-1271","post","type-post","status-publish","format-standard","has-post-thumbnail","hentry","category-anti-imperialisme","category-europe","category-racismes","category-sans-papier","category-video"],"_links":{"self":[{"href":"https:\/\/bruxelles-pantheres.be\/index.php?rest_route=\/wp\/v2\/posts\/1271","targetHints":{"allow":["GET"]}}],"collection":[{"href":"https:\/\/bruxelles-pantheres.be\/index.php?rest_route=\/wp\/v2\/posts"}],"about":[{"href":"https:\/\/bruxelles-pantheres.be\/index.php?rest_route=\/wp\/v2\/types\/post"}],"author":[{"embeddable":true,"href":"https:\/\/bruxelles-pantheres.be\/index.php?rest_route=\/wp\/v2\/users\/1"}],"replies":[{"embeddable":true,"href":"https:\/\/bruxelles-pantheres.be\/index.php?rest_route=%2Fwp%2Fv2%2Fcomments&post=1271"}],"version-history":[{"count":1,"href":"https:\/\/bruxelles-pantheres.be\/index.php?rest_route=\/wp\/v2\/posts\/1271\/revisions"}],"predecessor-version":[{"id":1272,"href":"https:\/\/bruxelles-pantheres.be\/index.php?rest_route=\/wp\/v2\/posts\/1271\/revisions\/1272"}],"wp:featuredmedia":[{"embeddable":true,"href":"https:\/\/bruxelles-pantheres.be\/index.php?rest_route=\/wp\/v2\/media\/446"}],"wp:attachment":[{"href":"https:\/\/bruxelles-pantheres.be\/index.php?rest_route=%2Fwp%2Fv2%2Fmedia&parent=1271"}],"wp:term":[{"taxonomy":"category","embeddable":true,"href":"https:\/\/bruxelles-pantheres.be\/index.php?rest_route=%2Fwp%2Fv2%2Fcategories&post=1271"},{"taxonomy":"post_tag","embeddable":true,"href":"https:\/\/bruxelles-pantheres.be\/index.php?rest_route=%2Fwp%2Fv2%2Ftags&post=1271"}],"curies":[{"name":"wp","href":"https:\/\/api.w.org\/{rel}","templated":true}]}}