{"id":1277,"date":"2012-04-09T22:58:10","date_gmt":"2012-04-09T21:58:10","guid":{"rendered":"https:\/\/bruxelles-pantheres.be\/?p=1277"},"modified":"2013-11-17T23:00:06","modified_gmt":"2013-11-17T22:00:06","slug":"les-grevistes-de-la-faim-ont-une-revendication-legitime","status":"publish","type":"post","link":"https:\/\/bruxelles-pantheres.be\/?p=1277","title":{"rendered":"\u00ab Les gr\u00e9vistes de la faim ont une revendication l\u00e9gitime \u00bb"},"content":{"rendered":"<p><strong>Trois questions \u00e0 Alexis Deswaef.<!--more--><\/strong><\/p>\n<p>&nbsp;<\/p>\n<table border=\"0\" cellspacing=\"0\" cellpadding=\"2\" align=\"right\">\n<tbody>\n<tr>\n<td><\/td>\n<\/tr>\n<tr>\n<td>St\u00e9phanie Lecocq<\/td>\n<\/tr>\n<\/tbody>\n<\/table>\n<p>&nbsp;<\/p>\n<p>Alexis Deswaef est avocat. Il est aujourd\u2019hui par ailleurs pr\u00e9sident de la Ligue des droits de l\u2019homme.<\/p>\n<p>&nbsp;<\/p>\n<p><strong><em>La Ligue soutient-elle la gr\u00e8ve de la faim men\u00e9e \u00e0 la VUB ?<\/em><\/strong><\/p>\n<p>&nbsp;<\/p>\n<p>La Ligue est contre la gr\u00e8ve de la faim. Nous estimons que cela ne devrait pas \u00eatre n\u00e9cessaire. Mais nous relevons quand m\u00eame que c\u2019est une action non violente, men\u00e9e par des gens compl\u00e8tement d\u00e9sesp\u00e9r\u00e9s qui ont une revendication l\u00e9gitime. Gandhi a aussi men\u00e9 des gr\u00e8ves de la faim. Personne n\u2019a jamais dit qu\u2019il faisait du chantage. Il y a une revendication l\u00e9gitime et fond\u00e9e en droit. Les gr\u00e9vistes estiment qu\u2019il n\u2019y a pas d\u2019autres moyens de se faire entendre.<\/p>\n<p>&nbsp;<\/p>\n<p><strong><em>En quoi estimez-vous que leur revendication est l\u00e9gitime et fond\u00e9e en droit ?<\/em><\/strong><\/p>\n<p>&nbsp;<\/p>\n<p>Lors de la campagne de r\u00e9gularisation de 2009, un crit\u00e8re de r\u00e9gularisation par le travail avait \u00e9t\u00e9 pr\u00e9vu. Nous pensions \u00e0 l\u2019\u00e9poque que la grosse majorit\u00e9 des sans-papiers seraient r\u00e9gularis\u00e9s sur la base de ce crit\u00e8re-l\u00e0. Or cela n\u2019a pas \u00e9t\u00e9 le cas. La proc\u00e9dure a \u00e9t\u00e9 beaucoup trop longue. Deux ans et demi apr\u00e8s le d\u00e9but de la campagne, certaines personnes qui avaient fait une demande de r\u00e9gularisation par le travail n\u2019ont toujours pas eu de r\u00e9ponse. Les employeurs qui, \u00e0 l\u2019\u00e9poque, leur avaient promis un contrat d\u2019embauche ouvrant la voie \u00e0 une r\u00e9gularisation ont d\u00fb attendre deux ans avant de recevoir l\u2019autorisation de demander un permis de travail. Bien souvent, ils n\u2019avaient pas attendu et avaient engag\u00e9 quelqu\u2019un d\u2019autre. Au bout du compte, il n\u2019y a eu que quelques centaines de personnes r\u00e9gularis\u00e9es sur la base d\u2019un contrat de travail. On pensait qu\u2019il y en aurait des milliers. Voil\u00e0 pourquoi la revendication des gr\u00e9vistes de la faim de la VUB est l\u00e9gitime. Un certain nombre d\u2019entre eux ont \u00e9t\u00e9 \u00e9cart\u00e9s en 2009 alors qu\u2019ils y avaient droit. Mais ils peuvent trouver un emploi, ils peuvent donc vivre en Belgique sans d\u00e9pendre de la collectivit\u00e9 On pourrait leur donner un permis de travail et un titre de s\u00e9jour provisoires. Si, apr\u00e8s un d\u00e9lai de six mois ou d\u2019un an, ils ne sont pas effectivement au travail, alors ils recevraient un ordre de quitter le territoire.<\/p>\n<p>&nbsp;<\/p>\n<p><strong><em>Est-ce que cela ne serait pas un curieux signal ?<\/em><\/strong><\/p>\n<p>&nbsp;<\/p>\n<p>Je ne pense pas qu\u2019en faisant cela, on donne un ch\u00e8que en blanc aux demandeurs \u2013 ils doivent travailler effectivement \u2013 et la ministre ne sort pas de son pouvoir discr\u00e9tionnaire. On sait que le vieillissement de la population conduira \u00e0 un manque de travailleurs actifs et qu\u2019il faudra faire venir de la main-d\u2019\u0153uvre \u00e9trang\u00e8re pour occuper les postes vacants. Ne serait-il pas plus rationnel d\u2019int\u00e9grer par le travail des gens qui sont d\u00e9j\u00e0 en Belgique et y sont int\u00e9gr\u00e9s plut\u00f4t que de faire venir, dans quelques ann\u00e9es, de la main-d\u2019\u0153uvre de l\u2019\u00e9tranger, qu\u2019il faudra former ?<\/p>\n<p>&nbsp;<\/p>\n<hr size=\"1\" \/>\n<p>Cet article provient de <strong>http:\/\/www.lalibre.be<\/strong><\/p>\n<p>Mis en ligne le 09\/04\/2012<\/p>\n","protected":false},"excerpt":{"rendered":"<p>Trois questions \u00e0 Alexis Deswaef.<\/p>\n","protected":false},"author":1,"featured_media":1230,"comment_status":"open","ping_status":"open","sticky":false,"template":"","format":"standard","meta":{"footnotes":""},"categories":[24,36,39],"tags":[],"class_list":["post-1277","post","type-post","status-publish","format-standard","has-post-thumbnail","hentry","category-belgique-maroc","category-europe","category-sans-papier"],"_links":{"self":[{"href":"https:\/\/bruxelles-pantheres.be\/index.php?rest_route=\/wp\/v2\/posts\/1277","targetHints":{"allow":["GET"]}}],"collection":[{"href":"https:\/\/bruxelles-pantheres.be\/index.php?rest_route=\/wp\/v2\/posts"}],"about":[{"href":"https:\/\/bruxelles-pantheres.be\/index.php?rest_route=\/wp\/v2\/types\/post"}],"author":[{"embeddable":true,"href":"https:\/\/bruxelles-pantheres.be\/index.php?rest_route=\/wp\/v2\/users\/1"}],"replies":[{"embeddable":true,"href":"https:\/\/bruxelles-pantheres.be\/index.php?rest_route=%2Fwp%2Fv2%2Fcomments&post=1277"}],"version-history":[{"count":1,"href":"https:\/\/bruxelles-pantheres.be\/index.php?rest_route=\/wp\/v2\/posts\/1277\/revisions"}],"predecessor-version":[{"id":1278,"href":"https:\/\/bruxelles-pantheres.be\/index.php?rest_route=\/wp\/v2\/posts\/1277\/revisions\/1278"}],"wp:featuredmedia":[{"embeddable":true,"href":"https:\/\/bruxelles-pantheres.be\/index.php?rest_route=\/wp\/v2\/media\/1230"}],"wp:attachment":[{"href":"https:\/\/bruxelles-pantheres.be\/index.php?rest_route=%2Fwp%2Fv2%2Fmedia&parent=1277"}],"wp:term":[{"taxonomy":"category","embeddable":true,"href":"https:\/\/bruxelles-pantheres.be\/index.php?rest_route=%2Fwp%2Fv2%2Fcategories&post=1277"},{"taxonomy":"post_tag","embeddable":true,"href":"https:\/\/bruxelles-pantheres.be\/index.php?rest_route=%2Fwp%2Fv2%2Ftags&post=1277"}],"curies":[{"name":"wp","href":"https:\/\/api.w.org\/{rel}","templated":true}]}}